{"id":107370,"date":"2025-05-17T16:35:08","date_gmt":"2025-05-17T16:35:08","guid":{"rendered":"https:\/\/www.europesays.com\/fr\/107370\/"},"modified":"2025-05-17T16:35:08","modified_gmt":"2025-05-17T16:35:08","slug":"une-doctorante-laureate-de-la-fondation-de-la-mer","status":"publish","type":"post","link":"https:\/\/www.europesays.com\/fr\/107370\/","title":{"rendered":"une doctorante laur\u00e9ate de la Fondation de la Mer"},"content":{"rendered":"<p>            Par<br \/>\n        <strong><br \/>\n            <a href=\"https:\/\/actu.fr\/auteur\/g-martin\" title=\"Consulter tous les articles de Gil Martin\" rel=\"nofollow noopener\" target=\"_blank\">Gil Martin<\/a><br \/>\n        <\/strong><\/p>\n<p>        Publi\u00e9 le<\/p>\n<p>            17 mai 2025 \u00e0 17h42        <\/p>\n<p><strong>Jeune doctorante<\/strong> au sein de l\u2019Unit\u00e9 Mixte de Recherche Biodiversit\u00e9 Marine, Exploitation et Conservation du <strong>laboratoire MARBEC<\/strong> de l\u2019Universit\u00e9 de Montpellier, Victoria Delannoy, fait partie des 5 laur\u00e9ats 2025 du Prix Bourse de la Fondation de la Mer.<\/p>\n<p>Connaissance et pr\u00e9servation<\/p>\n<p class=\" wall-content\">Ces prix r\u00e9compensent et soutiennent des jeunes scientifiques engag\u00e9s pour la pr\u00e9servation des oc\u00e9ans. \u00ab Leurs travaux contribuent \u00e0 <strong>une meilleure connaissance<\/strong> des oc\u00e9ans et des mers, mais aussi et surtout \u00e0 <strong>leur pr\u00e9servation<\/strong> \u00bb, rappelle la Fondation de la Mer. Victoria Delannoy a travaill\u00e9 sur une th\u00e8se intitul\u00e9e \u00ab Impacts des canicules marines sur les poissons m\u00e9diterran\u00e9ens \u00bb.<\/p>\n<p>La saupe, objet de l\u2019\u00e9tude<\/p>\n<p class=\" wall-content\">Pour \u00e9valuer<strong> l\u2019impact<\/strong> de ces \u00e9v\u00e9nement, \u00ab\u00a0de plus en plus fr\u00e9quents et intenses\u00a0\u00bb, rappelle la Fondation, la scientifique s\u2019est tout particuli\u00e8rement int\u00e9ress\u00e9e \u00e0 un <strong>poisson m\u00e9diterran\u00e9en, la saupe<\/strong>, \u00e9tudiant 7 param\u00e8tres indicateurs de leur \u00e9tat de sant\u00e9, dont la croissance, la composition de la flore intestinale, l\u2019alimentation, ou encore des aspects plus complexes de leur biologie \u00e0 l\u2019\u00e9chelle cellulaire.<\/p>\n<p>    <a href=\"https:\/\/www.google.com\/maps\/embed?pb=!1m18!1m12!1m3!1d2887.804318929111!2d3.864731411354947!3d43.631431570982635!2m3!1f0!2f0!3f0!3m2!1i1024!2i768!4f13.1!3m3!1m2!1s0x12b6aede7435306d%3A0x2b7c8bb256c1fbca!2sMarbec%20%22Marine%20Biodiversity%20Exploitation%20and%20Conservation%22!5e0!3m2!1sfr!2sfr!4v1745523320523!5m2!1sfr!2sfr\" title=\"Ouvrie le lien\" rel=\"nofollow noopener\" target=\"_blank\">Cliquez ici pour visualiser le contenu<\/a><\/p>\n<p class=\" wall-content\">Ses travaux lui ont permis de d\u00e9crocher la <strong>bourse M\u00e9diterran\u00e9e<\/strong>, la Fondation mettant en valeur \u00ab\u00a0une approche int\u00e9grative visant \u00e0 identifier et mesurer <strong>les stress physiologiques<\/strong> induits par ces canicules marines sur ces poissons en milieu naturel \u00bb.<\/p>\n<p>Vid\u00e9os : en ce moment sur ActuUn prix pour mieux comprendre et prot\u00e9ger les oc\u00e9ans<\/p>\n<p>Depuis la cr\u00e9ation du prix en 2016, la Fondation de la Mer s\u2019attache \u00e0 encourager une recherche exigeante et engag\u00e9e, dans tous les champs scientifiques. \u00c0 ce jour, 35 laur\u00e9ats ont d\u00e9j\u00e0 \u00e9t\u00e9 accompagn\u00e9s. Gr\u00e2ce \u00e0 cette bourse, la Fondation de la Mer, avec pr\u00e8s de 170 \u00e9coles doctorales mobilis\u00e9es, lance le 1er r\u00e9seau de jeunes chercheurs de diff\u00e9rents horizons engag\u00e9s dans une meilleure connaissance du monde maritime, que ce soit en Sciences Oc\u00e9anographiques, Sciences Humaines et Sociales, mais aussi en Droit de la mer ou Histoire.<\/p>\n<p class=\" wall-content\">Suivez toute l\u2019actualit\u00e9 de vos villes et m\u00e9dias favoris en vous inscrivant \u00e0 <a href=\"https:\/\/moncompte.actu.fr\" title=\"D\u00e9couvez Mon Actu\" rel=\"nofollow noopener\" data-trk=\"{&quot;cta&quot;:{&quot;action&quot;:&quot;https:\\\/\\\/moncompte.actu.fr&quot;,&quot;category&quot;:&quot;mon compte&quot;,&quot;from&quot;:&quot;article footer&quot;,&quot;name&quot;:&quot;Mon actu&quot;,&quot;type&quot;:&quot;cta&quot;}}\" target=\"_blank\">Mon Actu<\/a>.<\/p>\n","protected":false},"excerpt":{"rendered":"Par Gil Martin Publi\u00e9 le 17 mai 2025 \u00e0 17h42 Jeune doctorante au sein de l\u2019Unit\u00e9 Mixte de&hellip;\n","protected":false},"author":2,"featured_media":107371,"comment_status":"","ping_status":"","sticky":false,"template":"","format":"standard","meta":{"footnotes":""},"categories":[9599],"tags":[1111,11,1777,674,1011,27,2208,12,2680,25,2631],"class_list":{"0":"post-107370","1":"post","2":"type-post","3":"status-publish","4":"format-standard","5":"has-post-thumbnail","7":"category-montpellier","8":"tag-actu","9":"tag-actualites","10":"tag-eu","11":"tag-europe","12":"tag-fr","13":"tag-france","14":"tag-montpellier","15":"tag-news","16":"tag-occitanie","17":"tag-republique-francaise","18":"tag-sciences-technologie"},"share_on_mastodon":{"url":"https:\/\/pubeurope.com\/@fr\/114524148452813237","error":""},"_links":{"self":[{"href":"https:\/\/www.europesays.com\/fr\/wp-json\/wp\/v2\/posts\/107370","targetHints":{"allow":["GET"]}}],"collection":[{"href":"https:\/\/www.europesays.com\/fr\/wp-json\/wp\/v2\/posts"}],"about":[{"href":"https:\/\/www.europesays.com\/fr\/wp-json\/wp\/v2\/types\/post"}],"author":[{"embeddable":true,"href":"https:\/\/www.europesays.com\/fr\/wp-json\/wp\/v2\/users\/2"}],"replies":[{"embeddable":true,"href":"https:\/\/www.europesays.com\/fr\/wp-json\/wp\/v2\/comments?post=107370"}],"version-history":[{"count":0,"href":"https:\/\/www.europesays.com\/fr\/wp-json\/wp\/v2\/posts\/107370\/revisions"}],"wp:featuredmedia":[{"embeddable":true,"href":"https:\/\/www.europesays.com\/fr\/wp-json\/wp\/v2\/media\/107371"}],"wp:attachment":[{"href":"https:\/\/www.europesays.com\/fr\/wp-json\/wp\/v2\/media?parent=107370"}],"wp:term":[{"taxonomy":"category","embeddable":true,"href":"https:\/\/www.europesays.com\/fr\/wp-json\/wp\/v2\/categories?post=107370"},{"taxonomy":"post_tag","embeddable":true,"href":"https:\/\/www.europesays.com\/fr\/wp-json\/wp\/v2\/tags?post=107370"}],"curies":[{"name":"wp","href":"https:\/\/api.w.org\/{rel}","templated":true}]}}