{"id":107374,"date":"2025-05-17T16:37:12","date_gmt":"2025-05-17T16:37:12","guid":{"rendered":"https:\/\/www.europesays.com\/fr\/107374\/"},"modified":"2025-05-17T16:37:12","modified_gmt":"2025-05-17T16:37:12","slug":"des-personnes-agees-exposent-leurs-oeuvres-pres-de-rouen","status":"publish","type":"post","link":"https:\/\/www.europesays.com\/fr\/107374\/","title":{"rendered":"des personnes \u00e2g\u00e9es exposent leurs \u0153uvres, pr\u00e8s de Rouen"},"content":{"rendered":"<p>            Par<br \/>\n        <strong><br \/>\n            <a href=\"https:\/\/actu.fr\/auteur\/jessie-leclerc\" title=\"Consulter tous les articles de Jessie Leclerc\" target=\"_blank\" rel=\"noopener\">Jessie Leclerc<\/a><br \/>\n        <\/strong><\/p>\n<p>        Publi\u00e9 le<\/p>\n<p>            17 mai 2025 \u00e0 17h48        <\/p>\n<p>Il y a des artistes en herbe \u00e0 la r\u00e9sidence des Aub\u00e9pins de <strong>Maromme<\/strong>, pr\u00e8s de <a href=\"https:\/\/actu.fr\/normandie\/rouen_76540\" target=\"_blank\" rel=\"noopener\">Rouen (Seine-Maritime)<\/a>. Des personnes \u00e2g\u00e9es de l\u2019Ehpad d\u00e9voilent leurs propres \u0153uvres dans <a href=\"https:\/\/actu.fr\/normandie\/petit-couronne_76497\/expo-a-rouen-vous-connaissez-pierre-mais-connaissez-vous-thomas-l-autre-corneille_62567286.html\" target=\"_blank\" rel=\"noopener\">une exposition in\u00e9dite<\/a> et quelque <strong>peu insolite<\/strong> qui se tient jusqu\u2019\u00e0 la fin du mois de mai\u00a02025 dans l\u2019enceinte m\u00eame de la r\u00e9sidence.<\/p>\n<p>Quatre artistes<\/p>\n<p class=\" wall-content\">Il n\u2019y a pas d\u2019\u00e2ge pour se mettre \u00e0 l\u2019art, <strong>pas d\u2019\u00e2ge pour se faire conna\u00eetre<\/strong> et mettre son travail au grand jour. Fran\u00e7ois Dupuis, Monique De la Rue, Michel Dubost et Mauricette Poultier <strong>quatre r\u00e9sidents de l\u2019Ehpad des Aub\u00e9pins<\/strong> l\u2019ont bien compris. Tous exposent avec fiert\u00e9 leurs \u0153uvres, et il y en a pour tous les go\u00fbts. Fran\u00e7ois est auteur de bande dessin\u00e9e, Monique pastelliste, Michel photographe et Mauricette <a href=\"https:\/\/actu.fr\/normandie\/rouen_76540\/nouveau-a-rouen-cocoon-art-mele-salon-de-the-et-atelier-de-peinture_61467507.html\" target=\"_blank\" rel=\"noopener\">aquarelliste<\/a>.<\/p>\n<p class=\" wall-content\">\u00ab\u2009C\u2019est positif de voir que l\u2019on est consid\u00e9r\u00e9 et que l\u2019on va pouvoir montrer notre travail\u2009\u00bb, confiait Mauricette avant le lancement de l\u2019exposition.<\/p>\n<p>    <img   decoding=\"async\" loading=\"lazy\" src=\"https:\/\/www.europesays.com\/fr\/wp-content\/uploads\/2025\/05\/20250507-183413-960x640.jpg\" alt=\"De vrais artistes se cachent dans cet Ehpad pr\u00e8s de Rouen (Seine-Maritime). En ce mois de mai 2025, ils organisent leur propre exposition.\" width=\"960\" height=\"640\"\/><br \/>\n    De vrais artistes se cachent dans cet Ehpad pr\u00e8s de Rouen (Seine-Maritime). En ce mois de mai 2025, ils organisent leur propre exposition. (\u00a9Document transmis\/Les Aub\u00e9pins)<\/p>\n<p class=\" wall-content\">Et certains artistes de renom n\u2019ont rien \u00e0 leur envier. Les d\u00e9tails sont pr\u00e9cis, les couleurs s\u2019harmonisent et les styles se rencontrent. Par exemple, \u00ab\u2009les photos de Michel sont vraiment r\u00e9ussies. Il<strong> adore photographier des fleurs<\/strong>\u2009\u00bb, indiquait <strong>Anne-Flore Berthelot<\/strong>, directrice adjointe de la r\u00e9sidence des Aub\u00e9pins, lors d\u2019un pr\u00e9c\u00e9dent \u00e9change.<\/p>\n<p>Une exposition ouverte \u00e0 tous<\/p>\n<p class=\" wall-content\">L\u2019exposition est ouverte aux r\u00e9sidents de l\u2019Ehpad, bien s\u00fbr, mais<strong> aussi aux personnes ext\u00e9rieures<\/strong> qui peuvent venir y fl\u00e2ner comme dans un vrai mus\u00e9e.<\/p>\n<p class=\" wall-content\">Selon le Trait d\u2019Union du Cailly dont fait partie le Vill\u00e2ge des Aub\u00e9pins, cette exposition permet <a href=\"https:\/\/actu.fr\/normandie\/mont-saint-aignan_76451\/dans-cette-residence-senior-pres-de-rouen-un-appartement-gratuit-pour-les-etudiants_61562748.html\" target=\"_blank\" rel=\"noopener\">aux personnes \u00e2g\u00e9es<\/a> \u00ab\u2009de leur donner confiance en elles\u2009\u00bb. Ainsi, elles sont \u00ab\u2009actrices de leur citoyennet\u00e9, et y trouvent la dignit\u00e9 dont elles ont besoin pour continuer d\u2019exister dans ce monde qui les oublie trop souvent\u2009\u00bb.<\/p>\n<p class=\" wall-content\">L\u2019exposition a d\u00e9j\u00e0 son petit succ\u00e8s. Une soixantaine de personnes ont assist\u00e9 \u00e0 l\u2019inauguration, le 7\u00a0mai 2025.<\/p>\n<p>Du lundi au vendredi de 9h30 \u00e0 17h30. Au Vill\u00e2ge des Aub\u00e9pins, 16 rue de la R\u00e9publique, \u00e0 Maromme.<\/p>\n<p>Suivez l\u2019actualit\u00e9 de Rouen <a href=\"https:\/\/www.whatsapp.com\/channel\/0029VaKfnf99hXF2ddApFB1D\" target=\"_blank\" rel=\"noopener\">sur notre cha\u00eene WhatsApp<\/a> et <a href=\"https:\/\/www.tiktok.com\/@76actu.fr?lang=fr\" target=\"_blank\" rel=\"noopener\">sur notre compte TikTok<\/a><\/p>\n<p class=\" wall-content\">Suivez toute l\u2019actualit\u00e9 de vos villes et m\u00e9dias favoris en vous inscrivant \u00e0 <a href=\"https:\/\/moncompte.actu.fr\" title=\"D\u00e9couvez Mon Actu\" rel=\"nofollow noopener\" data-trk=\"{&quot;cta&quot;:{&quot;action&quot;:&quot;https:\\\/\\\/moncompte.actu.fr&quot;,&quot;category&quot;:&quot;mon compte&quot;,&quot;from&quot;:&quot;article footer&quot;,&quot;name&quot;:&quot;Mon actu&quot;,&quot;type&quot;:&quot;cta&quot;}}\" target=\"_blank\">Mon Actu<\/a>.<\/p>\n<p>                    <script async src=\"\/\/www.tiktok.com\/embed.js\"><\/script><\/p>\n","protected":false},"excerpt":{"rendered":"Par Jessie Leclerc Publi\u00e9 le 17 mai 2025 \u00e0 17h48 Il y a des artistes en herbe \u00e0&hellip;\n","protected":false},"author":2,"featured_media":107375,"comment_status":"","ping_status":"","sticky":false,"template":"","format":"standard","meta":{"footnotes":""},"categories":[9587],"tags":[1111,11,12216,1777,674,1011,27,1757,1652,12,5161,1756,25,9590],"class_list":{"0":"post-107374","1":"post","2":"type-post","3":"status-publish","4":"format-standard","5":"has-post-thumbnail","7":"category-rouen","8":"tag-actu","9":"tag-actualites","10":"tag-ehpad","11":"tag-eu","12":"tag-europe","13":"tag-fr","14":"tag-france","15":"tag-insolite","16":"tag-loisirs-culture","17":"tag-news","18":"tag-normandie","19":"tag-photographie","20":"tag-republique-francaise","21":"tag-rouen"},"share_on_mastodon":{"url":"https:\/\/pubeurope.com\/@fr\/114524156298072898","error":""},"_links":{"self":[{"href":"https:\/\/www.europesays.com\/fr\/wp-json\/wp\/v2\/posts\/107374","targetHints":{"allow":["GET"]}}],"collection":[{"href":"https:\/\/www.europesays.com\/fr\/wp-json\/wp\/v2\/posts"}],"about":[{"href":"https:\/\/www.europesays.com\/fr\/wp-json\/wp\/v2\/types\/post"}],"author":[{"embeddable":true,"href":"https:\/\/www.europesays.com\/fr\/wp-json\/wp\/v2\/users\/2"}],"replies":[{"embeddable":true,"href":"https:\/\/www.europesays.com\/fr\/wp-json\/wp\/v2\/comments?post=107374"}],"version-history":[{"count":0,"href":"https:\/\/www.europesays.com\/fr\/wp-json\/wp\/v2\/posts\/107374\/revisions"}],"wp:featuredmedia":[{"embeddable":true,"href":"https:\/\/www.europesays.com\/fr\/wp-json\/wp\/v2\/media\/107375"}],"wp:attachment":[{"href":"https:\/\/www.europesays.com\/fr\/wp-json\/wp\/v2\/media?parent=107374"}],"wp:term":[{"taxonomy":"category","embeddable":true,"href":"https:\/\/www.europesays.com\/fr\/wp-json\/wp\/v2\/categories?post=107374"},{"taxonomy":"post_tag","embeddable":true,"href":"https:\/\/www.europesays.com\/fr\/wp-json\/wp\/v2\/tags?post=107374"}],"curies":[{"name":"wp","href":"https:\/\/api.w.org\/{rel}","templated":true}]}}