{"id":107376,"date":"2025-05-17T16:40:14","date_gmt":"2025-05-17T16:40:14","guid":{"rendered":"https:\/\/www.europesays.com\/fr\/107376\/"},"modified":"2025-05-17T16:40:14","modified_gmt":"2025-05-17T16:40:14","slug":"saint-martin-dheres-jean-marc-genereux-juge-de-danse-avec-les-stars-a-neyrpic","status":"publish","type":"post","link":"https:\/\/www.europesays.com\/fr\/107376\/","title":{"rendered":"Saint-Martin-d\u2019H\u00e8res. Jean-Marc G\u00e9n\u00e9reux, juge de Danse avec les stars, \u00e0 Neyrpic\u00a0!"},"content":{"rendered":"<p>Ce samedi 17\u00a0mai, le c\u00e9l\u00e8bre juge de l\u2019\u00e9mission Danse avec les stars (TF1), Jean-Marc G\u00e9n\u00e9reux, a donn\u00e9 rendez-vous aux Grenoblois sur la place centrale de Neyrpic pour un cours d\u2019initiation \u00e0 la danse. Petits et grands ont ainsi pu se d\u00e9hancher au rythme de la musique. S\u2019en est suivie une s\u00e9ance photo et d\u00e9dicaces\u00a0; une belle fa\u00e7on de clore ce moment hors du temps.<\/p>\n","protected":false},"excerpt":{"rendered":"Ce samedi 17\u00a0mai, le c\u00e9l\u00e8bre juge de l\u2019\u00e9mission Danse avec les stars (TF1), Jean-Marc G\u00e9n\u00e9reux, a donn\u00e9 rendez-vous&hellip;\n","protected":false},"author":2,"featured_media":107377,"comment_status":"","ping_status":"","sticky":false,"template":"","format":"standard","meta":{"footnotes":""},"categories":[9566],"tags":[1111,11,2430,1687,112,1777,674,1011,27,2731,2732,108,12,25],"class_list":{"0":"post-107376","1":"post","2":"type-post","3":"status-publish","4":"format-standard","5":"has-post-thumbnail","7":"category-grenoble","8":"tag-actu","9":"tag-actualites","10":"tag-auvergne-rhone-alpes","11":"tag-culture-loisirs","12":"tag-edition-grenoble-agglomeration","13":"tag-eu","14":"tag-europe","15":"tag-fr","16":"tag-france","17":"tag-grenoble","18":"tag-grenoble-bassin","19":"tag-isere","20":"tag-news","21":"tag-republique-francaise"},"share_on_mastodon":{"url":"https:\/\/pubeurope.com\/@fr\/114524168116973998","error":""},"_links":{"self":[{"href":"https:\/\/www.europesays.com\/fr\/wp-json\/wp\/v2\/posts\/107376","targetHints":{"allow":["GET"]}}],"collection":[{"href":"https:\/\/www.europesays.com\/fr\/wp-json\/wp\/v2\/posts"}],"about":[{"href":"https:\/\/www.europesays.com\/fr\/wp-json\/wp\/v2\/types\/post"}],"author":[{"embeddable":true,"href":"https:\/\/www.europesays.com\/fr\/wp-json\/wp\/v2\/users\/2"}],"replies":[{"embeddable":true,"href":"https:\/\/www.europesays.com\/fr\/wp-json\/wp\/v2\/comments?post=107376"}],"version-history":[{"count":0,"href":"https:\/\/www.europesays.com\/fr\/wp-json\/wp\/v2\/posts\/107376\/revisions"}],"wp:featuredmedia":[{"embeddable":true,"href":"https:\/\/www.europesays.com\/fr\/wp-json\/wp\/v2\/media\/107377"}],"wp:attachment":[{"href":"https:\/\/www.europesays.com\/fr\/wp-json\/wp\/v2\/media?parent=107376"}],"wp:term":[{"taxonomy":"category","embeddable":true,"href":"https:\/\/www.europesays.com\/fr\/wp-json\/wp\/v2\/categories?post=107376"},{"taxonomy":"post_tag","embeddable":true,"href":"https:\/\/www.europesays.com\/fr\/wp-json\/wp\/v2\/tags?post=107376"}],"curies":[{"name":"wp","href":"https:\/\/api.w.org\/{rel}","templated":true}]}}