{"id":107378,"date":"2025-05-17T16:41:12","date_gmt":"2025-05-17T16:41:12","guid":{"rendered":"https:\/\/www.europesays.com\/fr\/107378\/"},"modified":"2025-05-17T16:41:12","modified_gmt":"2025-05-17T16:41:12","slug":"voici-lallechant-programme-des-phases-finales-de-pro-d2-jusqua-la-finale-a-toulouse","status":"publish","type":"post","link":"https:\/\/www.europesays.com\/fr\/107378\/","title":{"rendered":"voici l&rsquo;all\u00e9chant programme des phases finales de Pro D2, jusqu&rsquo;\u00e0 la finale \u00e0 Toulouse"},"content":{"rendered":"<p>            Par<br \/>\n        <strong><br \/>\n            <a href=\"https:\/\/actu.fr\/auteur\/pascal-pallas\" title=\"Consulter tous les articles de Pascal Pallas\" target=\"_blank\" rel=\"noopener\">Pascal Pallas<\/a><br \/>\n        <\/strong><\/p>\n<p>        Publi\u00e9 le<\/p>\n<p>            17 mai 2025 \u00e0 8h17        <\/p>\n<p>Place aux phases finales ! La saison r\u00e9guli\u00e8re de la <a href=\"https:\/\/actu.fr\/rugby\/pro-d2\" target=\"_blank\" rel=\"noopener\">Pro D2<\/a> a pris fin vendredi 16 mai \u00e0 l\u2019occasion de la 30e et derni\u00e8re journ\u00e9e.\u00a0<\/p>\n<p class=\" wall-content\"><strong>Grenoble<\/strong> termine \u00e0 la premi\u00e8re place du classement, second\u00e9 par <strong>Brive<\/strong>. <strong>Colomiers<\/strong> est sur la troisi\u00e8me marche du podium qualificative pour le barrage. <strong>Provence Rugby<\/strong> (4e), <strong>Soyaux-Angoul\u00eame<\/strong> (5e) et <strong>Montauban<\/strong> (6e) chercheront \u00e9galement \u00e0 rejoindre les demi-finales \u00e0 la faveur d\u2019un barrage.<\/p>\n<p>Le programme des phases finales de la Pro D2<\/p>\n<p class=\" wall-content\">Barrage 1 (22 mai): Provence Rugby (4e) \u2013 Soyaux-Angoul\u00eame (5e).<br \/>Barrage 2 (23 mai): Colomiers (3e) \u2013 Montauban (6e).<\/p>\n<p class=\" wall-content\">Demi-finale 1 (29 mai): Grenoble (1er) \u2013 Vainqueur du barrage 1<br \/>Demi-finale 2 (30 mai): Brive (2e) \u2013 Vainqueur du barrage 2<\/p>\n<p class=\" wall-content\">La Finale se jouera le 7 juin au Stade Ernest-Wallon \u00e0 <strong>Toulouse<\/strong>.<\/p>\n<p>Vid\u00e9os : en ce moment sur Actu<\/p>\n<p class=\" wall-content\">Rappelons que le vainqueur sera promu en Top 14 et le perdant qualifi\u00e9 pour le barrage contre le 13e du Top 14<\/p>\n<p class=\" wall-content\">Suivez toute l\u2019actualit\u00e9 de vos villes et m\u00e9dias favoris en vous inscrivant \u00e0 <a href=\"https:\/\/moncompte.actu.fr\" title=\"D\u00e9couvez Mon Actu\" rel=\"nofollow noopener\" data-trk=\"{&quot;cta&quot;:{&quot;action&quot;:&quot;https:\\\/\\\/moncompte.actu.fr&quot;,&quot;category&quot;:&quot;mon compte&quot;,&quot;from&quot;:&quot;article footer&quot;,&quot;name&quot;:&quot;Mon actu&quot;,&quot;type&quot;:&quot;cta&quot;}}\" target=\"_blank\">Mon Actu<\/a>.<\/p>\n","protected":false},"excerpt":{"rendered":"Par Pascal Pallas Publi\u00e9 le 17 mai 2025 \u00e0 8h17 Place aux phases finales ! La saison r\u00e9guli\u00e8re&hellip;\n","protected":false},"author":2,"featured_media":107379,"comment_status":"","ping_status":"","sticky":false,"template":"","format":"standard","meta":{"footnotes":""},"categories":[9566],"tags":[1111,11,2430,1777,674,1011,27,2731,12,2308,25,479,60],"class_list":{"0":"post-107378","1":"post","2":"type-post","3":"status-publish","4":"format-standard","5":"has-post-thumbnail","7":"category-grenoble","8":"tag-actu","9":"tag-actualites","10":"tag-auvergne-rhone-alpes","11":"tag-eu","12":"tag-europe","13":"tag-fr","14":"tag-france","15":"tag-grenoble","16":"tag-news","17":"tag-pro-d2","18":"tag-republique-francaise","19":"tag-rugby","20":"tag-sports"},"share_on_mastodon":{"url":"https:\/\/pubeurope.com\/@fr\/114524171970825507","error":""},"_links":{"self":[{"href":"https:\/\/www.europesays.com\/fr\/wp-json\/wp\/v2\/posts\/107378","targetHints":{"allow":["GET"]}}],"collection":[{"href":"https:\/\/www.europesays.com\/fr\/wp-json\/wp\/v2\/posts"}],"about":[{"href":"https:\/\/www.europesays.com\/fr\/wp-json\/wp\/v2\/types\/post"}],"author":[{"embeddable":true,"href":"https:\/\/www.europesays.com\/fr\/wp-json\/wp\/v2\/users\/2"}],"replies":[{"embeddable":true,"href":"https:\/\/www.europesays.com\/fr\/wp-json\/wp\/v2\/comments?post=107378"}],"version-history":[{"count":0,"href":"https:\/\/www.europesays.com\/fr\/wp-json\/wp\/v2\/posts\/107378\/revisions"}],"wp:featuredmedia":[{"embeddable":true,"href":"https:\/\/www.europesays.com\/fr\/wp-json\/wp\/v2\/media\/107379"}],"wp:attachment":[{"href":"https:\/\/www.europesays.com\/fr\/wp-json\/wp\/v2\/media?parent=107378"}],"wp:term":[{"taxonomy":"category","embeddable":true,"href":"https:\/\/www.europesays.com\/fr\/wp-json\/wp\/v2\/categories?post=107378"},{"taxonomy":"post_tag","embeddable":true,"href":"https:\/\/www.europesays.com\/fr\/wp-json\/wp\/v2\/tags?post=107378"}],"curies":[{"name":"wp","href":"https:\/\/api.w.org\/{rel}","templated":true}]}}