{"id":107380,"date":"2025-05-17T16:43:21","date_gmt":"2025-05-17T16:43:21","guid":{"rendered":"https:\/\/www.europesays.com\/fr\/107380\/"},"modified":"2025-05-17T16:43:21","modified_gmt":"2025-05-17T16:43:21","slug":"rennes-mandanda-brassier-kone-ils-ont-porte-les-deux-maillots","status":"publish","type":"post","link":"https:\/\/www.europesays.com\/fr\/107380\/","title":{"rendered":"Rennes : Mandanda, Brassier, Kon\u00e9&#8230; Ils ont port\u00e9 les deux maillots"},"content":{"rendered":"<p>Plus de 1000 kilom\u00e8tres s\u00e9parent le stade V\u00e9lodrome du Roazhon Park, l&rsquo;enceinte du Stade rennais. Et de nombreux joueurs n&rsquo;ont pas h\u00e9sit\u00e9, dans un sens ou dans l&rsquo;autre, \u00e0 faire le voyage pour \u00e9voluer dans les deux clubs. Avec des passages plus ou moins r\u00e9ussis selon les cas.<\/p>\n<p>L\u00e9gende de l&rsquo;OM, Mandanda d\u00e9class\u00e9 \u00e0 nouveau par Sampaoli<\/p>\n<p><a href=\"https:\/\/www.laprovence.com\/article\/om\/3590497798320314\/om-rennes-mandanda-la-boucle-bouclee-au-velodrome\" target=\"_blank\" rel=\"nofollow noopener\">S&rsquo;il est toujours difficile de r\u00e9\u00e9crire l&rsquo;histoire, nul doute que <strong>Steve Mandanda<\/strong> aurait m\u00e9rit\u00e9 une meilleure sortie du c\u00f4t\u00e9 de l&rsquo;OM.<\/a> L\u00e9gende du club aujourd&rsquo;hui \u00e2g\u00e9e de 40 ans, joueur le plus cap\u00e9 (613 apparitions), champion de France en 2010 ou triple vainqueur de la coupe de la ligue (2010, 2011, 2012), le portier a pris la direction de Rennes en 2022, barr\u00e9 par Pau Lopez qui avait la pr\u00e9f\u00e9rence de Jorge Sampaoli. Le champion du monde 2018 avait retrouv\u00e9 une place de titulaire en Bretagne, et m\u00eame le brassard de capitaine qu&rsquo;il portait \u00e0 l&rsquo;OM. Mais la m\u00eame histoire a fini par s&rsquo;\u00e9crire. Mandanda a fini par \u00eatre d\u00e9class\u00e9 cet hiver apr\u00e8s l&rsquo;arriv\u00e9e de Sampaoli, entra\u00eeneur \u00e9ph\u00e9m\u00e8re de Rennes pendant quelques semaines, mais aussi celle de <strong>Brice Samba <\/strong>avec qui il a \u00e9volu\u00e9 \u00e0 l&rsquo;OM \u00e9galement (2013-2017). Transf\u00e9r\u00e9 en provenance de Lens lors du mercato hivernal, l&rsquo;international fran\u00e7ais est titulaire depuis.<\/p>\n<p>Il a \u00e9galement marqu\u00e9 de son empreinte les deux clubs, <a href=\"https:\/\/www.laprovence.com\/article\/sports\/2234159\/mbia-je-suis-toujours-marseillais.html\" target=\"_blank\" rel=\"nofollow noopener\">c&rsquo;est le fac\u00e9tieux <strong>St\u00e9phane Mbia<\/strong>.<\/a> D&rsquo;abord pass\u00e9 par Rennes (2004-2009), le Camerounais est arriv\u00e9 \u00e0 l&rsquo;\u00e9t\u00e9 2009 \u00e0 la Commanderie. Recrue ardemment d\u00e9sir\u00e9e par Didier Deschamps, Mbia aura du mal \u00e0 accepter son replacement en d\u00e9fense centrale alors qu&rsquo;il pr\u00e9f\u00e9rait \u00eatre positionn\u00e9 au milieu. Des r\u00e9ticences qui n&rsquo;avaient pas lieu d&rsquo;\u00eatre puisqu&rsquo;il a form\u00e9 avec Souleymane Diawara est une des meilleures d\u00e9fenses centrales de l&rsquo;histoire du club. Un duo qui a grandement aid\u00e9 dans la qu\u00eate du titre en 2010. Apr\u00e8s trois saisons, il s&rsquo;envolera vers l&rsquo;Angleterre pour rejoindre les Queens Park Rangers.<\/p>\n<p><a href=\"https:\/\/www.laprovence.com\/article\/om\/3630843179228814\/om-rennes-de-capitaine-olympien-a-entraineur-du-club-breton-la-nouvelle-vie-dhabib-beye\" target=\"_blank\" rel=\"nofollow noopener\">Enfin, cas un plus particulier, celui d&rsquo;<strong>Habib Beye<\/strong>.<\/a> L&rsquo;ancien international s\u00e9n\u00e9galais, qui a offert quatre belles saisons \u00e0 l&rsquo;OM entre 2003 et 2007 n&rsquo;a jamais \u00e9volu\u00e9 sous les couleurs bretonnes, mais il a pris en main l&rsquo;\u00e9quipe le 30 janvier dernier. Depuis, pour son premier poste sur un banc de Ligue 1, il a r\u00e9ussi \u00e0 redresser le Stade Rennais et a prolong\u00e9 pour la saison prochaine.<\/p>\n<p>D&rsquo;autres joueurs ont r\u00e9ussi leurs passages \u00e0 l&rsquo;OM et \u00e0 Rennes. L\u00e9gende olympienne (1991-1994), <strong>Jocelyn Angloma<\/strong>, vainqueur de la Ligue des champions en 1993 avec Marseille, est \u00e9galement pass\u00e9 par la Bretagne au tout d\u00e9but de sa carri\u00e8re (1985-1987). Un autre champion d&rsquo;Europe, <strong>Jean-Christophe Thomas<\/strong> (OM 1992-1994 ; Rennes 1994-1996) a port\u00e9 les deux maillots. Au tableau d&rsquo;honneur, il convient de citer \u00e9galement <strong>J\u00e9r\u00e9my Morel<\/strong> (OM 2011-2015 ; Rennes 2019-2020), <strong>Micka\u00ebl Pagis<\/strong> (OM 2006-2007 ; Rennes 2007-2010), <strong>Romain Alessandrini <\/strong>(Rennes 2012-2014 ; OM 2014-2017),<strong> J\u00e9r\u00f4me Leroy<\/strong> (OM 2000-2001 ; Rennes 2007-2011), <strong>Toifilou Maoulida<\/strong> (Rennes 2002-2005 ; OM 2006-2007) ou encore <strong>Edouard Ciss\u00e9<\/strong> (Rennes 1998-1999 ; OM 2009-2011).<\/p>\n<p>L&rsquo;\u00e9nigme Ben Arfa est pass\u00e9e par les deux clubs<\/p>\n<p>Son cas, embl\u00e9matique, continue de diviser entre les fans de football. Une chose est certaine, <strong>Hatem Ben Arfa<\/strong> est bel et bien pass\u00e9 par les deux deux clubs. D&rsquo;abord par Marseille (2008-2010) puis par Rennes de mani\u00e8re \u00e9ph\u00e9m\u00e8re le temps d&rsquo;une saison (2018-2019). S&rsquo;il a pu parfois d\u00e9router les observateurs, le joueur form\u00e9 \u00e0 Lyon a n\u00e9anmoins eu un immense m\u00e9rit\u00e9 \u00e0 chaque fois. Hasard ou non, dans des clubs sevr\u00e9s de troph\u00e9es pendant de longues ann\u00e9es, il faisait partie des \u00e9quipes qui ont d\u00e9poussi\u00e9r\u00e9 l&rsquo;armoire \u00e0 troph\u00e9es. Un championnat et une coupe de la ligue en 2010 avec l&rsquo;OM et une coupe de France en 2019 avec Rennes. Puis il est parti, comme d&rsquo;habitude, ou presque, dans des conditions \u00e9tranges. Ni l&rsquo;OM, ni Rennes, n&rsquo;ont r\u00e9ussi \u00e0 percer le myst\u00e8re Ben Arfa. Autres cas particuliers, <a href=\"https:\/\/www.laprovence.com\/article\/om\/3389655008767615\/om-pourquoi-ismael-kone-est-pousse-vers-la-sortie\" target=\"_blank\" rel=\"nofollow noopener\">ceux d&rsquo;<strong>Isma\u00ebl Kon\u00e9<\/strong><\/a> et de <a href=\"https:\/\/www.laprovence.com\/article\/om\/11508648933984\/nice-om-2-0-pour-lilian-brassier-implique-sur-les-deux-buts-nicois-cest-la-descente-aux-enfers\" target=\"_blank\" rel=\"nofollow noopener\"><strong>Lilian Brassier.<\/strong><\/a> Arriv\u00e9s cet \u00e9t\u00e9 \u00e0 Marseille en provenance de Watford et Brest, le Canadien et le Fran\u00e7ais ont rat\u00e9 leur premi\u00e8re partie de saison \u00e0 l&rsquo;OM. \u00c0 tel point qu&rsquo;ils ont \u00e9t\u00e9 transf\u00e9r\u00e9 cet hiver en Bretagne et on ne peut pas dire que ce nouvel air leur r\u00e9ussit plus&#8230;<\/p>\n<p>Et puis il y a ceux qui n&rsquo;ont pas vraiment brill\u00e9 en Bretagne ou en Provence, voire les deux. C&rsquo;est le cas par exemple de <strong>David Sommeil<\/strong> (Rennes 1998-2000, OM 2004), <strong>Djimi Traor\u00e9 <\/strong>(Rennes 2008 ; OM 2011-2012), <strong>St\u00e9phane Dalmat<\/strong> (OM 1999-2000 ; Rennes 2010-2011),<strong> Sylvain Wiltord<\/strong> (Rennes 1994-1997, 2007-2008 ; OM 2009), <strong>Jocelyn Gourvennec<\/strong> (Rennes 1991-1995, 2000-2002 ; OM 1998-1999) ou encore<strong> Isma\u00efla Sarr<\/strong> (Rennes 2017-2019 ; OM 2023-2024).<\/p>\n","protected":false},"excerpt":{"rendered":"Plus de 1000 kilom\u00e8tres s\u00e9parent le stade V\u00e9lodrome du Roazhon Park, l&rsquo;enceinte du Stade rennais. Et de nombreux&hellip;\n","protected":false},"author":2,"featured_media":107381,"comment_status":"","ping_status":"","sticky":false,"template":"","format":"standard","meta":{"footnotes":""},"categories":[2821],"tags":[17,1111,11,22501,829,1777,674,1011,27,6085,20305,22500,12,149,2537,584,25],"class_list":{"0":"post-107380","1":"post","2":"type-post","3":"status-publish","4":"format-standard","5":"has-post-thumbnail","7":"category-rennes","8":"tag-17","9":"tag-actu","10":"tag-actualites","11":"tag-brassier","12":"tag-bretagne","13":"tag-eu","14":"tag-europe","15":"tag-fr","16":"tag-france","17":"tag-ils","18":"tag-kone","19":"tag-mandanda","20":"tag-news","21":"tag-om","22":"tag-ont","23":"tag-rennes","24":"tag-republique-francaise"},"share_on_mastodon":{"url":"https:\/\/pubeurope.com\/@fr\/114524180126797237","error":""},"_links":{"self":[{"href":"https:\/\/www.europesays.com\/fr\/wp-json\/wp\/v2\/posts\/107380","targetHints":{"allow":["GET"]}}],"collection":[{"href":"https:\/\/www.europesays.com\/fr\/wp-json\/wp\/v2\/posts"}],"about":[{"href":"https:\/\/www.europesays.com\/fr\/wp-json\/wp\/v2\/types\/post"}],"author":[{"embeddable":true,"href":"https:\/\/www.europesays.com\/fr\/wp-json\/wp\/v2\/users\/2"}],"replies":[{"embeddable":true,"href":"https:\/\/www.europesays.com\/fr\/wp-json\/wp\/v2\/comments?post=107380"}],"version-history":[{"count":0,"href":"https:\/\/www.europesays.com\/fr\/wp-json\/wp\/v2\/posts\/107380\/revisions"}],"wp:featuredmedia":[{"embeddable":true,"href":"https:\/\/www.europesays.com\/fr\/wp-json\/wp\/v2\/media\/107381"}],"wp:attachment":[{"href":"https:\/\/www.europesays.com\/fr\/wp-json\/wp\/v2\/media?parent=107380"}],"wp:term":[{"taxonomy":"category","embeddable":true,"href":"https:\/\/www.europesays.com\/fr\/wp-json\/wp\/v2\/categories?post=107380"},{"taxonomy":"post_tag","embeddable":true,"href":"https:\/\/www.europesays.com\/fr\/wp-json\/wp\/v2\/tags?post=107380"}],"curies":[{"name":"wp","href":"https:\/\/api.w.org\/{rel}","templated":true}]}}