{"id":107386,"date":"2025-05-17T16:46:11","date_gmt":"2025-05-17T16:46:11","guid":{"rendered":"https:\/\/www.europesays.com\/fr\/107386\/"},"modified":"2025-05-17T16:46:11","modified_gmt":"2025-05-17T16:46:11","slug":"cette-mesure-fait-porter-de-facon-injuste-la-responsabilite-de-la-pollution-sur-les-plus-defavorises-a-nice-des-motards-mobilises-contre-les-zones-a-faibles-emissions","status":"publish","type":"post","link":"https:\/\/www.europesays.com\/fr\/107386\/","title":{"rendered":"\u00ab\u00a0Cette mesure fait porter de fa\u00e7on injuste la responsabilit\u00e9 de la pollution sur les plus d\u00e9favoris\u00e9s\u00a0\u00bb: \u00e0 Nice, des motards mobilis\u00e9s contre les Zones \u00e0 faibles \u00e9missions"},"content":{"rendered":"<p>Journ\u00e9e de mobilisation nationale ce samedi 17 mai, pour dire non aux Zones \u00e0 faibles \u00e9missions, qui interdisent l\u2019acc\u00e8s \u00e0 plusieurs villes pour les v\u00e9hicules les plus anciens, jug\u00e9s comme \u00e9tant les plus polluant. Le but \u00e9tant d\u2019am\u00e9liorer la qualit\u00e9 de l\u2019air et de limiter les \u00e9missions des particules fines, responsables de maladies respiratoires et de 40.000 d\u00e9c\u00e8s par an selon Sant\u00e9 publique France.<\/p>\n<p><a href=\"https:\/\/www.nicematin.com\/environnement\/les-deputes-votent-en-commission-la-suppression-des-zones-a-faibles-emissions-ou-en-sommes-nous-a-nice-et-toulon-979684\" rel=\"nofollow noopener\" target=\"_blank\">\u00c0 Nice, la ZFE couvre la promenade des Anglais et l\u2019hyper-centre. La circulation des poids lourds, des bus et autocars en Crit\u2019air 4 et 5 y est interdite. En revanche, les v\u00e9hicules l\u00e9gers et v\u00e9hicules utilitaires l\u00e9gers ne sont pas concern\u00e9s (1). Tout comme les deux-roues. <\/a>Alors, pourquoi ce mouvement d\u2019une vingtaine de motards de la F\u00e9d\u00e9ration des motards en col\u00e8re 06 place Mass\u00e9na?<\/p>\n<p>\u00ab\u00a0\u00c0 Nice, les deux-roues ne sont pas concern\u00e9s car l\u2019autoroute de contournement est payante\u00a0\u00bb<\/p>\n<p>\u00ab\u00a0\u00c0 Nice, les deux-roues ne sont pas concern\u00e9s car l\u2019autoroute de contournement est payante, explique Patrick Launois, responsable de la FFMC06. Mais si un jour elle devient gratuite, on sera interdit de centre-ville, c\u2019est certain.\u00a0\u00bb<\/p>\n<p>Le mouvement, en association avec le collectif \u00ab\u00a0Les # Gueux\u00a0\u00bb et le soutien d\u2019autres associations comme la LDC (Ligue de d\u00e9fense des conducteurs) et la FACAP (F\u00e9d\u00e9ration des Associations de commer\u00e7ants et artisans de Paris), d\u00e9nonce plus largement une mesure \u00ab\u00a0antisociale, car elle fait porter de fa\u00e7on injuste la responsabilit\u00e9 de la pollution sur les plus d\u00e9favoris\u00e9s. N\u2019ayant pas les moyens d\u2019acheter un v\u00e9hicule r\u00e9cent, ils se retrouvent exclus de certaines zones urbaines. Ce qui limite ainsi leur acc\u00e8s \u00e0 l\u2019emploi, aux services et aux loisirs faute de solutions alternatives et d\u2019acc\u00e8s aux transports en commun\u00a0\u00bb.<\/p>\n<p>1. \u00c0 l\u2019Assembl\u00e9e nationale, la commission sp\u00e9ciale du 26 mars 2025, charg\u00e9e d\u2019\u00e9tudier le projet de loi de \u00ab\u00a0simplification\u00a0\u00bb, a vot\u00e9 la suppression des \u00ab\u00a0Zones \u00e0 faibles \u00e9missions\u00a0\u00bb. Aussi, en attendant un vote d\u00e9finitif au Parlement pour clarifier la situation, la M\u00e9tropole Nice C\u00f4te d\u2019Azur a pris un arr\u00eat\u00e9 excluant les v\u00e9hicules l\u00e9gers et v\u00e9hicules utilitaires l\u00e9gers de la ZFE depuis le 18 avril 2025.<\/p>\n","protected":false},"excerpt":{"rendered":"Journ\u00e9e de mobilisation nationale ce samedi 17 mai, pour dire non aux Zones \u00e0 faibles \u00e9missions, qui interdisent&hellip;\n","protected":false},"author":2,"featured_media":107387,"comment_status":"","ping_status":"","sticky":false,"template":"","format":"standard","meta":{"footnotes":""},"categories":[2819],"tags":[1111,11,436,1777,674,1011,27,802,12,2401,882,25,3366],"class_list":{"0":"post-107386","1":"post","2":"type-post","3":"status-publish","4":"format-standard","5":"has-post-thumbnail","7":"category-nice","8":"tag-actu","9":"tag-actualites","10":"tag-environnement","11":"tag-eu","12":"tag-europe","13":"tag-fr","14":"tag-france","15":"tag-greves-et-mouvements-sociaux","16":"tag-news","17":"tag-nice","18":"tag-provence-alpes-cote-dazur","19":"tag-republique-francaise","20":"tag-vie-locale"},"share_on_mastodon":{"url":"https:\/\/pubeurope.com\/@fr\/114524191656236304","error":""},"_links":{"self":[{"href":"https:\/\/www.europesays.com\/fr\/wp-json\/wp\/v2\/posts\/107386","targetHints":{"allow":["GET"]}}],"collection":[{"href":"https:\/\/www.europesays.com\/fr\/wp-json\/wp\/v2\/posts"}],"about":[{"href":"https:\/\/www.europesays.com\/fr\/wp-json\/wp\/v2\/types\/post"}],"author":[{"embeddable":true,"href":"https:\/\/www.europesays.com\/fr\/wp-json\/wp\/v2\/users\/2"}],"replies":[{"embeddable":true,"href":"https:\/\/www.europesays.com\/fr\/wp-json\/wp\/v2\/comments?post=107386"}],"version-history":[{"count":0,"href":"https:\/\/www.europesays.com\/fr\/wp-json\/wp\/v2\/posts\/107386\/revisions"}],"wp:featuredmedia":[{"embeddable":true,"href":"https:\/\/www.europesays.com\/fr\/wp-json\/wp\/v2\/media\/107387"}],"wp:attachment":[{"href":"https:\/\/www.europesays.com\/fr\/wp-json\/wp\/v2\/media?parent=107386"}],"wp:term":[{"taxonomy":"category","embeddable":true,"href":"https:\/\/www.europesays.com\/fr\/wp-json\/wp\/v2\/categories?post=107386"},{"taxonomy":"post_tag","embeddable":true,"href":"https:\/\/www.europesays.com\/fr\/wp-json\/wp\/v2\/tags?post=107386"}],"curies":[{"name":"wp","href":"https:\/\/api.w.org\/{rel}","templated":true}]}}