{"id":107388,"date":"2025-05-17T16:47:11","date_gmt":"2025-05-17T16:47:11","guid":{"rendered":"https:\/\/www.europesays.com\/fr\/107388\/"},"modified":"2025-05-17T16:47:11","modified_gmt":"2025-05-17T16:47:11","slug":"nice-brest-le-groupe-brestois-sans-martin-mais-avec-balde","status":"publish","type":"post","link":"https:\/\/www.europesays.com\/fr\/107388\/","title":{"rendered":"Nice &#8211; Brest\u00a0: le groupe brestois sans Martin mais avec Bald\u00e9"},"content":{"rendered":"<p>Bald\u00e9, Chardonnet et Lees-Melou de retour<\/p>\n<p>Mama Bald\u00e9, incertain, est pour sa part du voyage, tout comme Brendan Chardonnet et Pierre Lees-Melou, tous deux de retour de suspension. Le lat\u00e9ral gauche Bradley Locko est \u00e9galement appel\u00e9 et devrait d\u2019ailleurs d\u00e9buter pour la premi\u00e8re fois de la saison.<\/p>\n<p class=\"tech\"><strong class=\"tech\">Le groupe brestois\u00a0: <\/strong>Bizot, Coudert &#8211; Chardonnet, Ha\u00efdara, Lala, Locko, Ndiaye, Zogb\u00e9 &#8211; Camara, Doumbia, Fernandes, Lees-Melou, Magnetti, Makalou &#8211; Pereira Lage, Ajorque, Bald\u00e9, Del Castillo, Salah, Sima.<\/p>\n","protected":false},"excerpt":{"rendered":"Bald\u00e9, Chardonnet et Lees-Melou de retour Mama Bald\u00e9, incertain, est pour sa part du voyage, tout comme Brendan&hellip;\n","protected":false},"author":2,"featured_media":107389,"comment_status":"","ping_status":"","sticky":false,"template":"","format":"standard","meta":{"footnotes":""},"categories":[2819],"tags":[1111,11,3450,3166,1777,674,63,1011,27,66,12,2401,882,25,60,4449],"class_list":{"0":"post-107388","1":"post","2":"type-post","3":"status-publish","4":"format-standard","5":"has-post-thumbnail","7":"category-nice","8":"tag-actu","9":"tag-actualites","10":"tag-brest","11":"tag-en-continu-sports","12":"tag-eu","13":"tag-europe","14":"tag-football","15":"tag-fr","16":"tag-france","17":"tag-ligue-1","18":"tag-news","19":"tag-nice","20":"tag-provence-alpes-cote-dazur","21":"tag-republique-francaise","22":"tag-sports","23":"tag-stade-brestois"},"share_on_mastodon":{"url":"https:\/\/pubeurope.com\/@fr\/114524195579820090","error":""},"_links":{"self":[{"href":"https:\/\/www.europesays.com\/fr\/wp-json\/wp\/v2\/posts\/107388","targetHints":{"allow":["GET"]}}],"collection":[{"href":"https:\/\/www.europesays.com\/fr\/wp-json\/wp\/v2\/posts"}],"about":[{"href":"https:\/\/www.europesays.com\/fr\/wp-json\/wp\/v2\/types\/post"}],"author":[{"embeddable":true,"href":"https:\/\/www.europesays.com\/fr\/wp-json\/wp\/v2\/users\/2"}],"replies":[{"embeddable":true,"href":"https:\/\/www.europesays.com\/fr\/wp-json\/wp\/v2\/comments?post=107388"}],"version-history":[{"count":0,"href":"https:\/\/www.europesays.com\/fr\/wp-json\/wp\/v2\/posts\/107388\/revisions"}],"wp:featuredmedia":[{"embeddable":true,"href":"https:\/\/www.europesays.com\/fr\/wp-json\/wp\/v2\/media\/107389"}],"wp:attachment":[{"href":"https:\/\/www.europesays.com\/fr\/wp-json\/wp\/v2\/media?parent=107388"}],"wp:term":[{"taxonomy":"category","embeddable":true,"href":"https:\/\/www.europesays.com\/fr\/wp-json\/wp\/v2\/categories?post=107388"},{"taxonomy":"post_tag","embeddable":true,"href":"https:\/\/www.europesays.com\/fr\/wp-json\/wp\/v2\/tags?post=107388"}],"curies":[{"name":"wp","href":"https:\/\/api.w.org\/{rel}","templated":true}]}}