{"id":1073894,"date":"2026-07-19T02:57:20","date_gmt":"2026-07-19T02:57:20","guid":{"rendered":"https:\/\/www.europesays.com\/fr\/1073894\/"},"modified":"2026-07-19T02:57:20","modified_gmt":"2026-07-19T02:57:20","slug":"une-plaque-rendant-hommage-a-des-justes-degradee-a-paris-84-ans-apres-la-rafle-du-vel-dhiv","status":"publish","type":"post","link":"https:\/\/www.europesays.com\/fr\/1073894\/","title":{"rendered":"Une plaque rendant hommage \u00e0 des Justes d\u00e9grad\u00e9e \u00e0 Paris, 84 ans apr\u00e8s la rafle du Vel d&rsquo;Hiv"},"content":{"rendered":"<p class=\"article-p mdl\">Une plaque comm\u00e9morative rendant hommage \u00e0 un couple de Justes a \u00e9t\u00e9 d\u00e9grad\u00e9e dans le sud-est de Paris, 84 ans jour pour jour apr\u00e8s la rafle du Vel d&rsquo;Hiv, a annonc\u00e9 samedi 18 juillet le maire de la capitale,<a class=\"link\" href=\"https:\/\/www.rtl.fr\/actu\/politique\/scandale-du-periscolaire-a-paris-pourquoi-emmanuel-gregoire-attaque-rachida-dati-pour-diffamation-7900655705\" title=\"Scandale du p\u00e9riscolaire \u00e0 Paris : pourquoi Emmanuel Gr\u00e9goire attaque Rachida Dati pour diffamation\" target=\"_blank\" rel=\"nofollow noopener\">Emmanuel Gr\u00e9goire.<\/a><br \/>\u00ab\u00a0Une plaque comm\u00e9morative rendant hommage \u00e0 un couple de Justes et \u00e0 leur fille, qui sauv\u00e8rent un enfant lors de la rafle du Vel d&rsquo;Hiv a \u00e9t\u00e9 d\u00e9grad\u00e9e\u00a0\u00bb, a d\u00e9nonc\u00e9 l&rsquo;\u00e9lu socialiste sur les r\u00e9seaux sociaux, r\u00e9affirmant son \u00ab\u00a0soutien ind\u00e9fectible \u00e0 la communaut\u00e9 juive\u00a0\u00bb, \u00ab\u00a0\u00e0 l&rsquo;heure o\u00f9 l&rsquo;antis\u00e9mitisme progresse chaque jour dans la soci\u00e9t\u00e9 et \u00e0 la veille d&rsquo;un week-end de comm\u00e9moration de la rafle\u00a0\u00bb. La plaque se situe au 15 rue Louis-Braille, dans le 12e arrondissement.<\/p>\n<p class=\"article-p mdl\">Sur une photo que le maire a publi\u00e9e, elle appara\u00eet largement vandalis\u00e9e. La partie sup\u00e9rieure de la st\u00e8le, \u00ab\u00a0En hommage \u00e0 Ars\u00e8ne et Ang\u00e8le Richard et \u00e0 leur fille Marcelle, Justes parmi les nations\u00a0\u00bb, est encore visible, mais la partie inf\u00e9rieure &#8211; \u00ab\u00a0qui sauv\u00e8rent la vie de leur jeune voisin Edmond Richemond en le cachant dans cet immeuble lors de la rafle du Vel d&rsquo;Hiv le 16 juillet 1942\u00a0\u00bb &#8211; a \u00e9t\u00e9 partiellement d\u00e9truite.<\/p>\n<p>            \u00ab\u00a0Paris est et restera une terre de r\u00e9sistance\u00a0\u00bb<\/p>\n<p class=\"article-p mdl\">Une enqu\u00eate a \u00e9t\u00e9 confi\u00e9e au commissariat du 12e arrondissement pour des chefs de violation de s\u00e9pulture ou monument \u00e9difi\u00e9 \u00e0 la m\u00e9moire des morts commise en raison de la race, l&rsquo;ethnie, la nation ou la religion, a de son c\u00f4t\u00e9 indiqu\u00e9 le parquet de Paris, sollicit\u00e9 par l&rsquo;AFP. Les investigations se poursuivent, a-t-il ajout\u00e9.<\/p>\n<p class=\"article-p mdl\">\u00ab\u00a0Paris est et restera une terre de r\u00e9sistance face \u00e0 toutes les formes de haine et la lutte contre l&rsquo;antis\u00e9mitisme sera toujours une priorit\u00e9 absolue de mon engagement politique\u00a0\u00bb, a assur\u00e9 Emmanuel Gr\u00e9goire, alors que les actes antis\u00e9mites &#8211; 1.320 en 2025 &#8211; n&rsquo;ont jamais \u00e9t\u00e9 aussi nombreux en France que pendant les trois derni\u00e8res ann\u00e9es, selon le minist\u00e8re de l&rsquo;Int\u00e9rieur.<\/p>\n<p class=\"article-p mdl\">Plus de 13.000 personnes ont \u00e9t\u00e9 arr\u00eat\u00e9es lors de la rafle du Vel d&rsquo;Hiv les 16 et 17 juillet 1942 \u00e0 Paris, dont 4.115 enfants. Aucun d&rsquo;entre eux n&rsquo;est revenu de d\u00e9portation. La France compte plus de 4.300 \u00ab\u00a0Justes parmi les Nations\u00a0\u00bb reconnus pour avoir sauv\u00e9 des juifs pendant la Shoah, selon l&rsquo;institut Yad Vashem de J\u00e9rusalem.<\/p>\n<p class=\"article-p mdl\">Selon le M\u00e9morial de la Shoah, Edmond Richemond avait 13 ans lorsque sa m\u00e8re a \u00e9t\u00e9 arr\u00eat\u00e9e pendant la rafle du Vel d&rsquo;Hiv. Parvenu \u00e0 s&rsquo;\u00e9chapper, il avait \u00e9t\u00e9 recueilli par des voisins puis confi\u00e9 plus tard aux \u00c9claireurs isra\u00e9lites qui l&rsquo;avaient fait passer en Suisse. Il avait ensuite retrouv\u00e9 son fr\u00e8re et son p\u00e8re, tous deux survivants du camp d&rsquo;Auschwitz.<\/p>\n<p>    La r\u00e9daction vous recommande<\/p>\n<p class=\"s-newsletter__title\">\n                L\u2019actualit\u00e9 par la r\u00e9daction de RTL dans votre bo\u00eete mail.\n            <\/p>\n<p class=\"s-newsletter__subtitle\">\n                Gr\u00e2ce \u00e0 votre compte RTL abonnez-vous \u00e0 la newsletter RTL info pour suivre toute l&rsquo;actualit\u00e9 au quotidien\n            <\/p>\n<p>\n                                    Lire la suite\n                                <\/p>\n<p class=\"article-google-preferred__title\">Ne laissez pas Google d\u00e9cider de vos sources.<\/p>\n<p>    <a href=\"https:\/\/www.google.com\/preferences\/source?q=https:\/\/www.rtl.fr\" target=\"_blank\" rel=\"noopener noreferrer nofollow\" class=\"article-google-preferred__btn at-class\" data-at-event=\"action\" data-at-category=\"actualite\" data-at-chapter1=\"pied_article\" data-at-chapter2=\"actu_justice_et_faits_divers\" data-at-click=\"favori_google\">Ajouter RTL comme source pr\u00e9f\u00e9r\u00e9e<\/a><\/p>\n","protected":false},"excerpt":{"rendered":"Une plaque comm\u00e9morative rendant hommage \u00e0 un couple de Justes a \u00e9t\u00e9 d\u00e9grad\u00e9e dans le sud-est de Paris,&hellip;\n","protected":false},"author":2,"featured_media":1073895,"comment_status":"","ping_status":"","sticky":false,"template":"","format":"standard","meta":{"footnotes":"","_share_on_mastodon":"0"},"categories":[1888],"tags":[1111,1928,11,1927,1777,674,107,1011,27,937,12,1926,626,1925,25,11942],"class_list":["post-1073894","post","type-post","status-publish","format-standard","has-post-thumbnail","category-paris","tag-actu","tag-actu-paris","tag-actualites","tag-actualites-paris","tag-eu","tag-europe","tag-fil-info","tag-fr","tag-france","tag-histoire","tag-news","tag-news-paris","tag-paris","tag-paris-news","tag-republique-francaise","tag-vandalisme"],"share_on_mastodon":{"url":"https:\/\/pubeurope.com\/@fr\/116944401020099894","error":""},"_links":{"self":[{"href":"https:\/\/www.europesays.com\/fr\/wp-json\/wp\/v2\/posts\/1073894","targetHints":{"allow":["GET"]}}],"collection":[{"href":"https:\/\/www.europesays.com\/fr\/wp-json\/wp\/v2\/posts"}],"about":[{"href":"https:\/\/www.europesays.com\/fr\/wp-json\/wp\/v2\/types\/post"}],"author":[{"embeddable":true,"href":"https:\/\/www.europesays.com\/fr\/wp-json\/wp\/v2\/users\/2"}],"replies":[{"embeddable":true,"href":"https:\/\/www.europesays.com\/fr\/wp-json\/wp\/v2\/comments?post=1073894"}],"version-history":[{"count":0,"href":"https:\/\/www.europesays.com\/fr\/wp-json\/wp\/v2\/posts\/1073894\/revisions"}],"wp:featuredmedia":[{"embeddable":true,"href":"https:\/\/www.europesays.com\/fr\/wp-json\/wp\/v2\/media\/1073895"}],"wp:attachment":[{"href":"https:\/\/www.europesays.com\/fr\/wp-json\/wp\/v2\/media?parent=1073894"}],"wp:term":[{"taxonomy":"category","embeddable":true,"href":"https:\/\/www.europesays.com\/fr\/wp-json\/wp\/v2\/categories?post=1073894"},{"taxonomy":"post_tag","embeddable":true,"href":"https:\/\/www.europesays.com\/fr\/wp-json\/wp\/v2\/tags?post=1073894"}],"curies":[{"name":"wp","href":"https:\/\/api.w.org\/{rel}","templated":true}]}}