{"id":10739,"date":"2025-04-08T17:18:27","date_gmt":"2025-04-08T17:18:27","guid":{"rendered":"https:\/\/www.europesays.com\/fr\/10739\/"},"modified":"2025-04-08T17:18:27","modified_gmt":"2025-04-08T17:18:27","slug":"a-quoi-va-servir-lai-factory-de-la-france-soutenue-par-leurope","status":"publish","type":"post","link":"https:\/\/www.europesays.com\/fr\/10739\/","title":{"rendered":"A quoi va servir l\u2019AI factory de la France, soutenue par l\u2019Europe ?"},"content":{"rendered":"<p>&#13;<br \/>\n\t\u00abCe programme a \u00e9t\u00e9 pens\u00e9 au m\u00eame moment que l\u2019AI Act, pour former un ensemble de dispositions destin\u00e9es \u00e0 renforcer le d\u00e9veloppement de l\u2019intelligence artificielle en Europe, retrace St\u00e9phane Requena, directeur technique et de l\u2019innovation du Grand \u00c9quipement national de calcul intensif (Genci). Il vise \u00e0 d\u00e9ployer des infrastructures de calcul d\u00e9di\u00e9es \u00e0 l\u2019IA et \u00e0 lui associer des services \u00e0 haute valeur ajout\u00e9.\u00bb Propri\u00e9taire et coordinateur des trois supercalculateurs publics fran\u00e7ais, le Genci est la structure qui porte et qui co-pilotera l\u2019AI Factory fran\u00e7aise.<\/p>\n<p>&#13;<br \/>\n\t<img decoding=\"async\" alt=\"Carte des 13 AI Factories s\u00e9lectionn\u00e9s par le programme EuroHPC lors des deux premi\u00e8res vagues de laur\u00e9ats, en d\u00e9cembre 2024 et mars 2025.\" src=\"data:image\/gif;base64,R0lGODdhAQABAPAAAMPDwwAAACwAAAAAAQABAAACAkQBADs=\" data-original=\"https:\/\/www.usinenouvelle.com\/mediatheque\/5\/8\/2\/001525285_illustration_large.jpg\"\/><\/p>\n<p>&#13;<br \/>\n\tCarte des 13 AI Factories s\u00e9lectionn\u00e9s par le programme EuroHPC lors des deux premi\u00e8res vagues de laur\u00e9ats, en d\u00e9cembre 2024 et mars 2025. Cr\u00e9dit : EuroHPC.&#13;<br \/>\n\t&#13;<\/p>\n<p>&#13;<br \/>\n\tLa majorit\u00e9 des AI factories vont se traduire par l\u2019achat de nouveaux supercalculateurs. Mais pas en France. Car l\u2019Hexagone, et plus pr\u00e9cis\u00e9ment le CEA sur son site de Bruy\u00e8res-le-Ch\u00e2tel (Essonne), doit d\u00e9j\u00e0 accueillir en 2026 le supercalculateur europ\u00e9en Alice Recoque \u2013 nom donn\u00e9 en l\u2019honneur de cette ing\u00e9nieure fran\u00e7aise qui a travaill\u00e9 d\u00e8s les ann\u00e9es 1950 au d\u00e9veloppement des ordinateurs. Il sera le second d\u2019Europe d\u2019une capacit\u00e9 de 1 exaflops (c\u2019est-\u00e0-dire capable de r\u00e9aliser un milliard de milliards d\u2019op\u00e9rations par seconde), apr\u00e8s <a href=\"https:\/\/www.usinenouvelle.com\/article\/a-angers-eviden-a-fabrique-des-pieces-cles-du-plus-puissant-supercalculateur-d-europe.N2228398\" target=\"_blank\" rel=\"noopener\">Jupiter, en construction en Allemagne<\/a>.<\/p>\n<p>&#13;<br \/>\n\t10 \u00e0 15000 GPU dans Alice Recoque<\/p>\n<p>&#13;<br \/>\n\t\u00abAlice Recoque sera le fer de lance de l\u2019AI factory fran\u00e7aise, fait valoir St\u00e9phane Requena. Avec possiblement de 10 \u00e0 15000 GPU [cartes graphiques] de nouvelle g\u00e9n\u00e9ration, auxquels s\u2019ajoutent les presque 4000 GPU du supercalculateur du CNRS Jean Zay, d\u00e9j\u00e0 mobilis\u00e9 pour l\u2019IA, on atteindra un niveau suffisant pour r\u00e9pondre aux besoins actuels.\u00bb<\/p>\n<p>&#13;<br \/>\n\tMais pas pour rivaliser avec un Google, Microsoft ou <a title=\"Amazon : L&#039;actualit\u00e9 \u00e9conomique du g\u00e9ant du e-commerce\" href=\"https:\/\/www.usine-digitale.fr\/amazon\/\" rel=\"noopener\" target=\"\" class=\"lien-contextuel\">Amazon<\/a>, dont un datacenter d\u00e9di\u00e9 au calcul en l\u2019IA contient plut\u00f4t de 20 \u00e0 30000 GPU. \u00abOn ne pr\u00e9voit pas d\u2019installer \u00e0 court terme de nouveaux supercalculateurs publics en France, mais on a commenc\u00e9 \u00e0 discuter avec nos homologues du centre allemand de Juelich, qui h\u00e9bergera Jupiter, de la possibilit\u00e9 de coupler virtuellement les deux machines. L\u00e0 on aurait la force d\u2019un Gafam\u00bb, plaide le directeur technique et innovation du Genci, qui pr\u00e9cise que Jupiter doit \u00eatre \u00e9quip\u00e9 d\u2019environ 24000 GPU.<\/p>\n<p>&#13;<br \/>\n\tApporter de l\u2019expertise et des services<\/p>\n<p>&#13;<br \/>\n\tMais le concept d\u2019AI Factory ne renvoie pas seulement aux machines. Il s\u2019agit derri\u00e8re d\u2019offrir un ensemble de services, en mati\u00e8re de formation (en s\u2019appuyant sur <a href=\"https:\/\/www.usinenouvelle.com\/editorial\/la-france-mise-sur-neuf-clusters-de-l-ia-pour-se-doter-d-experts-de-haut-niveau-en-intelligence-artificielle.N2217542\" target=\"_blank\" rel=\"noopener\">les neuf clusters d\u00e9j\u00e0 s\u00e9lectionn\u00e9s par France 2030 pour d\u00e9velopper la formation \u00e0 l\u2019IA<\/a>). Mais aussi d\u2019acc\u00e8s \u00e0 l\u2019information, d\u2019acc\u00e8s \u00e0 de la donn\u00e9e de qualit\u00e9 (\u00e0 travers la cr\u00e9ation et la mise \u00e0 disposition de jeux de donn\u00e9es dans diff\u00e9rents domaines), d\u2019aide au d\u00e9veloppement de mod\u00e8les d\u2019IA et de leur diffusion en open source, liste St\u00e9phane Requena. Pour ce faire, l\u2019AI Factory fran\u00e7aise embarque d\u00e9j\u00e0 un certain nombre de partenaires, comme l\u2019association repr\u00e9sentative de l\u2019\u00e9cosyst\u00e8me France Hub IA, les centres de recherches CNRS, Inria et CEA, le r\u00e9seau French Tech, l\u2019incubateur Station F, mais aussi <a href=\"https:\/\/www.usinenouvelle.com\/article\/la-nouvelle-agence-ministerielle-specialisee-dans-l-ia-militaire-en-cinq-questions.N2209665\" target=\"_blank\" rel=\"noopener\">l\u2019agence minist\u00e9rielle pour l\u2019IA de d\u00e9fense<\/a> (Amiad).<\/p>\n<p>&#13;<br \/>\n\t\u00abNous discutons aussi avec certains acteurs priv\u00e9s de la possibilit\u00e9 qu\u2019ils deviennent des partenaires associ\u00e9s afin de cr\u00e9er une continuit\u00e9 entre l\u2019offre publique et celle priv\u00e9e souveraine, dessine St\u00e9phane Requena, en r\u00e9f\u00e9rence \u00e0 des acteurs comme Scaleway, Outscale ou OVH. Ces acteurs, qui vendent aujourd\u2019hui du temps de calcul brut, sont int\u00e9ress\u00e9s \u00e0 l\u2019id\u00e9e que la sph\u00e8re publique les aide \u00e0 d\u00e9velopper des comp\u00e9tences d\u2019optimisation et d\u2019accompagnement, tr\u00e8s appr\u00e9ci\u00e9es des start-up venant travailler sur nos supercalculateurs.\u00bb<\/p>\n<p>&#13;<br \/>\n\tDot\u00e9e d\u2019un budget de 30 millions d\u2019euros sur 3 ans \u2013 dont la moiti\u00e9 est financ\u00e9e par la France, l\u2019autre par l\u2019Europe \u2013 l\u2019AI Factory fran\u00e7aise va d\u00e9marrer au deuxi\u00e8me semestre 2025, avec une pleine production vis\u00e9e pour d\u00e9but 2026. Si une incarnation physique n\u2019est pas au programme pour l\u2019instant, St\u00e9phane Requena n\u2019exclut pas cette option. Une des pistes serait de cr\u00e9er un bureau dans chaque capitale et communaut\u00e9 de la French Tech, pour \u00eatre pr\u00e9sent sur tout le territoire.<\/p>\n","protected":false},"excerpt":{"rendered":"&#13; \u00abCe programme a \u00e9t\u00e9 pens\u00e9 au m\u00eame moment que l\u2019AI Act, pour former un ensemble de dispositions&hellip;\n","protected":false},"author":2,"featured_media":10740,"comment_status":"","ping_status":"","sticky":false,"template":"","format":"standard","meta":{"footnotes":""},"categories":[4],"tags":[11,5204,5205,5203,674,1011,27,861,5206,14,12,959,25,5202],"class_list":{"0":"post-10739","1":"post","2":"type-post","3":"status-publish","4":"format-standard","5":"has-post-thumbnail","7":"category-france","8":"tag-actualites","9":"tag-cea","10":"tag-cnrs","11":"tag-electronique-informati","12":"tag-europe","13":"tag-fr","14":"tag-france","15":"tag-ia","16":"tag-inria","17":"tag-international","18":"tag-news","19":"tag-recherche","20":"tag-republique-francaise","21":"tag-technos-et-innovations"},"share_on_mastodon":{"url":"https:\/\/pubeurope.com\/@fr\/114303487439572066","error":""},"_links":{"self":[{"href":"https:\/\/www.europesays.com\/fr\/wp-json\/wp\/v2\/posts\/10739","targetHints":{"allow":["GET"]}}],"collection":[{"href":"https:\/\/www.europesays.com\/fr\/wp-json\/wp\/v2\/posts"}],"about":[{"href":"https:\/\/www.europesays.com\/fr\/wp-json\/wp\/v2\/types\/post"}],"author":[{"embeddable":true,"href":"https:\/\/www.europesays.com\/fr\/wp-json\/wp\/v2\/users\/2"}],"replies":[{"embeddable":true,"href":"https:\/\/www.europesays.com\/fr\/wp-json\/wp\/v2\/comments?post=10739"}],"version-history":[{"count":0,"href":"https:\/\/www.europesays.com\/fr\/wp-json\/wp\/v2\/posts\/10739\/revisions"}],"wp:featuredmedia":[{"embeddable":true,"href":"https:\/\/www.europesays.com\/fr\/wp-json\/wp\/v2\/media\/10740"}],"wp:attachment":[{"href":"https:\/\/www.europesays.com\/fr\/wp-json\/wp\/v2\/media?parent=10739"}],"wp:term":[{"taxonomy":"category","embeddable":true,"href":"https:\/\/www.europesays.com\/fr\/wp-json\/wp\/v2\/categories?post=10739"},{"taxonomy":"post_tag","embeddable":true,"href":"https:\/\/www.europesays.com\/fr\/wp-json\/wp\/v2\/tags?post=10739"}],"curies":[{"name":"wp","href":"https:\/\/api.w.org\/{rel}","templated":true}]}}