{"id":1073965,"date":"2026-07-19T03:56:33","date_gmt":"2026-07-19T03:56:33","guid":{"rendered":"https:\/\/www.europesays.com\/fr\/1073965\/"},"modified":"2026-07-19T03:56:33","modified_gmt":"2026-07-19T03:56:33","slug":"poulet-au-corps-deforme-poisson-transperce-vivant-deux-manifestations-animalistes-organisees-pres-de-rennes","status":"publish","type":"post","link":"https:\/\/www.europesays.com\/fr\/1073965\/","title":{"rendered":"\u00ab\u00a0Poulet au corps d\u00e9form\u00e9\u00a0\u00bb, poisson \u00ab\u00a0transperc\u00e9 vivant\u00a0\u00bb&#8230; Deux manifestations animalistes organis\u00e9es pr\u00e8s de Rennes"},"content":{"rendered":"<p>                    Par<br \/>\n        <strong><br \/>\n            <a href=\"https:\/\/actu.fr\/auteur\/clemence-pays02-actu-fr\" title=\"Consulter tous les articles de Cl\u00e9mence Pays\" rel=\"nofollow noopener\" target=\"_blank\">Cl\u00e9mence Pays<\/a><br \/>\n                    <\/strong><\/p>\n<p>        Publi\u00e9 le<\/p>\n<p>            18 juil. 2026 \u00e0 6h04        <\/p>\n<p>Hasard du calendrier, deux manifestations diff\u00e9rentes sont organis\u00e9es dans la m\u00e9tropole de Rennes, samedi 18\u00a0juillet 2026, pour militer pour une meilleure condition animale.<\/p>\n<p>Stop \u00e0 la p\u00eache au vif<\/p>\n<p class=\" wall-content\">La premi\u00e8re action est organis\u00e9e par l\u2019association animaliste <strong>Projet animaux zoopolis (Paz),<\/strong> devant le magasin Le Coin du p\u00eacheur situ\u00e9 \u00e0 <a href=\"https:\/\/actu.fr\/bretagne\/vezin-le-coquet_35353\" rel=\"nofollow noopener\" target=\"_blank\">Vezin-le-Coquet<\/a>.<\/p>\n<p class=\" wall-content\">Des militants distribueront des tracts et brandiront des panneaux pour sensibiliser les clients afin de demander \u00e0 la boutique \u00ab\u2009de <strong>cesser de vendre des poissons pour la p\u00eache au vif<\/strong>\u2009\u00bb, annonce Paz.<\/p>\n<blockquote class=\"ac-article-quote wall-content\">\n<p>La p\u00eache au vif est une technique de p\u00eache cruelle qui consiste \u00e0 utiliser un animal vert\u00e9br\u00e9 vivant comme app\u00e2t, g\u00e9n\u00e9ralement un poisson. Transperc\u00e9 vivant avec un hame\u00e7on puis jet\u00e9 \u00e0 l\u2019eau pour attirer un poisson carnassier, l\u2019animal peut agoniser de longues minutes voire des heures avant de se retrouver face \u00e0 son pr\u00e9dateur sans possibilit\u00e9 de fuir.<\/p>\n<p>    <strong>Paz<\/strong><br \/>\n        Association animaliste    <\/p><\/blockquote>\n<p class=\" wall-content\">L\u2019association a d\u00e9j\u00e0 men\u00e9 plusieurs campagnes de sensibilisation contre la p\u00eache au vif et lanc\u00e9 de nombreuses p\u00e9titions, <a href=\"https:\/\/actu.fr\/pays-de-la-loire\/nantes_44109\/pres-de-nantes-ce-decathlon-arrete-la-vente-de-poissons-vivants-pour-la-peche-au-vif_61816427.html\" rel=\"nofollow noopener\" target=\"_blank\">notamment contre des magasins Decathlon qui vendent des poissons ou crabes vivants<\/a>.<\/p>\n<p>Contre l\u2019\u00e9levage intensif<\/p>\n<p class=\" wall-content\">La seconde mobilisation est organis\u00e9e par<strong> L214,<\/strong> au Carrefour Rennes Cesson, de 10h \u00e0 12h.<\/p>\n<p class=\" wall-content\">Les militants de l\u2019association iront \u00e0 la rencontre des clients du supermarch\u00e9 pour les informer sur les \u00ab\u2009pratiques de l\u2019enseigne\u2009\u00bb.<\/p>\n<p class=\" wall-content\">Selon L214, \u00ab\u2009bien que le groupe [Carrefour, N.D.L.R.] revendique le statut de\u2009\u2019pionnier sur le bien-\u00eatre animal\u2019, \u00e0 travers son programme Act For Food, il <strong>recourt massivement \u00e0 l\u2019\u00e9levage intensif<\/strong> pour proposer des prix bas, y compris pour sa Fili\u00e8re qualit\u00e9\u2009\u00bb.<\/p>\n<blockquote class=\"ac-article-quote wall-content\">\n<p>Les militants exposeront une structure de lapin g\u00e9ant devant le magasin \u00e0 Cesson-S\u00e9vign\u00e9, ainsi que les portraits d\u2019animaux photographi\u00e9s dans des \u00e9levages intensifs fournissant Carrefour : un poulet au corps d\u00e9form\u00e9 par la s\u00e9lection g\u00e9n\u00e9tique, un cochon \u00e9lev\u00e9 dans une exploitation grouillante de cafards, une dinde ayant pass\u00e9 sa vie dans ses d\u00e9jections&#8230;<\/p>\n<p>    <strong>L214<\/strong>\n            <\/p><\/blockquote>\n<p class=\" wall-content\">Par cette action, les militants demandent \u00e0 Carrefour de<strong> sortir du syst\u00e8me<\/strong> de l\u2019\u00e9levage intensif en s\u2019engageant \u00e0 <strong>diminuer de moiti\u00e9<\/strong> le nombre d\u2019animaux tu\u00e9s d\u2019ici 2030.<\/p>\n<p class=\" wall-content\">Personnalisez votre actualit\u00e9 en ajoutant vos villes et m\u00e9dias en favori avec <a href=\"https:\/\/moncompte.actu.fr\" title=\"D\u00e9couvez Mon Actu\" rel=\"nofollow noopener\" data-trk=\"{&quot;cta&quot;:{&quot;action&quot;:&quot;https:\\\/\\\/moncompte.actu.fr&quot;,&quot;category&quot;:&quot;mon compte&quot;,&quot;from&quot;:&quot;article footer&quot;,&quot;name&quot;:&quot;Mon actu&quot;,&quot;type&quot;:&quot;cta&quot;}}\" target=\"_blank\">Mon Actu<\/a>.<\/p>\n","protected":false},"excerpt":{"rendered":"Par Cl\u00e9mence Pays Publi\u00e9 le 18 juil. 2026 \u00e0 6h04 Hasard du calendrier, deux manifestations diff\u00e9rentes sont organis\u00e9es&hellip;\n","protected":false},"author":2,"featured_media":1073966,"comment_status":"","ping_status":"","sticky":false,"template":"","format":"standard","meta":{"footnotes":"","_share_on_mastodon":"0"},"categories":[2821],"tags":[1111,11,258,1867,829,1777,674,1011,27,6795,1272,12,52,584,25],"class_list":["post-1073965","post","type-post","status-publish","format-standard","has-post-thumbnail","category-rennes","tag-actu","tag-actualites","tag-alimentation","tag-animaux","tag-bretagne","tag-eu","tag-europe","tag-fr","tag-france","tag-maltraitance-animale","tag-manifestations","tag-news","tag-planete","tag-rennes","tag-republique-francaise"],"share_on_mastodon":{"url":"https:\/\/pubeurope.com\/@fr\/116944632972171947","error":""},"_links":{"self":[{"href":"https:\/\/www.europesays.com\/fr\/wp-json\/wp\/v2\/posts\/1073965","targetHints":{"allow":["GET"]}}],"collection":[{"href":"https:\/\/www.europesays.com\/fr\/wp-json\/wp\/v2\/posts"}],"about":[{"href":"https:\/\/www.europesays.com\/fr\/wp-json\/wp\/v2\/types\/post"}],"author":[{"embeddable":true,"href":"https:\/\/www.europesays.com\/fr\/wp-json\/wp\/v2\/users\/2"}],"replies":[{"embeddable":true,"href":"https:\/\/www.europesays.com\/fr\/wp-json\/wp\/v2\/comments?post=1073965"}],"version-history":[{"count":0,"href":"https:\/\/www.europesays.com\/fr\/wp-json\/wp\/v2\/posts\/1073965\/revisions"}],"wp:featuredmedia":[{"embeddable":true,"href":"https:\/\/www.europesays.com\/fr\/wp-json\/wp\/v2\/media\/1073966"}],"wp:attachment":[{"href":"https:\/\/www.europesays.com\/fr\/wp-json\/wp\/v2\/media?parent=1073965"}],"wp:term":[{"taxonomy":"category","embeddable":true,"href":"https:\/\/www.europesays.com\/fr\/wp-json\/wp\/v2\/categories?post=1073965"},{"taxonomy":"post_tag","embeddable":true,"href":"https:\/\/www.europesays.com\/fr\/wp-json\/wp\/v2\/tags?post=1073965"}],"curies":[{"name":"wp","href":"https:\/\/api.w.org\/{rel}","templated":true}]}}