{"id":107402,"date":"2025-05-17T16:54:08","date_gmt":"2025-05-17T16:54:08","guid":{"rendered":"https:\/\/www.europesays.com\/fr\/107402\/"},"modified":"2025-05-17T16:54:08","modified_gmt":"2025-05-17T16:54:08","slug":"prison-ferme-et-25-me-damende-pour-un-espagnol","status":"publish","type":"post","link":"https:\/\/www.europesays.com\/fr\/107402\/","title":{"rendered":"prison ferme et 2,5 M\u20ac d\u2019amende pour un Espagnol"},"content":{"rendered":"<p>            Par<br \/>\n        <strong><br \/>\n            <a href=\"https:\/\/actu.fr\/auteur\/redaction-lille\" title=\"Consulter tous les articles de R\u00e9daction Lille\" rel=\"nofollow noopener\" target=\"_blank\">R\u00e9daction Lille<\/a><br \/>\n        <\/strong><\/p>\n<p>        Publi\u00e9 le<\/p>\n<p>            17 mai 2025 \u00e0 18h10        <\/p>\n<p>Un Espagnol de 52\u00a0ans a \u00e9t\u00e9<b> jug\u00e9 au tribunal de Lille<\/b> (Nord) pour transport, d\u00e9tention et importation de <b>coca\u00efne<\/b>. Les faits remontent au <b>21\u00a0avril 2025<\/b>\u2009: lors d\u2019un<b> contr\u00f4le douanier,<\/b> les chiens mettent peu de temps \u00e0 retrouver les<b> 41\u00a0kg de stup\u00e9fiants <\/b>que cachait l\u2019homme \u00e0 l\u2019avant de son v\u00e9hicule. La<b> valeur de la marchandise <\/b>est \u00e9valu\u00e9e \u00e0 <b>pr\u00e8s de 2,5\u00a0millions d\u2019euros.<\/b><\/p>\n<p>\u00ab\u2009J\u2019ai \u00e9t\u00e9 stupide, on m\u2019a compl\u00e8tement tromp\u00e9\u2009\u00bb<\/p>\n<p class=\" wall-content\">Au tribunal, le pr\u00e9venu reconna\u00eet avoir transport\u00e9 des produits stup\u00e9fiants mais<b> il pensait qu\u2019il s\u2019agissait de dix kilos de cannabis.<\/b> Il raconte avoir \u00e9t\u00e9 approch\u00e9 en Espagne, dans une \u00ab\u2009cantine sociale\u2009\u00bb. L\u2019homme aurait \u00e9t\u00e9 charg\u00e9 de r\u00e9cup\u00e9rer la camionnette d\u00e9j\u00e0 charg\u00e9e, \u00e0 Rotterdam aux Pays-Bas. \u00ab\u2009Si j\u2019avais su que c\u2019\u00e9tait de la coca\u00efne, je ne l\u2019aurais jamais fait. J\u2019ai \u00e9t\u00e9 stupide, on m\u2019a compl\u00e8tement tromp\u00e9\u2009\u00bb, conc\u00e8de le pr\u00e9venu. Il s\u2019excuse tout de m\u00eame \u00ab\u2009aupr\u00e8s de l\u2019\u00c9tat fran\u00e7ais\u2009\u00bb et avoue avoir \u00ab\u2009c\u00e9d\u00e9 \u00e0 la tentation\u2009\u00bb.<\/p>\n<p class=\" wall-content\">Le pr\u00e9venu de 52\u00a0ans <b>devait en effet empocher 3\u2009000\u00a0euros<\/b>. Une somme d\u2019argent lui permettant de rendre visite \u00e0 sa m\u00e8re malade \u00e0 Tenerife, en Espagne. Vivant un \u00ab\u2009moment difficile au travail\u2009\u00bb, l\u2019homme avait besoin d\u2019argent mais il avoue d\u00e9sormais au tribunal avoir \u00ab\u2009peur des repr\u00e9sailles envers sa famille\u2009\u00bb.<\/p>\n<p>\u00ab\u2009Dix kilos de cannabis \u00e7a sent, \u00e7a doit piquer les narines\u2009\u00bb<\/p>\n<p class=\" wall-content\">L\u2019avocat de la d\u00e9fense affirme que le pr\u00e9venu a \u00e9t\u00e9 \u00ab\u2009utilis\u00e9 par un r\u00e9seau organis\u00e9\u2009\u00bb. Selon lui, ce sont les instigateurs qui devraient \u00eatre sanctionn\u00e9s\u2009: \u00ab\u2009Aujourd\u2019hui, ils sont bien tranquilles et prot\u00e9g\u00e9s.\u2009\u00bb L\u2019avocat explique \u00ab\u2009l\u2019\u00e9tat de faiblesse \u00e9conomique\u2009\u00bb qui a pouss\u00e9 son client \u00e0 commettre les faits. Il rappelle \u00e9galement que ce dernier reconna\u00eet avoir transport\u00e9 des stup\u00e9fiants et a \u00ab\u2009conscience de sa responsabilit\u00e9\u2009\u00bb.<\/p>\n<p class=\" wall-content\">Pour la procureure de la R\u00e9publique, les explications du pr\u00e9venu ne tiennent pas debout. Elle est persuad\u00e9e que l\u2019homme de 52\u00a0ans savait ce qu\u2019il transportait car \u00ab\u2009l\u2019absence d\u2019odeur aurait d\u00fb l\u2019interpeller\u2009\u00bb. Selon elle, le cannabis poss\u00e8de \u00ab\u2009une odeur insupportable\u2009\u00bb que le pr\u00e9venu n\u2019aurait pu ignorer\u2009: \u00ab\u2009Dix kilos de cannabis \u00e7a sent, \u00e7a doit piquer les narines.\u2009\u00bb Au regard de la \u00ab\u2009gravit\u00e9 de la mati\u00e8re stup\u00e9fiante\u2009\u00bb, elle requiert six ans d\u2019emprisonnement, une amende de 200\u2009000\u00a0euros ainsi qu\u2019une amende douani\u00e8re du montant de la drogue saisie. Finalement, le tribunal <b>condamne le pr\u00e9venu espagnol \u00e0 cinq ans de prison <\/b>dont trente mois de sursis simple. Le cinquantenaire a l\u2019interdiction de para\u00eetre sur le territoire fran\u00e7ais pendant dix ans et \u00e9cope \u00e9galement d\u2019une <b>amende douani\u00e8re.<\/b><\/p>\n<p class=\" wall-content\"><b>Par Zo\u00e9 Hondt<\/b><\/p>\n<p class=\" wall-content\">Suivez toute l\u2019actualit\u00e9 de vos villes et m\u00e9dias favoris en vous inscrivant \u00e0 <a href=\"https:\/\/moncompte.actu.fr\" title=\"D\u00e9couvez Mon Actu\" rel=\"nofollow noopener\" data-trk=\"{&quot;cta&quot;:{&quot;action&quot;:&quot;https:\\\/\\\/moncompte.actu.fr&quot;,&quot;category&quot;:&quot;mon compte&quot;,&quot;from&quot;:&quot;article footer&quot;,&quot;name&quot;:&quot;Mon actu&quot;,&quot;type&quot;:&quot;cta&quot;}}\" target=\"_blank\">Mon Actu<\/a>.<\/p>\n","protected":false},"excerpt":{"rendered":"Par R\u00e9daction Lille Publi\u00e9 le 17 mai 2025 \u00e0 18h10 Un Espagnol de 52\u00a0ans a \u00e9t\u00e9 jug\u00e9 au&hellip;\n","protected":false},"author":2,"featured_media":107403,"comment_status":"","ping_status":"","sticky":false,"template":"","format":"standard","meta":{"footnotes":""},"categories":[2815],"tags":[1111,11,1052,1777,674,118,1011,27,811,1307,12,25],"class_list":{"0":"post-107402","1":"post","2":"type-post","3":"status-publish","4":"format-standard","5":"has-post-thumbnail","7":"category-lille","8":"tag-actu","9":"tag-actualites","10":"tag-drogue","11":"tag-eu","12":"tag-europe","13":"tag-faits-divers","14":"tag-fr","15":"tag-france","16":"tag-hauts-de-france","17":"tag-lille","18":"tag-news","19":"tag-republique-francaise"},"share_on_mastodon":{"url":"https:\/\/pubeurope.com\/@fr\/114524223158854982","error":""},"_links":{"self":[{"href":"https:\/\/www.europesays.com\/fr\/wp-json\/wp\/v2\/posts\/107402","targetHints":{"allow":["GET"]}}],"collection":[{"href":"https:\/\/www.europesays.com\/fr\/wp-json\/wp\/v2\/posts"}],"about":[{"href":"https:\/\/www.europesays.com\/fr\/wp-json\/wp\/v2\/types\/post"}],"author":[{"embeddable":true,"href":"https:\/\/www.europesays.com\/fr\/wp-json\/wp\/v2\/users\/2"}],"replies":[{"embeddable":true,"href":"https:\/\/www.europesays.com\/fr\/wp-json\/wp\/v2\/comments?post=107402"}],"version-history":[{"count":0,"href":"https:\/\/www.europesays.com\/fr\/wp-json\/wp\/v2\/posts\/107402\/revisions"}],"wp:featuredmedia":[{"embeddable":true,"href":"https:\/\/www.europesays.com\/fr\/wp-json\/wp\/v2\/media\/107403"}],"wp:attachment":[{"href":"https:\/\/www.europesays.com\/fr\/wp-json\/wp\/v2\/media?parent=107402"}],"wp:term":[{"taxonomy":"category","embeddable":true,"href":"https:\/\/www.europesays.com\/fr\/wp-json\/wp\/v2\/categories?post=107402"},{"taxonomy":"post_tag","embeddable":true,"href":"https:\/\/www.europesays.com\/fr\/wp-json\/wp\/v2\/tags?post=107402"}],"curies":[{"name":"wp","href":"https:\/\/api.w.org\/{rel}","templated":true}]}}