{"id":1074102,"date":"2026-07-19T05:37:27","date_gmt":"2026-07-19T05:37:27","guid":{"rendered":"https:\/\/www.europesays.com\/fr\/1074102\/"},"modified":"2026-07-19T05:37:27","modified_gmt":"2026-07-19T05:37:27","slug":"paris-un-homme-en-garde-a-vue-pour-avoir-allume-un-incendie-dans-le-bois-de-boulogne-4","status":"publish","type":"post","link":"https:\/\/www.europesays.com\/fr\/1074102\/","title":{"rendered":"Paris\u00a0: un homme en garde \u00e0 vue pour avoir allum\u00e9 un incendie dans le bois de Boulogne"},"content":{"rendered":"<p>Un homme de 23\u00a0ans a \u00e9t\u00e9 plac\u00e9 en garde \u00e0 vue vendredi soir <a href=\"https:\/\/.maville.com\/\/\" target=\"_self\" rel=\"nofollow noopener\">\u00e0 Paris<\/a> pour avoir allum\u00e9 un feu avec l\u2019intention, selon ses d\u00e9clarations, d\u2019incendier le bois de Boulogne, dans l\u2019ouest de la capitale, a-t-on appris samedi de source polici\u00e8re.<\/p>\n<p>Les policiers ont \u00e9t\u00e9 alert\u00e9s vendredi soir, vers 23H, pour un d\u00e9but d\u2019incendie dans le bois de Boulogne, situ\u00e9 dans le 16e arrondissement de la capitale, a relat\u00e9 cette m\u00eame source. Arriv\u00e9s sur place, ils ont d\u00e9couvert un d\u00e9but d\u2019incendie sur un tas de broussailles se propageant \u00e0 un tronc d\u2019arbre, a poursuivi la source polici\u00e8re.<\/p>\n<p>Les policiers sont parvenus \u00e0 circonscrire puis \u00e9teindre les flammes avec des extincteurs. Au total, un m\u00e8tre carr\u00e9 de v\u00e9g\u00e9tation a br\u00fbl\u00e9 et le tronc d\u2019un arbre a \u00e9t\u00e9 noirci par les flammes.<\/p>\n<p>D\u00e9gradation volontaire par incendie<\/p>\n<p>Lors de leur intervention, ils ont interpell\u00e9 un jeune homme pr\u00e9sent sur les lieux qui a reconnu aupr\u00e8s des fonctionnaires de police avoir eu l\u2019intention de mettre le feu au bois de Boulogne, a rapport\u00e9 la source polici\u00e8re. Il a \u00e9t\u00e9 plac\u00e9 en garde \u00e0 vue pour d\u00e9gradation volontaire par incendie, a-t-elle ajout\u00e9.<\/p>\n<p>Les investigations se poursuivent et la garde \u00e0 vue du jeune homme, n\u00e9 en 2002, a \u00e9t\u00e9 prolong\u00e9e, a indiqu\u00e9 samedi soir le parquet de Paris, sollicit\u00e9 par l\u2019AFP. L\u2019enqu\u00eate a \u00e9t\u00e9 confi\u00e9e au commissariat du 16e arrondissement, a pr\u00e9cis\u00e9 le parquet.<\/p>\n<p>En r\u00e9gion parisienne, les feux, qui se sont d\u00e9clar\u00e9s dimanche et lundi dans la for\u00eat de Fontainebleau, en Seine-et-Marne, ont br\u00fbl\u00e9 environ 2\u00a0200\u00a0hectares, selon le dernier bilan communiqu\u00e9 par la pr\u00e9fecture.<\/p>\n<p>Mercredi, deux hommes de 18\u00a0ans, dont un pompier volontaire, soup\u00e7onn\u00e9s d\u2019avoir mis le feu d\u00e9lib\u00e9r\u00e9ment \u00e0 deux endroits, Arbonne-la-For\u00eat et Fontainebleau, ont \u00e9t\u00e9 mis en examen et \u00e9crou\u00e9s.<\/p>\n<p>Et jeudi soir, deux ouvriers ont \u00e9t\u00e9 mis en examen pour\u00ab\u00a0destruction involontaire par incendie [\u2026] par manquement \u00e0 une obligation de s\u00e9curit\u00e9 ou de prudence\u00a0\u00bb pour leur implication dans le premier feu d\u00e9clench\u00e9 aux abords de l\u2019autoroute A6\u00a0qui s\u2019\u00e9tait ensuite propag\u00e9 \u00e0 la for\u00eat, a indiqu\u00e9 la procureure de Fontainebleau \u00e0 l\u2019AFP.<\/p>\n<p>\u00a0<\/p>\n","protected":false},"excerpt":{"rendered":"Un homme de 23\u00a0ans a \u00e9t\u00e9 plac\u00e9 en garde \u00e0 vue vendredi soir \u00e0 Paris pour avoir allum\u00e9&hellip;\n","protected":false},"author":2,"featured_media":1073504,"comment_status":"","ping_status":"","sticky":false,"template":"","format":"standard","meta":{"footnotes":"","_share_on_mastodon":"0"},"categories":[1888],"tags":[11,27070,4154,23611,1777,674,1011,27,8712,4933,1310,2047,12,626,25,13373],"class_list":["post-1074102","post","type-post","status-publish","format-standard","has-post-thumbnail","category-paris","tag-actualites","tag-allume","tag-bois","tag-boulogne","tag-eu","tag-europe","tag-fr","tag-france","tag-garde","tag-homme","tag-incendie","tag-mans","tag-news","tag-paris","tag-republique-francaise","tag-vue"],"share_on_mastodon":{"url":"https:\/\/pubeurope.com\/@fr\/116945030190284794","error":""},"_links":{"self":[{"href":"https:\/\/www.europesays.com\/fr\/wp-json\/wp\/v2\/posts\/1074102","targetHints":{"allow":["GET"]}}],"collection":[{"href":"https:\/\/www.europesays.com\/fr\/wp-json\/wp\/v2\/posts"}],"about":[{"href":"https:\/\/www.europesays.com\/fr\/wp-json\/wp\/v2\/types\/post"}],"author":[{"embeddable":true,"href":"https:\/\/www.europesays.com\/fr\/wp-json\/wp\/v2\/users\/2"}],"replies":[{"embeddable":true,"href":"https:\/\/www.europesays.com\/fr\/wp-json\/wp\/v2\/comments?post=1074102"}],"version-history":[{"count":0,"href":"https:\/\/www.europesays.com\/fr\/wp-json\/wp\/v2\/posts\/1074102\/revisions"}],"wp:featuredmedia":[{"embeddable":true,"href":"https:\/\/www.europesays.com\/fr\/wp-json\/wp\/v2\/media\/1073504"}],"wp:attachment":[{"href":"https:\/\/www.europesays.com\/fr\/wp-json\/wp\/v2\/media?parent=1074102"}],"wp:term":[{"taxonomy":"category","embeddable":true,"href":"https:\/\/www.europesays.com\/fr\/wp-json\/wp\/v2\/categories?post=1074102"},{"taxonomy":"post_tag","embeddable":true,"href":"https:\/\/www.europesays.com\/fr\/wp-json\/wp\/v2\/tags?post=1074102"}],"curies":[{"name":"wp","href":"https:\/\/api.w.org\/{rel}","templated":true}]}}