{"id":107432,"date":"2025-05-17T17:11:11","date_gmt":"2025-05-17T17:11:11","guid":{"rendered":"https:\/\/www.europesays.com\/fr\/107432\/"},"modified":"2025-05-17T17:11:11","modified_gmt":"2025-05-17T17:11:11","slug":"longvic-la-commune-a-fete-leurope","status":"publish","type":"post","link":"https:\/\/www.europesays.com\/fr\/107432\/","title":{"rendered":"Longvic. La commune a f\u00eat\u00e9 l\u2019Europe"},"content":{"rendered":"<p>Dans le cadre du mois de l\u2019Europe, la ville de Longvic a organis\u00e9 un apr\u00e8s-midi festif, citoyen et interg\u00e9n\u00e9rationnel le mercredi 14\u00a0mai\u00a0sur la place Nelson-Mandela.<\/p>\n<p>Pour C\u00e9line Tonot, maire de Longvic, \u00ab\u00a0la ville est engag\u00e9e dans la vie europ\u00e9enne et nous devions faire une action en ce sens\u00a0\u00bb.\u00a0Tout au long de l\u2019apr\u00e8s-midi un vaste programme avec des jeux pour tous les \u00e2ges (quiz, escape game , animations), maquillage, enregistrement de podcasts, ateliers linguistiques, informations sur le programme Erasmus et la mobilit\u00e9 europ\u00e9enne, \u0153uvre collective \u00e9ph\u00e9m\u00e8re aux couleurs de l\u2019Europe \u00e0 laquelle chacun a contribu\u00e9.<\/p>\n<p>Au stand de la maison de l\u2019Europe, les visiteurs ont pu \u00e9changer sur la d\u00e9couverte des diff\u00e9rents pays et leurs capitales dans un esprit convivial et m\u00eame repartir avec la carte du Vieux Continent. L\u2019\u00e9cole des m\u00e9tiers de Longvic \u00e9tait pr\u00e9sente pour renseigner les jeunes apprentis sur les diverses possibilit\u00e9s offertes par l\u2019Europe. Une manifestation qui a attir\u00e9 un grand nombre de visiteurs.<\/p>\n","protected":false},"excerpt":{"rendered":"Dans le cadre du mois de l\u2019Europe, la ville de Longvic a organis\u00e9 un apr\u00e8s-midi festif, citoyen et&hellip;\n","protected":false},"author":2,"featured_media":107433,"comment_status":"","ping_status":"","sticky":false,"template":"","format":"standard","meta":{"footnotes":""},"categories":[1586],"tags":[11,18761,1687,8588,1777,674,107,1011,27,18760,12,25],"class_list":{"0":"post-107432","1":"post","2":"type-post","3":"status-publish","4":"format-standard","5":"has-post-thumbnail","7":"category-europe","8":"tag-actualites","9":"tag-chenove-bassin","10":"tag-culture-loisirs","11":"tag-edition-dijon-et-son-agglomeration","12":"tag-eu","13":"tag-europe","14":"tag-fil-info","15":"tag-fr","16":"tag-france","17":"tag-longvic","18":"tag-news","19":"tag-republique-francaise"},"share_on_mastodon":{"url":"https:\/\/pubeurope.com\/@fr\/114524290372385892","error":""},"_links":{"self":[{"href":"https:\/\/www.europesays.com\/fr\/wp-json\/wp\/v2\/posts\/107432","targetHints":{"allow":["GET"]}}],"collection":[{"href":"https:\/\/www.europesays.com\/fr\/wp-json\/wp\/v2\/posts"}],"about":[{"href":"https:\/\/www.europesays.com\/fr\/wp-json\/wp\/v2\/types\/post"}],"author":[{"embeddable":true,"href":"https:\/\/www.europesays.com\/fr\/wp-json\/wp\/v2\/users\/2"}],"replies":[{"embeddable":true,"href":"https:\/\/www.europesays.com\/fr\/wp-json\/wp\/v2\/comments?post=107432"}],"version-history":[{"count":0,"href":"https:\/\/www.europesays.com\/fr\/wp-json\/wp\/v2\/posts\/107432\/revisions"}],"wp:featuredmedia":[{"embeddable":true,"href":"https:\/\/www.europesays.com\/fr\/wp-json\/wp\/v2\/media\/107433"}],"wp:attachment":[{"href":"https:\/\/www.europesays.com\/fr\/wp-json\/wp\/v2\/media?parent=107432"}],"wp:term":[{"taxonomy":"category","embeddable":true,"href":"https:\/\/www.europesays.com\/fr\/wp-json\/wp\/v2\/categories?post=107432"},{"taxonomy":"post_tag","embeddable":true,"href":"https:\/\/www.europesays.com\/fr\/wp-json\/wp\/v2\/tags?post=107432"}],"curies":[{"name":"wp","href":"https:\/\/api.w.org\/{rel}","templated":true}]}}