{"id":107434,"date":"2025-05-17T17:12:13","date_gmt":"2025-05-17T17:12:13","guid":{"rendered":"https:\/\/www.europesays.com\/fr\/107434\/"},"modified":"2025-05-17T17:12:13","modified_gmt":"2025-05-17T17:12:13","slug":"ue-et-allies-otan-en-baltique-saccordent-pour-proteger-les-infrastructures-sous-marines","status":"publish","type":"post","link":"https:\/\/www.europesays.com\/fr\/107434\/","title":{"rendered":"UE et alli\u00e9s OTAN en Baltique s\u2019accordent pour prot\u00e9ger les infrastructures sous-marines"},"content":{"rendered":"<p style=\"text-align:justify;\">AA \/ Londres \/ Burak Bir<\/p>\n<p style=\"text-align:justify;\">Les \u00c9tats membres de l\u2019OTAN bordant la mer Baltique et l\u2019Union europ\u00e9enne ont sign\u00e9, vendredi, un m\u00e9morandum d\u2019accord (MoU) visant \u00e0 renforcer la coop\u00e9ration pour prot\u00e9ger les infrastructures sous-marines critiques.<\/p>\n<p style=\"text-align:justify;\">Dix pays europ\u00e9ens et l\u2019UE se sont engag\u00e9s \u00e0 coop\u00e9rer davantage pour s\u00e9curiser les c\u00e2bles sous-marins, \u00e0 la suite de l\u2019annonce de l\u2019ouverture des n\u00e9gociations sur ce m\u00e9morandum lors du sommet des Alli\u00e9s de l\u2019OTAN de la mer Baltique, tenu \u00e0 Helsinki le 14 janvier dernier.<\/p>\n<p style=\"text-align:justify;\">Le MoU a \u00e9t\u00e9 sign\u00e9 \u00e0 l\u2019occasion de la r\u00e9union minist\u00e9rielle du Conseil des \u00c9tats de la mer Baltique (CBSS), organis\u00e9e \u00e0 Vihula, en Estonie.<\/p>\n<p style=\"text-align:justify;\">Le CBSS regroupe le Danemark, l\u2019Estonie, la Finlande, l\u2019Allemagne, l\u2019Islande, la Lettonie, la Lituanie, la Norv\u00e8ge, la Pologne, la Su\u00e8de ainsi que l\u2019Union europ\u00e9enne.<\/p>\n<p style=\"text-align:justify;\">Dans un communiqu\u00e9, la cheffe de la diplomatie finlandaise Elina Valtonen a soulign\u00e9 que cet accord illustre l\u2019importance de la coop\u00e9ration politique entre les pays de la mer Baltique \u00e0 un moment \u00ab\u00a0o\u00f9 la guerre d\u2019agression men\u00e9e par la Russie contre l\u2019Ukraine a accru le niveau de menace dans la r\u00e9gion\u00a0\u00bb.<\/p>\n<p style=\"text-align:justify;\">\u00ab\u00a0Il est essentiel de prot\u00e9ger les infrastructures sous-marines critiques contre les actions tant accidentelles qu\u2019intentionnelles\u00a0\u00bb, a-t-elle ajout\u00e9.<\/p>\n<p style=\"text-align:justify;\">Depuis le d\u00e9but de la guerre en Ukraine en f\u00e9vrier 2022, la mer Baltique a \u00e9t\u00e9 le th\u00e9\u00e2tre de plusieurs incidents majeurs impliquant des infrastructures strat\u00e9giques, exacerbant les tensions r\u00e9gionales.<\/p>\n<p style=\"text-align:justify;\">* Traduit de l&rsquo;anglais par Sanaa Amir<\/p>\n<p>                            &#13;<br \/>\n                                <a href=\"https:\/\/www.aa.com.tr\/fr\/p\/abonnement\/1001\" target=\"_blank\" style=\"font-size:12px; color:#444; text-decoration:none;\" rel=\"noopener\">&#13;<br \/>\n                                    Seulement une partie des d\u00e9p\u00eaches, que l&rsquo;Agence Anadolu diffuse \u00e0 ses abonn\u00e9s via le Syst\u00e8me de Diffusion interne (HAS), est diffus\u00e9e sur le site de l&rsquo;AA, de mani\u00e8re r\u00e9sum\u00e9e. <b style=\"color:#1897F7\">Contactez-nous s&rsquo;il vous pla\u00eet pour vous abonner.<\/b>&#13;<br \/>\n                                <\/a>&#13;<\/p>\n","protected":false},"excerpt":{"rendered":"AA \/ Londres \/ Burak Bir Les \u00c9tats membres de l\u2019OTAN bordant la mer Baltique et l\u2019Union europ\u00e9enne&hellip;\n","protected":false},"author":2,"featured_media":107435,"comment_status":"","ping_status":"","sticky":false,"template":"","format":"standard","meta":{"footnotes":""},"categories":[1586],"tags":[11,1785,6642,1777,674,1779,219,1011,27,12,136,25,1778,364],"class_list":{"0":"post-107434","1":"post","2":"type-post","3":"status-publish","4":"format-standard","5":"has-post-thumbnail","7":"category-europe","8":"tag-actualites","9":"tag-anadolu-ajansi","10":"tag-elina-valtonen","11":"tag-eu","12":"tag-europe","13":"tag-european-union","14":"tag-finlande","15":"tag-fr","16":"tag-france","17":"tag-news","18":"tag-otan","19":"tag-republique-francaise","20":"tag-ue","21":"tag-union-europeenne"},"share_on_mastodon":{"url":"https:\/\/pubeurope.com\/@fr\/114524294035360504","error":""},"_links":{"self":[{"href":"https:\/\/www.europesays.com\/fr\/wp-json\/wp\/v2\/posts\/107434","targetHints":{"allow":["GET"]}}],"collection":[{"href":"https:\/\/www.europesays.com\/fr\/wp-json\/wp\/v2\/posts"}],"about":[{"href":"https:\/\/www.europesays.com\/fr\/wp-json\/wp\/v2\/types\/post"}],"author":[{"embeddable":true,"href":"https:\/\/www.europesays.com\/fr\/wp-json\/wp\/v2\/users\/2"}],"replies":[{"embeddable":true,"href":"https:\/\/www.europesays.com\/fr\/wp-json\/wp\/v2\/comments?post=107434"}],"version-history":[{"count":0,"href":"https:\/\/www.europesays.com\/fr\/wp-json\/wp\/v2\/posts\/107434\/revisions"}],"wp:featuredmedia":[{"embeddable":true,"href":"https:\/\/www.europesays.com\/fr\/wp-json\/wp\/v2\/media\/107435"}],"wp:attachment":[{"href":"https:\/\/www.europesays.com\/fr\/wp-json\/wp\/v2\/media?parent=107434"}],"wp:term":[{"taxonomy":"category","embeddable":true,"href":"https:\/\/www.europesays.com\/fr\/wp-json\/wp\/v2\/categories?post=107434"},{"taxonomy":"post_tag","embeddable":true,"href":"https:\/\/www.europesays.com\/fr\/wp-json\/wp\/v2\/tags?post=107434"}],"curies":[{"name":"wp","href":"https:\/\/api.w.org\/{rel}","templated":true}]}}