{"id":107447,"date":"2025-05-17T17:19:09","date_gmt":"2025-05-17T17:19:09","guid":{"rendered":"https:\/\/www.europesays.com\/fr\/107447\/"},"modified":"2025-05-17T17:19:09","modified_gmt":"2025-05-17T17:19:09","slug":"atp-rome-taylor-fritz-sans-pitie-avec-casper-ruud-apres-sa-lourde-defaite-face-a-jannik-sinner-tu-las-presque-eu","status":"publish","type":"post","link":"https:\/\/www.europesays.com\/fr\/107447\/","title":{"rendered":"ATP &#8211; Rome > Taylor Fritz sans piti\u00e9 avec Casper Ruud apr\u00e8s sa lourde d\u00e9faite face \u00e0 Jannik Sinner : \u00ab\u00a0Tu l&rsquo;as presque eu\u00a0\u00bb"},"content":{"rendered":"<p>La tr\u00e8s lourde d\u00e9faite subie par Casper Ruud en quarts de finale du Masters 1000 de Rome face \u00e0 Jannik Sinner (6\u22120, 6\u20131) a logi\u00adque\u00adment fait beau\u00adcoup r\u00e9agir les obser\u00adva\u00adteurs mais aussi les joueurs eux\u2010m\u00eames.<\/p>\n<p>Apr\u00e8s la sortie pleine d\u2019hu\u00admour d\u2019Alexander Bublik concer\u00adnant la r\u00e9elle iden\u00adtit\u00e9 du num\u00e9ro 1 mondial, c\u2019est cette fois au tour de Taylor Fritz de r\u00e9agir. Et il n\u2019a pas vrai\u00adment \u00e9pargn\u00e9 le Norv\u00e9gien.\u00a0<\/p>\n<blockquote class=\"twitter-tweet\">\n<p lang=\"en\" dir=\"ltr\">Taylor \ud83d\ude2d\ud83e\udd23 <a href=\"https:\/\/t.co\/Ga1hXw0wNE\" data-wpel-link=\"external\" target=\"_blank\" rel=\"nofollow external noopener\">pic.twitter.com\/Ga1hXw0wNE<\/a><\/p>\n<p>\u2014 Oleg S. (@AnnaK_4ever) <a href=\"https:\/\/twitter.com\/AnnaK_4ever\/status\/1923749575099126227?ref_src=twsrc%5Etfw\" data-wpel-link=\"external\" target=\"_blank\" rel=\"nofollow external noopener\">May 17,\u00a02025<\/a><\/p><\/blockquote>\n<p><strong>\u00ab\u202fTu l\u2019as presque eu\u202f\u00bb<\/strong>, a \u00e9crit de mani\u00e8re tr\u00e8s taquine l\u2019Am\u00e9ricain \u00e0 desti\u00adna\u00adtion de son coll\u00e8gue.\u00a0<\/p>\n<p class=\"post-published-date\" style=\"color: silver; font-size: 75%; text-align: left;\">Publi\u00e9 le samedi 17 mai 2025 \u00e0 18:40<\/p>\n<p><script async src=\"https:\/\/platform.twitter.com\/widgets.js\" charset=\"utf-8\"><\/script><\/p>\n","protected":false},"excerpt":{"rendered":"La tr\u00e8s lourde d\u00e9faite subie par Casper Ruud en quarts de finale du Masters 1000 de Rome face&hellip;\n","protected":false},"author":2,"featured_media":107448,"comment_status":"","ping_status":"","sticky":false,"template":"","format":"standard","meta":{"footnotes":""},"categories":[1415],"tags":[15212,1011,27,2127,60,1467],"class_list":{"0":"post-107447","1":"post","2":"type-post","3":"status-publish","4":"format-standard","5":"has-post-thumbnail","7":"category-tennis","8":"tag-bublik","9":"tag-fr","10":"tag-france","11":"tag-sinner","12":"tag-sports","13":"tag-tennis"},"share_on_mastodon":{"url":"https:\/\/pubeurope.com\/@fr\/114524321445308439","error":""},"_links":{"self":[{"href":"https:\/\/www.europesays.com\/fr\/wp-json\/wp\/v2\/posts\/107447","targetHints":{"allow":["GET"]}}],"collection":[{"href":"https:\/\/www.europesays.com\/fr\/wp-json\/wp\/v2\/posts"}],"about":[{"href":"https:\/\/www.europesays.com\/fr\/wp-json\/wp\/v2\/types\/post"}],"author":[{"embeddable":true,"href":"https:\/\/www.europesays.com\/fr\/wp-json\/wp\/v2\/users\/2"}],"replies":[{"embeddable":true,"href":"https:\/\/www.europesays.com\/fr\/wp-json\/wp\/v2\/comments?post=107447"}],"version-history":[{"count":0,"href":"https:\/\/www.europesays.com\/fr\/wp-json\/wp\/v2\/posts\/107447\/revisions"}],"wp:featuredmedia":[{"embeddable":true,"href":"https:\/\/www.europesays.com\/fr\/wp-json\/wp\/v2\/media\/107448"}],"wp:attachment":[{"href":"https:\/\/www.europesays.com\/fr\/wp-json\/wp\/v2\/media?parent=107447"}],"wp:term":[{"taxonomy":"category","embeddable":true,"href":"https:\/\/www.europesays.com\/fr\/wp-json\/wp\/v2\/categories?post=107447"},{"taxonomy":"post_tag","embeddable":true,"href":"https:\/\/www.europesays.com\/fr\/wp-json\/wp\/v2\/tags?post=107447"}],"curies":[{"name":"wp","href":"https:\/\/api.w.org\/{rel}","templated":true}]}}