{"id":107470,"date":"2025-05-17T17:33:08","date_gmt":"2025-05-17T17:33:08","guid":{"rendered":"https:\/\/www.europesays.com\/fr\/107470\/"},"modified":"2025-05-17T17:33:08","modified_gmt":"2025-05-17T17:33:08","slug":"kristen-stewart-en-casquette-et-bermuda-chanel-rayonne-pour-sa-premiere-montee-des-marches-comme-realisatrice","status":"publish","type":"post","link":"https:\/\/www.europesays.com\/fr\/107470\/","title":{"rendered":"Kristen Stewart, en casquette et bermuda Chanel, rayonne pour sa premi\u00e8re mont\u00e9e des marches comme r\u00e9alisatrice"},"content":{"rendered":"<p>Solaire et \u00e9l\u00e9gante dans son style \u00e0 la Avril Lavigne, Kristen Stewart a fait une apparition tr\u00e8s remarqu\u00e9e ce vendredi sur le tapis rouge du Festival de Cannes. L\u2019actrice am\u00e9ricaine pr\u00e9sentait The Chronology of Water, son premier film, accompagn\u00e9e de son r\u00f4le-titre, Imogen Poots.<\/p>\n<p class=\"fig-paragraph\">Kristen Stewart a sign\u00e9 une arriv\u00e9e tr\u00e8s remarqu\u00e9e vendredi 16 mai sur le tapis rouge du Festival de Cannes. Connue pour ses choix audacieux et son style affirm\u00e9, l\u2019actrice r\u00e9v\u00e9l\u00e9e par la saga Twilight \u00e9tait pr\u00e9sente non pas en tant qu\u2019interpr\u00e8te, mais r\u00e9alisatrice. Elle montait les marches pour pr\u00e9senter The Chronology of Water, son tout premier long m\u00e9trage derri\u00e8re la cam\u00e9ra, adapt\u00e9 des m\u00e9moires de l\u2019\u00e9crivaine am\u00e9ricaine Lidia Yuknavitch. Un projet personnel et engag\u00e9, port\u00e9 par l\u2019actrice britannique Imogen Poots, \u00e9galement pr\u00e9sente \u00e0 ses c\u00f4t\u00e9s. Entre regards complices et gestes tendres, les deux femmes ont incarn\u00e9 l\u2019\u00e9motion de ce moment cl\u00e9 dans la carri\u00e8re de Kristen Stewart, d\u00e9sormais pass\u00e9e de l\u2019autre c\u00f4t\u00e9 de la cam\u00e9ra.<\/p>\n<p class=\"fig-paragraph\">En parall\u00e8le, une autre figure iconique du monde artistique faisait son apparition au Palais des Festivals. Bono, le leader du groupe U2, d\u00e9voilait en s\u00e9ance sp\u00e9ciale son documentaire Bono: Stories of Surrender, dans lequel il se livre sans d\u00e9tour sur sa vie, sa carri\u00e8re, ses combats et ses vuln\u00e9rabilit\u00e9s. Ce film introspectif, n\u00e9 de son autobiographie du m\u00eame nom, m\u00eale confidences, performances et r\u00e9flexions sur la c\u00e9l\u00e9brit\u00e9, la foi et l\u2019engagement politique. Pour l\u2019occasion, le chanteur irlandais \u00e9tait entour\u00e9 de soutiens de poids\u00a0: l\u2019acteur Sean Penn, fid\u00e8le compagnon de route dans les causes humanitaires, et Amal Clooney, avocate engag\u00e9e pour les droits humains. Une soir\u00e9e doublement marqu\u00e9e par des r\u00e9cits personnels puissants, port\u00e9s par des figures de la sc\u00e8ne mondiale.<\/p>\n","protected":false},"excerpt":{"rendered":"Solaire et \u00e9l\u00e9gante dans son style \u00e0 la Avril Lavigne, Kristen Stewart a fait une apparition tr\u00e8s remarqu\u00e9e&hellip;\n","protected":false},"author":2,"featured_media":107471,"comment_status":"","ping_status":"","sticky":false,"template":"","format":"standard","meta":{"footnotes":""},"categories":[8],"tags":[976,12667,972,58,59,5634,638,1011,27,977,973,975,974],"class_list":{"0":"post-107470","1":"post","2":"type-post","3":"status-publish","4":"format-standard","5":"has-post-thumbnail","7":"category-divertissement","8":"tag-actu-people","9":"tag-carla-bruni","10":"tag-celebrite","11":"tag-divertissement","12":"tag-entertainment","13":"tag-festival-de-cannes","14":"tag-figaro","15":"tag-fr","16":"tag-france","17":"tag-madame","18":"tag-people","19":"tag-potain-de-stars","20":"tag-star"},"share_on_mastodon":{"url":"https:\/\/pubeurope.com\/@fr\/114524376503636542","error":""},"_links":{"self":[{"href":"https:\/\/www.europesays.com\/fr\/wp-json\/wp\/v2\/posts\/107470","targetHints":{"allow":["GET"]}}],"collection":[{"href":"https:\/\/www.europesays.com\/fr\/wp-json\/wp\/v2\/posts"}],"about":[{"href":"https:\/\/www.europesays.com\/fr\/wp-json\/wp\/v2\/types\/post"}],"author":[{"embeddable":true,"href":"https:\/\/www.europesays.com\/fr\/wp-json\/wp\/v2\/users\/2"}],"replies":[{"embeddable":true,"href":"https:\/\/www.europesays.com\/fr\/wp-json\/wp\/v2\/comments?post=107470"}],"version-history":[{"count":0,"href":"https:\/\/www.europesays.com\/fr\/wp-json\/wp\/v2\/posts\/107470\/revisions"}],"wp:featuredmedia":[{"embeddable":true,"href":"https:\/\/www.europesays.com\/fr\/wp-json\/wp\/v2\/media\/107471"}],"wp:attachment":[{"href":"https:\/\/www.europesays.com\/fr\/wp-json\/wp\/v2\/media?parent=107470"}],"wp:term":[{"taxonomy":"category","embeddable":true,"href":"https:\/\/www.europesays.com\/fr\/wp-json\/wp\/v2\/categories?post=107470"},{"taxonomy":"post_tag","embeddable":true,"href":"https:\/\/www.europesays.com\/fr\/wp-json\/wp\/v2\/tags?post=107470"}],"curies":[{"name":"wp","href":"https:\/\/api.w.org\/{rel}","templated":true}]}}