{"id":107474,"date":"2025-05-17T17:35:09","date_gmt":"2025-05-17T17:35:09","guid":{"rendered":"https:\/\/www.europesays.com\/fr\/107474\/"},"modified":"2025-05-17T17:35:09","modified_gmt":"2025-05-17T17:35:09","slug":"les-etats-unis-perdent-leur-triple-a-en-plein-debat-sur-les-baisses-dimpots-promises-par-donald-trump","status":"publish","type":"post","link":"https:\/\/www.europesays.com\/fr\/107474\/","title":{"rendered":"Les \u00c9tats-Unis perdent leur \u00abtriple A\u00bb, en plein d\u00e9bat sur les baisses d\u2019imp\u00f4ts promises par Donald Trump"},"content":{"rendered":"<p><strong>D\u00c9CRYPTAGE &#8211; <\/strong>L\u2019agence Moody\u2019s a abaiss\u00e9 vendredi la note de la dette am\u00e9ricaine, la faisant passer \u00e0 Aa1. La d\u00e9cision tombe alors que les r\u00e9publicains se d\u00e9chirent sur les mesures \u00e0 retenir dans un \u00e9norme paquet l\u00e9gislatif de quelque 4000 milliards de dollars sur dix ans.<\/p>\n<p class=\"fig-paragraph\">Moody\u2019s est la derni\u00e8re des trois grandes agences de notation \u00e0\u00a0<a href=\"http:\/\/www.lefigaro.fr\/conjoncture\/l-agence-de-notation-moody-s-abaisse-la-note-de-la-dette-americaine-de-aaa-a-aa1-20250516\" target=\"_blank\" data-fig-type=\"NewsFlash\" rel=\"noopener\" data-gtm-custom-categorie=\"navigation\" data-gtm-custom-action=\"crossclick\" data-gtm-custom-label=\"Contextuel\" data-gtm-event=\"customEventSPE\" data-fig-domain=\"LEFIGARO\">retirer aux \u00c9tats-Unis son \u00abtriple A\u00bb<\/a>, refl\u00e9tant le meilleur standing possible dans le monde du cr\u00e9dit. Standard &amp; Poor\u2019s en 2011 et Fitch en 2023 avaient de m\u00eame abaiss\u00e9 le pays de l\u2019Oncle Sam d\u2019un cran dans leur \u00e9chelle. La d\u00e9cision tombe alors que les r\u00e9publicains, tout juste majoritaires au Congr\u00e8s, se d\u00e9chirent sur les mesures \u00e0 retenir dans un \u00e9norme paquet l\u00e9gislatif de quelque 4000 milliards de dollars sur dix ans. La sanction de Moody\u2019s aurait toutefois objectivement pu intervenir il y a plusieurs mois.<\/p>\n<p class=\"fig-paragraph\">Sous la pression de\u00a0<a href=\"http:\/\/www.lefigaro.fr\/international\/ukraine-gaza-inde-pakistan-trump-est-il-le-faiseur-de-paix-qu-il-reve-d-etre-ou-un-pompier-pyromane-20250517\" target=\"_blank\" data-fig-type=\"Article\" rel=\"noopener\" data-gtm-custom-categorie=\"navigation\" data-gtm-custom-action=\"crossclick\" data-gtm-custom-label=\"Contextuel\" data-gtm-event=\"customEventSPE\" data-fig-domain=\"LEFIGARO\">Donald Trump<\/a>, qui souhaite tenir ses promesses de reconduction de baisses d\u2019imp\u00f4ts qui arrivent \u00e0 expiration, ainsi que ses engagements \u00e0 exempter de nouvelles cat\u00e9gories de revenus, comme les pourboires, les r\u00e9publicains \u00e0 la Chambre des repr\u00e9sentants tentent de r\u00e9soudre un probl\u00e8me digne de la quadrature du cercle\u00a0: r\u00e9duire les d\u00e9ficits budg\u00e9taires tout comme les imp\u00f4ts, sans f\u00e2cher les \u00e9lecteurs attach\u00e9s \u00e0 des prestations sociales en nette hausse depuis les ann\u00e9es Covid.<\/p>\n<p class=\"fig-premium-paywall__infos\">\n        Cet article est r\u00e9serv\u00e9 aux abonn\u00e9s.        Il vous reste 82% \u00e0 d\u00e9couvrir.\n    <\/p>\n<p>                <img  data- alt=\"Le Figaro\" class=\"fig-img--complete fig-img\"\/><\/p>\n<p class=\"fig-premium-paywall__title\">Vente Flash<\/p>\n<p class=\"fig-premium-paywall__subtitle\">4,99\u20ac par mois pendant 12 mois. Sans engagement.<\/p>\n<p class=\"fig-premium-paywall__connect\">\n                D\u00e9j\u00e0 abonn\u00e9\u00a0?                <a class=\"fig-premium-paywall__connect-link\" href=\"https:\/\/connect.lefigaro.fr\/login?client=horizon_web&amp;type=main&amp;redirect_uri=https%3A%2F%2Fwww.lefigaro.fr%2Fconjoncture%2Fles-etats-unis-perdent-leur-triple-a-en-plein-debat-sur-les-baisses-d-impots-promises-par-donald-trump-20250517\" data-js-gtm=\"{&quot;customCategorie&quot;: &quot;conversion&quot;, &quot;customAction&quot;: &quot;before_Landing_Connexion_paywall_manuel&quot;, &quot;customLabel&quot;: &quot;bGVmaWdhcm8uZnJfXzFmMDMzMjMwLWFhNjQtNjgwMC04NDRjLTZiMDkyNmM5M2RmM19fQXJ0aWNsZQ==_Les \u00c9tats-Unis perdent leur \u00abtriple A\u00bb, en plein d\u00e9bat sur les baisses d\u2019imp\u00f4ts promises par Donald Trump_887&quot;, &quot;customIDSPE&quot;: &quot;bGVmaWdhcm8uZnJfXzFmMDMzMjMwLWFhNjQtNjgwMC04NDRjLTZiMDkyNmM5M2RmM19fQXJ0aWNsZQ==&quot;, &quot;event&quot;: &quot;customEventSPE&quot;}\" target=\"_blank\" rel=\"noopener\"><br \/>\n                    Connectez-vous<br \/>\n                <\/a>\n            <\/p>\n","protected":false},"excerpt":{"rendered":"D\u00c9CRYPTAGE &#8211; L\u2019agence Moody\u2019s a abaiss\u00e9 vendredi la note de la dette am\u00e9ricaine, la faisant passer \u00e0 Aa1.&hellip;\n","protected":false},"author":2,"featured_media":107475,"comment_status":"","ping_status":"","sticky":false,"template":"","format":"standard","meta":{"footnotes":""},"categories":[6],"tags":[339,22510,340,35,343,345,350,130,344,352,349,33,34,341,313,73,1011,27,346,342,353,351,347,348,354],"class_list":{"0":"post-107474","1":"post","2":"type-post","3":"status-publish","4":"format-standard","5":"has-post-thumbnail","7":"category-economie","8":"tag-actualite-economique","9":"tag-agences-de-notation","10":"tag-bourse","11":"tag-business","12":"tag-cac-40","13":"tag-chef-dentreprise","14":"tag-concurrence","15":"tag-consommation","16":"tag-creation-dentreprise","17":"tag-crise","18":"tag-delocalisations","19":"tag-economie","20":"tag-economy","21":"tag-emploi","22":"tag-entreprises","23":"tag-etats-unis","24":"tag-fr","25":"tag-france","26":"tag-grands-patrons","27":"tag-impots","28":"tag-licenciements","29":"tag-monopole","30":"tag-multinationales","31":"tag-privatisation","32":"tag-unio"},"share_on_mastodon":{"url":"https:\/\/pubeurope.com\/@fr\/114524384317888320","error":""},"_links":{"self":[{"href":"https:\/\/www.europesays.com\/fr\/wp-json\/wp\/v2\/posts\/107474","targetHints":{"allow":["GET"]}}],"collection":[{"href":"https:\/\/www.europesays.com\/fr\/wp-json\/wp\/v2\/posts"}],"about":[{"href":"https:\/\/www.europesays.com\/fr\/wp-json\/wp\/v2\/types\/post"}],"author":[{"embeddable":true,"href":"https:\/\/www.europesays.com\/fr\/wp-json\/wp\/v2\/users\/2"}],"replies":[{"embeddable":true,"href":"https:\/\/www.europesays.com\/fr\/wp-json\/wp\/v2\/comments?post=107474"}],"version-history":[{"count":0,"href":"https:\/\/www.europesays.com\/fr\/wp-json\/wp\/v2\/posts\/107474\/revisions"}],"wp:featuredmedia":[{"embeddable":true,"href":"https:\/\/www.europesays.com\/fr\/wp-json\/wp\/v2\/media\/107475"}],"wp:attachment":[{"href":"https:\/\/www.europesays.com\/fr\/wp-json\/wp\/v2\/media?parent=107474"}],"wp:term":[{"taxonomy":"category","embeddable":true,"href":"https:\/\/www.europesays.com\/fr\/wp-json\/wp\/v2\/categories?post=107474"},{"taxonomy":"post_tag","embeddable":true,"href":"https:\/\/www.europesays.com\/fr\/wp-json\/wp\/v2\/tags?post=107474"}],"curies":[{"name":"wp","href":"https:\/\/api.w.org\/{rel}","templated":true}]}}