{"id":107476,"date":"2025-05-17T17:36:08","date_gmt":"2025-05-17T17:36:08","guid":{"rendered":"https:\/\/www.europesays.com\/fr\/107476\/"},"modified":"2025-05-17T17:36:08","modified_gmt":"2025-05-17T17:36:08","slug":"le-sommet-arabe-reclame-plus-de-pressions-internationales-pour-stopper-leffusion-de-sang-a-gaza","status":"publish","type":"post","link":"https:\/\/www.europesays.com\/fr\/107476\/","title":{"rendered":"le sommet arabe r\u00e9clame plus de pressions internationales pour \u00abstopper l&rsquo;effusion de sang\u00bb \u00e0 Gaza"},"content":{"rendered":"<p>L\u2019initiative pr\u00e9voit un fonds destin\u00e9 \u00e0 financer la reconstruction du territoire palestinien pour 53 milliards de dollars sur cinq ans.<\/p>\n<p class=\"fig-paragraph\">Le sommet arabe r\u00e9uni ce samedi 17 avril \u00e0 Bagdad a r\u00e9clam\u00e9 plus de pressions internationales pour \u00abstopper l&rsquo;effusion de sang\u00bb dans la\u00a0<a href=\"http:\/\/www.lefigaro.fr\/international\/blocus-de-la-bande-de-gaza-des-ong-denoncent-un-plan-d-aide-propose-par-washington-20250515\" target=\"_blank\" data-fig-type=\"Article\" rel=\"noopener nofollow\" data-gtm-custom-categorie=\"navigation\" data-gtm-custom-action=\"crossclick\" data-gtm-custom-label=\"Contextuel\" data-gtm-event=\"customEventSPE\" data-fig-domain=\"LEFIGARO\">bande de Gaza palestinienne<\/a>, o\u00f9 Isra\u00ebl a annonc\u00e9 une\u00a0<a href=\"http:\/\/www.lefigaro.fr\/international\/l-armee-israelienne-intensifie-ses-operations-dans-la-bande-de-gaza-20250516\" target=\"_blank\" data-fig-type=\"Article\" rel=\"noopener nofollow\" data-gtm-custom-categorie=\"navigation\" data-gtm-custom-action=\"crossclick\" data-gtm-custom-label=\"Contextuel\" data-gtm-event=\"customEventSPE\" data-fig-domain=\"LEFIGARO\">intensification de son offensive<\/a>.<\/p>\n<p class=\"fig-paragraph\">\u00abNous exhortons la communaut\u00e9 internationale, en particulier les pays qui peuvent influer (sur la situation, ndlr), \u00e0 assumer leurs responsabilit\u00e9s morale et juridique pour faire pression, stopper l&rsquo;effusion de sang et garantir l&rsquo;entr\u00e9e des aides humanitaires urgentes\u00bb dans le territoire palestinien assi\u00e9g\u00e9, selon le communiqu\u00e9 de cl\u00f4ture.<\/p>\n<p>53 milliards de dollars sur cinq ans<\/p>\n<p class=\"fig-paragraph\">Le texte appelle par ailleurs \u00e0 financer un plan arabe de reconstruction de la bande de Gaza, d\u00e9voil\u00e9 lors d&rsquo;un\u00a0<a href=\"http:\/\/www.lefigaro.fr\/international\/gaza-les-arabes-ebauchent-un-avenir-sans-le-hamas-ni-mahmoud-abbas-20250304\" target=\"_blank\" data-fig-type=\"Article\" rel=\"noopener nofollow\" data-gtm-custom-categorie=\"navigation\" data-gtm-custom-action=\"crossclick\" data-gtm-custom-label=\"Contextuel\" data-gtm-event=\"customEventSPE\" data-fig-domain=\"LEFIGARO\">pr\u00e9c\u00e9dent sommet de la Ligue arabe en mars au Caire<\/a>. Samedi, le communiqu\u00e9 de cl\u00f4ture \u00abexhorte les pays, les institutions financi\u00e8res internationales et r\u00e9gionales, \u00e0 fournir rapidement le soutien financier n\u00e9cessaire\u00bb \u00e0 ce projet.<\/p>\n<p class=\"fig-paragraph\">L&rsquo;initiative pr\u00e9voit un fonds destin\u00e9 \u00e0 financer la reconstruction du territoire palestinien pour 53 milliards de dollars sur cinq ans.<\/p>\n<p>Alternative au plan de Donald Trump<\/p>\n<p class=\"fig-paragraph\">Elle avait \u00e9t\u00e9 pr\u00e9sent\u00e9e comme une alternative au plan du pr\u00e9sident am\u00e9ricain\u00a0<a href=\"http:\/\/www.lefigaro.fr\/international\/ukraine-gaza-inde-pakistan-trump-est-il-le-faiseur-de-paix-qu-il-reve-d-etre-ou-un-pompier-pyromane-20250517\" target=\"_blank\" data-fig-type=\"Article\" rel=\"noopener nofollow\" data-gtm-custom-categorie=\"navigation\" data-gtm-custom-action=\"crossclick\" data-gtm-custom-label=\"Contextuel\" data-gtm-event=\"customEventSPE\" data-fig-domain=\"LEFIGARO\">Donald Trump<\/a>\u00a0pr\u00e9voyant de placer la bande de Gaza sous contr\u00f4le am\u00e9ricain.<\/p>\n<p class=\"fig-paragraph\">Le sommet arabe a salu\u00e9 par ailleurs la d\u00e9cision cette semaine du pr\u00e9sident Trump de lever les sanctions visant la Syrie ravag\u00e9e par la guerre.<\/p>\n","protected":false},"excerpt":{"rendered":"L\u2019initiative pr\u00e9voit un fonds destin\u00e9 \u00e0 financer la reconstruction du territoire palestinien pour 53 milliards de dollars sur&hellip;\n","protected":false},"author":2,"featured_media":107477,"comment_status":"","ping_status":"","sticky":false,"template":"","format":"standard","meta":{"footnotes":""},"categories":[5],"tags":[259,11,260,4628,1011,27,14,261,12,262,28],"class_list":{"0":"post-107476","1":"post","2":"type-post","3":"status-publish","4":"format-standard","5":"has-post-thumbnail","7":"category-international","8":"tag-actualite-internationale","9":"tag-actualites","10":"tag-affaires-etrangeres","11":"tag-bande-de-gaza","12":"tag-fr","13":"tag-france","14":"tag-international","15":"tag-ministere-des-affaires-etrangeres","16":"tag-news","17":"tag-politique-etrangere","18":"tag-world"},"share_on_mastodon":{"url":"https:\/\/pubeurope.com\/@fr\/114524388401484047","error":""},"_links":{"self":[{"href":"https:\/\/www.europesays.com\/fr\/wp-json\/wp\/v2\/posts\/107476","targetHints":{"allow":["GET"]}}],"collection":[{"href":"https:\/\/www.europesays.com\/fr\/wp-json\/wp\/v2\/posts"}],"about":[{"href":"https:\/\/www.europesays.com\/fr\/wp-json\/wp\/v2\/types\/post"}],"author":[{"embeddable":true,"href":"https:\/\/www.europesays.com\/fr\/wp-json\/wp\/v2\/users\/2"}],"replies":[{"embeddable":true,"href":"https:\/\/www.europesays.com\/fr\/wp-json\/wp\/v2\/comments?post=107476"}],"version-history":[{"count":0,"href":"https:\/\/www.europesays.com\/fr\/wp-json\/wp\/v2\/posts\/107476\/revisions"}],"wp:featuredmedia":[{"embeddable":true,"href":"https:\/\/www.europesays.com\/fr\/wp-json\/wp\/v2\/media\/107477"}],"wp:attachment":[{"href":"https:\/\/www.europesays.com\/fr\/wp-json\/wp\/v2\/media?parent=107476"}],"wp:term":[{"taxonomy":"category","embeddable":true,"href":"https:\/\/www.europesays.com\/fr\/wp-json\/wp\/v2\/categories?post=107476"},{"taxonomy":"post_tag","embeddable":true,"href":"https:\/\/www.europesays.com\/fr\/wp-json\/wp\/v2\/tags?post=107476"}],"curies":[{"name":"wp","href":"https:\/\/api.w.org\/{rel}","templated":true}]}}