{"id":107487,"date":"2025-05-17T17:42:13","date_gmt":"2025-05-17T17:42:13","guid":{"rendered":"https:\/\/www.europesays.com\/fr\/107487\/"},"modified":"2025-05-17T17:42:13","modified_gmt":"2025-05-17T17:42:13","slug":"morhange-les-eleves-de-limpro-en-marche-sur-33-km-entre-nancy-et-metz","status":"publish","type":"post","link":"https:\/\/www.europesays.com\/fr\/107487\/","title":{"rendered":"Morhange. Les \u00e9l\u00e8ves de l\u2019Impro en marche sur 33\u00a0km entre Nancy et Metz"},"content":{"rendered":"<p>Depuis novembre, encadr\u00e9 par V\u00e9ronique Iseler et Simon Devoucoux, \u00e9ducateurs sportifs, un groupe d\u2019\u00e9l\u00e8ves, accompagn\u00e9s par les b\u00e9n\u00e9voles Jean-Paul M\u00e9chin et Christine Bonichot, s\u2019est entra\u00een\u00e9 \u00e0 travers les chemins environnants. Le challenge \u00e9tait de participer \u00e0 la marche Nancy-Metz, sur la moiti\u00e9 du parcours soit 33\u00a0km.<\/p>\n<p>Pour s\u2019entra\u00eener ils ont march\u00e9 \u00e0 Faulquemont, Longeville-l\u00e8s-Saint-Avold, en&#8230;<\/p>\n","protected":false},"excerpt":{"rendered":"Depuis novembre, encadr\u00e9 par V\u00e9ronique Iseler et Simon Devoucoux, \u00e9ducateurs sportifs, un groupe d\u2019\u00e9l\u00e8ves, accompagn\u00e9s par les b\u00e9n\u00e9voles&hellip;\n","protected":false},"author":2,"featured_media":107488,"comment_status":"","ping_status":"","sticky":false,"template":"","format":"standard","meta":{"footnotes":""},"categories":[9635],"tags":[1111,11,15835,1057,1777,674,1011,27,775,22512,1702,12,25],"class_list":{"0":"post-107487","1":"post","2":"type-post","3":"status-publish","4":"format-standard","5":"has-post-thumbnail","7":"category-nancy","8":"tag-actu","9":"tag-actualites","10":"tag-edition-saint-avold-creutzwald","11":"tag-education","12":"tag-eu","13":"tag-europe","14":"tag-fr","15":"tag-france","16":"tag-grand-est","17":"tag-morhange","18":"tag-nancy","19":"tag-news","20":"tag-republique-francaise"},"share_on_mastodon":{"url":"https:\/\/pubeurope.com\/@fr\/114524411847206813","error":""},"_links":{"self":[{"href":"https:\/\/www.europesays.com\/fr\/wp-json\/wp\/v2\/posts\/107487","targetHints":{"allow":["GET"]}}],"collection":[{"href":"https:\/\/www.europesays.com\/fr\/wp-json\/wp\/v2\/posts"}],"about":[{"href":"https:\/\/www.europesays.com\/fr\/wp-json\/wp\/v2\/types\/post"}],"author":[{"embeddable":true,"href":"https:\/\/www.europesays.com\/fr\/wp-json\/wp\/v2\/users\/2"}],"replies":[{"embeddable":true,"href":"https:\/\/www.europesays.com\/fr\/wp-json\/wp\/v2\/comments?post=107487"}],"version-history":[{"count":0,"href":"https:\/\/www.europesays.com\/fr\/wp-json\/wp\/v2\/posts\/107487\/revisions"}],"wp:featuredmedia":[{"embeddable":true,"href":"https:\/\/www.europesays.com\/fr\/wp-json\/wp\/v2\/media\/107488"}],"wp:attachment":[{"href":"https:\/\/www.europesays.com\/fr\/wp-json\/wp\/v2\/media?parent=107487"}],"wp:term":[{"taxonomy":"category","embeddable":true,"href":"https:\/\/www.europesays.com\/fr\/wp-json\/wp\/v2\/categories?post=107487"},{"taxonomy":"post_tag","embeddable":true,"href":"https:\/\/www.europesays.com\/fr\/wp-json\/wp\/v2\/tags?post=107487"}],"curies":[{"name":"wp","href":"https:\/\/api.w.org\/{rel}","templated":true}]}}