{"id":10749,"date":"2025-04-08T17:25:09","date_gmt":"2025-04-08T17:25:09","guid":{"rendered":"https:\/\/www.europesays.com\/fr\/10749\/"},"modified":"2025-04-08T17:25:09","modified_gmt":"2025-04-08T17:25:09","slug":"le-retour-aux-v10-au-menu-dune-reunion-a-bahrein","status":"publish","type":"post","link":"https:\/\/www.europesays.com\/fr\/10749\/","title":{"rendered":"Le retour aux V10 au menu d&rsquo;une r\u00e9union \u00e0 Bahre\u00efn"},"content":{"rendered":"<p itemprop=\"description\">La FIA s\u00a0\u00bbappr\u00eate \u00e0 tenir une r\u00e9union<br \/>\nd\u00e9cisive avec les motoristes de la Formule 1 la semaine prochaine \u00e0<br \/>\nBahre\u00efn : un possible retour des moteurs V10 atmosph\u00e9riques sera au<br \/>\nc\u0153ur des discussions&#8230;<\/p>\n<p class=\"\" data-start=\"0\" data-end=\"553\">Ce projet, longtemps<br \/>\ncantonn\u00e9 aux fantasmes des puristes, est d\u00e9sormais envisag\u00e9 avec<br \/>\ns\u00e9rieux, port\u00e9 par une proposition de la FIA de faire fonctionner<br \/>\nces blocs avec des carburants 100 % durables.<\/p>\n<p class=\"\" data-start=\"0\" data-end=\"553\">La r\u00e9union pr\u00e9vue<br \/>\nvendredi prochain en marge du Grand Prix de Bahre\u00efn permettra de<br \/>\nprendre le pouls des constructeurs sur cette id\u00e9e qui pourrait<br \/>\nprofond\u00e9ment red\u00e9finir l\u2019avenir de la discipline.<\/p>\n<p>Un retour en arri\u00e8re pour mieux<br \/>\navancer ?<\/p>\n<p class=\"\" data-start=\"555\" data-end=\"1058\">La perspective de<br \/>\nramener les fameux V10 \u2013 synonymes d\u2019une \u00e9poque mythique de la F1,<br \/>\nquand le V10 BMW (photo ci-dessus) tournait \u00e0 20.000 t\/m il y a<br \/>\nvingt ans \u2013 pourrait para\u00eetre \u00e0 contre-courant des tendances<br \/>\nactuelles de l\u2019industrie automobile, mais les d\u00e9fenseurs du projet<br \/>\ny voient une opportunit\u00e9 unique : celle d\u2019allier \u00e9motion m\u00e9canique<br \/>\net engagement environnemental.<\/p>\n<p class=\"\" data-start=\"555\" data-end=\"1058\">L\u2019objectif serait de<br \/>\nproposer une Formule 1 plus simple, moins co\u00fbteuse, mais toujours<br \/>\nspectaculaire, sans renoncer \u00e0 la transition \u00e9cologique, gr\u00e2ce \u00e0<br \/>\nl\u2019utilisation exclusive de carburants synth\u00e9tiques.<\/p>\n<p>Des V10 moins co\u00fbteux, plus<br \/>\nsimples, plus spectaculaires<\/p>\n<p class=\"\" data-start=\"1060\" data-end=\"1615\">Ce projet prend aussi<br \/>\nracine dans le contexte industriel actuel. Alors que les ambitions<br \/>\nde l\u2019\u00e9lectrification \u00e0 grande \u00e9chelle commencent \u00e0 montrer leurs<br \/>\nlimites, en raison des infrastructures encore incompl\u00e8tes et d\u2019une<br \/>\ncertaine frilosit\u00e9 des consommateurs, le retour \u00e0 des motorisations<br \/>\nthermiques propres, via les e-carburants, s\u00e9duit de plus en<br \/>\nplus.<\/p>\n<p class=\"\" data-start=\"1060\" data-end=\"1615\">Un moteur V10<br \/>\naliment\u00e9 par ce type de carburant pourrait repr\u00e9senter un compromis<br \/>\nid\u00e9al : il permettrait \u00e0 la F1 de conserver une identit\u00e9 sonore<br \/>\nforte, tout en respectant ses engagements climatiques.<\/p>\n<p>Audi et Honda : les r\u00e9sistants<br \/>\ndu camp hybride<\/p>\n<p class=\"\" data-start=\"1617\" data-end=\"2256\">Mais <a href=\"https:\/\/f1i.autojournal.fr\/infos\/reglement-infos\/retour-aux-v10-atmospheriques-urgent-dattendre\/\" target=\"_blank\" rel=\"noopener\"><br \/>\ncette id\u00e9e ne fait pas l\u2019unanimit\u00e9<\/a>. Audi, qui s\u2019appr\u00eate \u00e0 faire<br \/>\nses d\u00e9buts en Formule 1 en 2026 avec un moteur hybride d\u00e9velopp\u00e9 en<br \/>\ninterne, voit d\u2019un tr\u00e8s mauvais \u0153il un \u00e9ventuel abandon pr\u00e9matur\u00e9<br \/>\nde cette nouvelle r\u00e9glementation.<\/p>\n<p class=\"\" data-start=\"1617\" data-end=\"2256\">Pour le constructeur<br \/>\nallemand, qui a mis\u00e9 gros sur l\u2019image technologique et<br \/>\nl\u2019\u00e9lectrification partielle, il serait incoh\u00e9rent de revenir en<br \/>\narri\u00e8re. Honda, \u00e9galement engag\u00e9 dans le futur r\u00e8glement hybride<br \/>\naux c\u00f4t\u00e9s d\u2019Aston Martin, partage la m\u00eame r\u00e9ticence. Revenir \u00e0 une<br \/>\nsolution atmosph\u00e9rique serait per\u00e7u comme un revirement dangereux,<br \/>\nremettant en question des ann\u00e9es d\u2019investissement et de<br \/>\nd\u00e9veloppement.<\/p>\n<p>2028 ou en 2031 ? Le d\u00e9bat du<br \/>\ncalendrier<\/p>\n<p class=\"\" data-start=\"2258\" data-end=\"2727\">La question du<br \/>\ncalendrier est \u00e9galement centrale. Une entr\u00e9e en vigueur des V10<br \/>\nd\u00e8s 2028 est jug\u00e9e irr\u00e9aliste par beaucoup, car les moteurs 2026<br \/>\nsont d\u00e9j\u00e0 bien avanc\u00e9s dans leur phase de conception. Une \u00e9ch\u00e9ance<br \/>\nplus lointaine, comme 2031, appara\u00eet plus plausible, offrant le<br \/>\ntemps n\u00e9cessaire aux \u00e9quipes et fournisseurs pour s\u2019adapter.<\/p>\n<p class=\"\" data-start=\"2258\" data-end=\"2727\">Pourtant, la FIA, par<br \/>\nla voix de Nikolas Tombazis, n\u2019\u00e9carte pas l\u2019id\u00e9e d\u2019une transition<br \/>\nplus rapide, et envisage toutes les options. Cette r\u00e9union ne<br \/>\ntranchera probablement pas la question, mais elle r\u00e9v\u00e8lera la<br \/>\nprofondeur des divergences.<\/p>\n<p>Des enjeux colossaux : la<br \/>\nbande son du futur ?<\/p>\n<p class=\"\" data-start=\"2258\" data-end=\"2727\">D\u2019un c\u00f4t\u00e9, ceux qui<br \/>\nveulent r\u00e9injecter de la passion brute dans la F1, de l\u2019autre, ceux<br \/>\nqui misent sur une approche rationnelle, tourn\u00e9e vers l\u2019innovation<br \/>\n\u00e9lectrifi\u00e9e. Ce qui est certain, c\u2019est que le d\u00e9bat soul\u00e8ve une<br \/>\nquestion fondamentale : la F1 doit-elle revenir \u00e0 ses racines pour<br \/>\nmieux se projeter dans l\u2019avenir, ou continuer \u00e0 tracer une voie<br \/>\nr\u00e9solument technologique et silencieuse ?<\/p>\n<p class=\"\" data-start=\"3229\" data-end=\"3420\">Dans la chaleur du<br \/>\nd\u00e9sert de Bahre\u00efn, ce ne sera pas seulement l\u2019avenir du moteur qui<br \/>\nse jouera, mais aussi celui de l\u2019identit\u00e9 sonore, visuelle et<br \/>\n\u00e9motionnelle d\u2019un sport en pleine mutation.<\/p>\n","protected":false},"excerpt":{"rendered":"La FIA s\u00a0\u00bbappr\u00eate \u00e0 tenir une r\u00e9union d\u00e9cisive avec les motoristes de la Formule 1 la semaine prochaine&hellip;\n","protected":false},"author":2,"featured_media":10750,"comment_status":"","ping_status":"","sticky":false,"template":"","format":"standard","meta":{"footnotes":""},"categories":[1412],"tags":[4543,1451,1452,1453,1454,1455,1011,27,5207,60],"class_list":{"0":"post-10749","1":"post","2":"type-post","3":"status-publish","4":"format-standard","5":"has-post-thumbnail","7":"category-f1","8":"tag-bahrein","9":"tag-f1","10":"tag-formula-1","11":"tag-formula1","12":"tag-formule-1","13":"tag-formule1","14":"tag-fr","15":"tag-france","16":"tag-moteur","17":"tag-sports"},"share_on_mastodon":{"url":"https:\/\/pubeurope.com\/@fr\/114303514945811492","error":""},"_links":{"self":[{"href":"https:\/\/www.europesays.com\/fr\/wp-json\/wp\/v2\/posts\/10749","targetHints":{"allow":["GET"]}}],"collection":[{"href":"https:\/\/www.europesays.com\/fr\/wp-json\/wp\/v2\/posts"}],"about":[{"href":"https:\/\/www.europesays.com\/fr\/wp-json\/wp\/v2\/types\/post"}],"author":[{"embeddable":true,"href":"https:\/\/www.europesays.com\/fr\/wp-json\/wp\/v2\/users\/2"}],"replies":[{"embeddable":true,"href":"https:\/\/www.europesays.com\/fr\/wp-json\/wp\/v2\/comments?post=10749"}],"version-history":[{"count":0,"href":"https:\/\/www.europesays.com\/fr\/wp-json\/wp\/v2\/posts\/10749\/revisions"}],"wp:featuredmedia":[{"embeddable":true,"href":"https:\/\/www.europesays.com\/fr\/wp-json\/wp\/v2\/media\/10750"}],"wp:attachment":[{"href":"https:\/\/www.europesays.com\/fr\/wp-json\/wp\/v2\/media?parent=10749"}],"wp:term":[{"taxonomy":"category","embeddable":true,"href":"https:\/\/www.europesays.com\/fr\/wp-json\/wp\/v2\/categories?post=10749"},{"taxonomy":"post_tag","embeddable":true,"href":"https:\/\/www.europesays.com\/fr\/wp-json\/wp\/v2\/tags?post=10749"}],"curies":[{"name":"wp","href":"https:\/\/api.w.org\/{rel}","templated":true}]}}