{"id":1074918,"date":"2026-07-19T15:43:18","date_gmt":"2026-07-19T15:43:18","guid":{"rendered":"https:\/\/www.europesays.com\/fr\/1074918\/"},"modified":"2026-07-19T15:43:18","modified_gmt":"2026-07-19T15:43:18","slug":"on-est-un-dommage-collateral-larret-de-gironde-tournages-signe-t-il-la-fin-des-films-dans-le-departement","status":"publish","type":"post","link":"https:\/\/www.europesays.com\/fr\/1074918\/","title":{"rendered":"\u00ab\u00a0On est un dommage collat\u00e9ral\u00a0\u00bb : l&rsquo;arr\u00eat de Gironde Tournages signe-t-il la fin des films dans le d\u00e9partement\u00a0?"},"content":{"rendered":"<p>                    Par<br \/>\n        <strong><br \/>\n            <a href=\"https:\/\/actu.fr\/auteur\/marie-tournier\" title=\"Consulter tous les articles de Marie Tournier\" rel=\"nofollow noopener\" target=\"_blank\">Marie Tournier<\/a><br \/>\n                    <\/strong><\/p>\n<p>        Publi\u00e9 le<\/p>\n<p>            19 juil. 2026 \u00e0 17h32        <\/p>\n<p>Le D\u00e9partement est en grande difficult\u00e9 financi\u00e8re, c\u2019est un fait. Pour rem\u00e9dier \u00e0 cela, plusieurs d\u00e9cisions ont \u00e9t\u00e9 prises et le secteur du tourisme est le plus impact\u00e9.<a href=\"https:\/\/actu.fr\/nouvelle-aquitaine\/bordeaux_33063\/en-proie-a-de-grosses-difficultes-financieres-le-departement-de-la-gironde-se-separe-d-une-institution_64374523.html\" rel=\"nofollow noopener\" target=\"_blank\"> Gironde Tourisme a appris sa suppression<\/a>, pr\u00e9vue pour la fin d\u2019ann\u00e9e, en mars 2026, et avec lui, sa branche li\u00e9e aux tournages de films, <strong>Gironde Tournages<\/strong>.<\/p>\n<p class=\" wall-content\"><a href=\"https:\/\/www.change.org\/p\/demande-de-maintien-de-gironde-tournages\" rel=\"nofollow noopener\" target=\"_blank\">Une p\u00e9tition a \u00e9t\u00e9 lanc\u00e9e<\/a> par Thibaut Frankel, r\u00e9alisateur et pr\u00e9sident de l\u2019association Kino Session, d\u00e9but juillet afin d\u2019emp\u00eacher cette fermeture. Elle a cumul\u00e9 au 17 juillet, 1 391 signatures. \u00ab\u2009Ce n\u2019est pas une p\u00e9tition qui va amener \u00e0 <strong>un soul\u00e8vement massif<\/strong>\u00a0mais ce sont des gens concern\u00e9s qui ont sign\u00e9 comme des com\u00e9diens, des techniciens et des \u00e9tudiants. \u00c7a compte d\u2019autant plus\u2009\u00bb, explique le r\u00e9alisateur.<\/p>\n<p>Une d\u00e9cision financi\u00e8re paradoxale<\/p>\n<p class=\" wall-content\">Depuis 2025, le fonds de soutien, suppos\u00e9 aider les projets qui se r\u00e9alisent en Gironde, est gel\u00e9. Pourtant selon Claire Verlhac, charg\u00e9e d\u2019accueil tournage de Gironde Tournages, \u00ab\u2009en moyenne un euro d\u00e9pens\u00e9 lors d\u2019un long-m\u00e9trage, \u00e7a repr\u00e9sente 15 euros sur le territoire. Pour une s\u00e9rie, un euro<strong> se transforme en 27 euros<\/strong> d\u00e9pens\u00e9s sur le territoire\u2009\u00bb.<\/p>\n<p class=\" wall-content\">Thibaut Frankel le confirme\u2009: \u00ab\u2009Un tournage, ce n\u2019est pas n\u00e9gligeable. Sur quelques semaines, \u00e7a peut d\u00e9penser <strong>des millions d\u2019euros<\/strong> sur le territoire, entre les loueurs, les taxis et les h\u00f4tels.\u2009\u00bb Une d\u00e9cision qui para\u00eet irr\u00e9fl\u00e9chie \u00e9galement au vu du nombre d\u2019emplois impact\u00e9s.<\/p>\n<p>Les professionnels envahis par le doute et le stress<\/p>\n<p class=\" wall-content\">\u00ab\u2009Je pense que \u00e7a va \u00eatre d\u00e9sastreux, si c\u2019est supprim\u00e9, au niveau artistique et technique. Les \u00e9quipes vont arriver <strong>d\u00e9j\u00e0 constitu\u00e9es de Paris<\/strong> avec leur propre mat\u00e9riel, alors qu\u2019on a de tr\u00e8s bons loueurs. Pour les com\u00e9diens, c\u2019est pareil\u2009\u00bb, se d\u00e9sole Thibaut Frankel. En effet, Bordeaux forme de nombreux acteurs, notamment gr\u00e2ce \u00e0 <a href=\"https:\/\/www.sudouest.fr\/gironde\/bordeaux\/bordeaux-l-academie-mano-une-ecole-de-cinema-gratuite-ouvre-ses-portes-avec-le-soutien-du-cnc-26699010.php\" rel=\"nofollow noopener\" target=\"_blank\">l\u2019acad\u00e9mie gratuite et inclusive Mano,<\/a> qui devront, malgr\u00e9 eux, quitter la ville, pour trouver un travail.<\/p>\n<p>    <img   decoding=\"async\" loading=\"lazy\" src=\"https:\/\/www.europesays.com\/fr\/wp-content\/uploads\/2026\/07\/tournage-chopin-chopin-960x640.jpg\" alt=\"Le film Chopin, Chopin ! est tourn\u00e9 jusqu'au 26 octobre \u00e0 Bordeaux.\" width=\"960\" height=\"640\"\/><br \/>\n    Chopin, Chopin, Les Mis\u00e9rables ou encore l\u2019\u00c9trang\u00e8re nombreux sont les films qui ont \u00e9t\u00e9 tourn\u00e9s \u00e0 Bordeaux. (\u00a9Actu Bordeaux \/ Nicolas Gosselin)<\/p>\n<p class=\" wall-content\">\u00ab\u2009On est <strong>un dommage collat\u00e9ral<\/strong> de l\u2019arr\u00eat d\u2019une politique touristique. On a bon espoir que nos postes soient rapatri\u00e9s ou que l\u2019on retrouve des financements\u2009\u00bb, relativise Claire Verlhac. Gironde Tournages, pour l\u2019instant, sans solution concr\u00e8te, est en discussion avec les institutions, <a href=\"https:\/\/actu.fr\/tag\/bordeaux-metropole\" rel=\"nofollow noopener\" target=\"_blank\">\u00e0 savoir Bordeaux M\u00e9tropole<\/a>, la R\u00e9gion et le D\u00e9partement.<\/p>\n<p class=\" wall-content\">Gironde Tournages rel\u00e8ve davantage de la culture que du tourisme, c\u2019est sur cette corde fine que <strong>l\u2019association peut se rassurer<\/strong>. \u00ab\u2009Le D\u00e9partement travaille \u00e0 ce que l\u2019activit\u00e9 de Gironde Tournages puisse continuer, en lien avec les partenaires\u2009\u00bb, a d\u00e9clar\u00e9 le D\u00e9partement contact\u00e9 par <a href=\"https:\/\/actu.fr\/bordeaux\/\" rel=\"nofollow noopener\" target=\"_blank\">actu Bordeaux<\/a>.<\/p>\n<p>La Gironde s\u00e9duit les productions<\/p>\n<p class=\" wall-content\">Apr\u00e8s avoir accueilli, les Mis\u00e9rables, <a href=\"https:\/\/actu.fr\/nouvelle-aquitaine\/pessac_33318\/tourne-a-bordeaux-mais-non-distribue-en-france-le-film-chopin-chopin-diffuse-exceptionnellement-a-pessac_63342542.html\" rel=\"nofollow noopener\" target=\"_blank\">Chopin Chopin<\/a> ou encore l\u2019\u00c9trang\u00e8re, les tournages se poursuivent. D\u00e9but ao\u00fbt, c\u2019est le film de Ma\u00eft\u00e9 Sonnet, Tu feras tomber les rois, qui d\u00e9butent. Sur la m\u00eame p\u00e9riode, <strong>une s\u00e9rie UGC<\/strong> va se tourner. Un autre projet est d\u00e9j\u00e0 en pr\u00e9paration sur le bassin d\u2019Arcachon, pour le mois d\u2019octobre.<\/p>\n<p class=\" wall-content\">\u00ab\u2009On en a un peu marre de voir Paris, et le tout Paris. C\u2019est important de voir son d\u00e9partement rayonner\u2009\u00bb, soul\u00e8ve le pr\u00e9sident de l\u2019association Kino Session. Et \u00e7a tombe bien que les Girondins soient friands des tournages, car \u00e0 Paris c\u2019est l\u2019inverse. La ville et les habitants se montrent de plus en plus hostiles aux tournages. Gironde Tournages a su <strong>profiter de ce ras-le-bol<\/strong> pour s\u00e9duire les productions.<\/p>\n<p class=\" wall-content\">La force du d\u00e9partement c\u2019est sa pluralit\u00e9 de d\u00e9cors naturels, c\u2019est-\u00e0-dire qui ne se tournent pas en studio. \u00ab\u2009On a la mer, la for\u00eat, les vignes. J\u2019ai tout une base que j\u2019alimente concernant des maisons, des h\u00f4pitaux ou d\u2019autres structures. Je suis aussi contact\u00e9e par des propri\u00e9taires qui veulent proposer leur maison\u2009\u00bb, pr\u00e9cise Claire Verlhac. Qui sait ? Ce sera peut-\u00eatre votre maison le d\u00e9cor de <strong>la future palme d\u2019or.<\/strong><\/p>\n<p class=\" wall-content\">Personnalisez votre actualit\u00e9 en ajoutant vos villes et m\u00e9dias en favori avec <a href=\"https:\/\/moncompte.actu.fr\" title=\"D\u00e9couvez Mon Actu\" rel=\"nofollow noopener\" data-trk=\"{&quot;cta&quot;:{&quot;action&quot;:&quot;https:\\\/\\\/moncompte.actu.fr&quot;,&quot;category&quot;:&quot;mon compte&quot;,&quot;from&quot;:&quot;article footer&quot;,&quot;name&quot;:&quot;Mon actu&quot;,&quot;type&quot;:&quot;cta&quot;}}\" target=\"_blank\">Mon Actu<\/a>.<\/p>\n","protected":false},"excerpt":{"rendered":"Par Marie Tournier Publi\u00e9 le 19 juil. 2026 \u00e0 17h32 Le D\u00e9partement est en grande difficult\u00e9 financi\u00e8re, c\u2019est&hellip;\n","protected":false},"author":2,"featured_media":1074919,"comment_status":"","ping_status":"","sticky":false,"template":"","format":"standard","meta":{"footnotes":"","_share_on_mastodon":"0"},"categories":[2817],"tags":[1111,11,1997,11668,650,1777,674,1011,27,12,2219,25],"class_list":["post-1074918","post","type-post","status-publish","format-standard","has-post-thumbnail","category-bordeaux","tag-actu","tag-actualites","tag-bordeaux","tag-casting","tag-cinema","tag-eu","tag-europe","tag-fr","tag-france","tag-news","tag-nouvelle-aquitaine","tag-republique-francaise"],"share_on_mastodon":{"url":"https:\/\/pubeurope.com\/@fr\/116947414964819241","error":""},"_links":{"self":[{"href":"https:\/\/www.europesays.com\/fr\/wp-json\/wp\/v2\/posts\/1074918","targetHints":{"allow":["GET"]}}],"collection":[{"href":"https:\/\/www.europesays.com\/fr\/wp-json\/wp\/v2\/posts"}],"about":[{"href":"https:\/\/www.europesays.com\/fr\/wp-json\/wp\/v2\/types\/post"}],"author":[{"embeddable":true,"href":"https:\/\/www.europesays.com\/fr\/wp-json\/wp\/v2\/users\/2"}],"replies":[{"embeddable":true,"href":"https:\/\/www.europesays.com\/fr\/wp-json\/wp\/v2\/comments?post=1074918"}],"version-history":[{"count":0,"href":"https:\/\/www.europesays.com\/fr\/wp-json\/wp\/v2\/posts\/1074918\/revisions"}],"wp:featuredmedia":[{"embeddable":true,"href":"https:\/\/www.europesays.com\/fr\/wp-json\/wp\/v2\/media\/1074919"}],"wp:attachment":[{"href":"https:\/\/www.europesays.com\/fr\/wp-json\/wp\/v2\/media?parent=1074918"}],"wp:term":[{"taxonomy":"category","embeddable":true,"href":"https:\/\/www.europesays.com\/fr\/wp-json\/wp\/v2\/categories?post=1074918"},{"taxonomy":"post_tag","embeddable":true,"href":"https:\/\/www.europesays.com\/fr\/wp-json\/wp\/v2\/tags?post=1074918"}],"curies":[{"name":"wp","href":"https:\/\/api.w.org\/{rel}","templated":true}]}}