{"id":107493,"date":"2025-05-17T17:46:11","date_gmt":"2025-05-17T17:46:11","guid":{"rendered":"https:\/\/www.europesays.com\/fr\/107493\/"},"modified":"2025-05-17T17:46:11","modified_gmt":"2025-05-17T17:46:11","slug":"bastien-chalureau-de-retour-avec-montpellier-a-la-rochelle","status":"publish","type":"post","link":"https:\/\/www.europesays.com\/fr\/107493\/","title":{"rendered":"Bastien Chalureau de retour avec Montpellier \u00e0 La Rochelle"},"content":{"rendered":"<p>Apr\u00e8s quatre mois d\u2019absence, Bastien Chalureau signera son retour contre le Stade Rochelais ce dimanche avec Montpellier pour le compte de la 24e journ\u00e9e de Top 14.<\/p>\n<p class=\"fig-paragraph\">Le deuxi\u00e8me ligne de Montpellier Bastien Chalureau fera son retour apr\u00e8s quatre mois d&rsquo;absence dimanche \u00e0 La Rochelle, lors de la 24e journ\u00e9e de Top 14, a annonc\u00e9 samedi le club h\u00e9raultais. L&rsquo;international tricolore (sept s\u00e9lections) est remis d&rsquo;une blessure \u00e0 l&rsquo;\u00e9paule.<\/p>\n<p class=\"fig-paragraph\">Chalureau (33 ans) est l&rsquo;un des maillons forts de l&rsquo;\u00e9quipe h\u00e9raultaise, handicap\u00e9e depuis le d\u00e9but de saison par la blessure de l&rsquo;international Paul Willemse. \u00c0 l&rsquo;or\u00e9e de cette 24e journ\u00e9e, Montpellier occupait pour la premi\u00e8re fois de la saison la sixi\u00e8me place et postule donc \u00e0 une qualification en phase finale.<\/p>\n","protected":false},"excerpt":{"rendered":"Apr\u00e8s quatre mois d\u2019absence, Bastien Chalureau signera son retour contre le Stade Rochelais ce dimanche avec Montpellier pour&hellip;\n","protected":false},"author":2,"featured_media":107494,"comment_status":"","ping_status":"","sticky":false,"template":"","format":"standard","meta":{"footnotes":""},"categories":[9599],"tags":[1111,11,525,4590,1981,2313,814,1777,674,1011,27,955,2208,20044,12,2680,4589,2311,25,1980,479,2259,478,2310,2312],"class_list":{"0":"post-107493","1":"post","2":"type-post","3":"status-publish","4":"format-standard","5":"has-post-thumbnail","7":"category-montpellier","8":"tag-actu","9":"tag-actualites","10":"tag-calendrier","11":"tag-championnat-france","12":"tag-classement","13":"tag-clermont","14":"tag-direct","15":"tag-eu","16":"tag-europe","17":"tag-fr","18":"tag-france","19":"tag-match","20":"tag-montpellier","21":"tag-montpellier-herault-rugby","22":"tag-news","23":"tag-occitanie","24":"tag-phase-finale","25":"tag-racing","26":"tag-republique-francaise","27":"tag-resultats","28":"tag-rugby","29":"tag-score","30":"tag-top-14","31":"tag-toulon","32":"tag-toulouse"},"share_on_mastodon":{"url":"https:\/\/pubeurope.com\/@fr\/114524427592751117","error":""},"_links":{"self":[{"href":"https:\/\/www.europesays.com\/fr\/wp-json\/wp\/v2\/posts\/107493","targetHints":{"allow":["GET"]}}],"collection":[{"href":"https:\/\/www.europesays.com\/fr\/wp-json\/wp\/v2\/posts"}],"about":[{"href":"https:\/\/www.europesays.com\/fr\/wp-json\/wp\/v2\/types\/post"}],"author":[{"embeddable":true,"href":"https:\/\/www.europesays.com\/fr\/wp-json\/wp\/v2\/users\/2"}],"replies":[{"embeddable":true,"href":"https:\/\/www.europesays.com\/fr\/wp-json\/wp\/v2\/comments?post=107493"}],"version-history":[{"count":0,"href":"https:\/\/www.europesays.com\/fr\/wp-json\/wp\/v2\/posts\/107493\/revisions"}],"wp:featuredmedia":[{"embeddable":true,"href":"https:\/\/www.europesays.com\/fr\/wp-json\/wp\/v2\/media\/107494"}],"wp:attachment":[{"href":"https:\/\/www.europesays.com\/fr\/wp-json\/wp\/v2\/media?parent=107493"}],"wp:term":[{"taxonomy":"category","embeddable":true,"href":"https:\/\/www.europesays.com\/fr\/wp-json\/wp\/v2\/categories?post=107493"},{"taxonomy":"post_tag","embeddable":true,"href":"https:\/\/www.europesays.com\/fr\/wp-json\/wp\/v2\/tags?post=107493"}],"curies":[{"name":"wp","href":"https:\/\/api.w.org\/{rel}","templated":true}]}}