{"id":107501,"date":"2025-05-17T17:54:12","date_gmt":"2025-05-17T17:54:12","guid":{"rendered":"https:\/\/www.europesays.com\/fr\/107501\/"},"modified":"2025-05-17T17:54:12","modified_gmt":"2025-05-17T17:54:12","slug":"om-rennes-lenigme-steve-mandanda","status":"publish","type":"post","link":"https:\/\/www.europesays.com\/fr\/107501\/","title":{"rendered":"OM &#8211; Rennes, l&rsquo;\u00e9nigme Steve Mandanda"},"content":{"rendered":"<p data-testid=\"article-teaser\">A quelques heures de la fin de saison et de son d\u00e9part de Rennes, Steve Mandanda n\u2019a toujours pas tranch\u00e9 sur son avenir.<\/p>\n<p>Le destin est parfois joueur<a href=\"https:\/\/www.goal.com\/fr\/listes\/le-groupe-de-l-om-contre-rennes-de-zerbi-ecarte-deux-stars-une-autre-de-retour\/blt05e4953fafe855f3\" target=\"_self\" rel=\"noopener\">. Ce samedi, Steve Mandanda retrouve le V\u00e9lodrome, l\u00e0 o\u00f9 tout a commenc\u00e9, pour ce qui pourrait \u00eatre sa derni\u00e8re apparition sur une feuille de match en Ligue 1<\/a>. \u00c0 40 ans, l\u2019ancien capitaine embl\u00e9matique de l\u2019OM vit une fin de saison particuli\u00e8re avec Rennes. Pourtant, loin de songer \u00e0 raccrocher les gants, Steve Mandanda entretient le flou sur son avenir. Retour sur une situation aussi \u00e9motive qu\u2019incertaine.<\/p>\n<p>L&rsquo;article continue ci-dessous<\/p>\n","protected":false},"excerpt":{"rendered":"A quelques heures de la fin de saison et de son d\u00e9part de Rennes, Steve Mandanda n\u2019a toujours&hellip;\n","protected":false},"author":2,"featured_media":107502,"comment_status":"","ping_status":"","sticky":false,"template":"","format":"standard","meta":{"footnotes":""},"categories":[2821],"tags":[1111,11,829,1777,674,1011,27,66,884,20448,12,584,25,22513],"class_list":{"0":"post-107501","1":"post","2":"type-post","3":"status-publish","4":"format-standard","5":"has-post-thumbnail","7":"category-rennes","8":"tag-actu","9":"tag-actualites","10":"tag-bretagne","11":"tag-eu","12":"tag-europe","13":"tag-fr","14":"tag-france","15":"tag-ligue-1","16":"tag-marseille","17":"tag-marseille-vs-rennes","18":"tag-news","19":"tag-rennes","20":"tag-republique-francaise","21":"tag-s-mandanda"},"share_on_mastodon":{"url":"https:\/\/pubeurope.com\/@fr\/114524459093376309","error":""},"_links":{"self":[{"href":"https:\/\/www.europesays.com\/fr\/wp-json\/wp\/v2\/posts\/107501","targetHints":{"allow":["GET"]}}],"collection":[{"href":"https:\/\/www.europesays.com\/fr\/wp-json\/wp\/v2\/posts"}],"about":[{"href":"https:\/\/www.europesays.com\/fr\/wp-json\/wp\/v2\/types\/post"}],"author":[{"embeddable":true,"href":"https:\/\/www.europesays.com\/fr\/wp-json\/wp\/v2\/users\/2"}],"replies":[{"embeddable":true,"href":"https:\/\/www.europesays.com\/fr\/wp-json\/wp\/v2\/comments?post=107501"}],"version-history":[{"count":0,"href":"https:\/\/www.europesays.com\/fr\/wp-json\/wp\/v2\/posts\/107501\/revisions"}],"wp:featuredmedia":[{"embeddable":true,"href":"https:\/\/www.europesays.com\/fr\/wp-json\/wp\/v2\/media\/107502"}],"wp:attachment":[{"href":"https:\/\/www.europesays.com\/fr\/wp-json\/wp\/v2\/media?parent=107501"}],"wp:term":[{"taxonomy":"category","embeddable":true,"href":"https:\/\/www.europesays.com\/fr\/wp-json\/wp\/v2\/categories?post=107501"},{"taxonomy":"post_tag","embeddable":true,"href":"https:\/\/www.europesays.com\/fr\/wp-json\/wp\/v2\/tags?post=107501"}],"curies":[{"name":"wp","href":"https:\/\/api.w.org\/{rel}","templated":true}]}}