{"id":107509,"date":"2025-05-17T17:58:11","date_gmt":"2025-05-17T17:58:11","guid":{"rendered":"https:\/\/www.europesays.com\/fr\/107509\/"},"modified":"2025-05-17T17:58:11","modified_gmt":"2025-05-17T17:58:11","slug":"a-nice-une-marche-contre-les-lgbtphobies-et-lextreme-droite","status":"publish","type":"post","link":"https:\/\/www.europesays.com\/fr\/107509\/","title":{"rendered":"\u00c0 Nice, une marche contre les LGBTphobies et l\u2019extr\u00eame droite"},"content":{"rendered":"<p>Le 17 mai marque chaque ann\u00e9e une date symbolique : celle de la Journ\u00e9e mondiale de lutte contre les LGBTphobies, en m\u00e9moire du jour o\u00f9 l\u2019OMS a retir\u00e9 l\u2019homosexualit\u00e9 de la liste des maladies mentales. Ainsi, la marche organis\u00e9e ce samedi 17 mai \u00e0 Nice \u00e9tait pr\u00e9vue de longue date, en cl\u00f4ture du Nice Rainbow festival.<\/p>\n<p>Mais elle a pris une tournure diff\u00e9rente, apr\u00e8s la publication il y a quelques jours sur les r\u00e9seaux sociaux d\u2019une vid\u00e9o du collectif homosexuel d\u2019extr\u00eame droite Eros. Ce dernier accuse le Nice Rainbow festival d\u2019avoir expos\u00e9 des enfants de moins de cinq ans \u00e0 de la pornographie, de la nudit\u00e9 et des cours d\u2019\u00e9ducation sexuelle. <a href=\"https:\/\/www.nicematin.com\/faits-de-societe\/plusieurs-plaintes-deposees-apres-la-publication-d-une-video-par-un-collectif-dextreme-droite-visant-le-nice-rainbow-festival-a-nice-985444\" rel=\"nofollow noopener\" target=\"_blank\">Le centre LGBTQIA + C\u00f4te d\u2019Azur a d\u00e9pos\u00e9 plainte, ainsi que la ville de Nice et la librairie Les Parleuses, d\u00e9non\u00e7ant une vid\u00e9o \u00ab\u00a0mensong\u00e8re, malhonn\u00eate et dangereuse\u00a0\u00bb.<\/a><\/p>\n<p>Parties de la gare Thiers, quelque 500 personnes ont rejoint la place Mass\u00e9na, au son des tambours et des slogans antifascistes. \u00ab\u00a0L\u2019enjeu est important aujourd\u2019hui: on ne peut pas laisser la France aux mains de l\u2019extr\u00eame droite\u00a0\u00bb, avait lanc\u00e9 au m\u00e9gaphone Erwann Le H\u00f4, coordinateur du Centre LGBTQIA + de Nice, avant que le joyeux cort\u00e8ge ne s\u2019\u00e9lance.<\/p>\n<p>Camille Privat, animatrice de pr\u00e9vention en sant\u00e9 sexuelle au Planning familial 06 \u2013 qui \u00e9tait pris pour cible dans la vid\u00e9o d\u2019Eros \u2013, \u00e9tait de la partie. \u00ab\u00a0On est l\u00e0 pour r\u00e9affirmer nos valeurs, lutter contre la d\u00e9sinformation, et prot\u00e9ger les droits des LGBTQIA +, explique-t-elle. Malheureusement, les attaques de l\u2019extr\u00eame droite sont assez r\u00e9guli\u00e8res, mais l\u00e0, utiliser l\u2019argument de la protection des enfants, c\u2019\u00e9tait particuli\u00e8rement ignoble. Car nous, on lutte chaque jour pour les prot\u00e9ger. Ils nous accusent de manipuler les enfants, alors que ce sont eux qui les manipulent pour leur propre agenda politique.\u00a0\u00bb<\/p>\n<p>Mercredi 14 mai, une tribune collective intitul\u00e9e \u00ab\u00a0L\u2019extr\u00eame droite ne nous fait pas peur: marchons ensemble \u00e0 Nice ce 17 mai pour r\u00e9-affirmer notre refus de la haine!\u00a0\u00bb avait \u00e9t\u00e9 sign\u00e9e par pr\u00e8s de 60 organisations associatives, syndicales, politiques, locales ou nationales, des artistes et des personnalit\u00e9s engag\u00e9es.<\/p>\n","protected":false},"excerpt":{"rendered":"Le 17 mai marque chaque ann\u00e9e une date symbolique : celle de la Journ\u00e9e mondiale de lutte contre&hellip;\n","protected":false},"author":2,"featured_media":107510,"comment_status":"","ping_status":"","sticky":false,"template":"","format":"standard","meta":{"footnotes":""},"categories":[2819],"tags":[1111,11,1777,674,1011,27,12,2401,882,25,3366],"class_list":{"0":"post-107509","1":"post","2":"type-post","3":"status-publish","4":"format-standard","5":"has-post-thumbnail","7":"category-nice","8":"tag-actu","9":"tag-actualites","10":"tag-eu","11":"tag-europe","12":"tag-fr","13":"tag-france","14":"tag-news","15":"tag-nice","16":"tag-provence-alpes-cote-dazur","17":"tag-republique-francaise","18":"tag-vie-locale"},"share_on_mastodon":{"url":"https:\/\/pubeurope.com\/@fr\/114524474784759322","error":""},"_links":{"self":[{"href":"https:\/\/www.europesays.com\/fr\/wp-json\/wp\/v2\/posts\/107509","targetHints":{"allow":["GET"]}}],"collection":[{"href":"https:\/\/www.europesays.com\/fr\/wp-json\/wp\/v2\/posts"}],"about":[{"href":"https:\/\/www.europesays.com\/fr\/wp-json\/wp\/v2\/types\/post"}],"author":[{"embeddable":true,"href":"https:\/\/www.europesays.com\/fr\/wp-json\/wp\/v2\/users\/2"}],"replies":[{"embeddable":true,"href":"https:\/\/www.europesays.com\/fr\/wp-json\/wp\/v2\/comments?post=107509"}],"version-history":[{"count":0,"href":"https:\/\/www.europesays.com\/fr\/wp-json\/wp\/v2\/posts\/107509\/revisions"}],"wp:featuredmedia":[{"embeddable":true,"href":"https:\/\/www.europesays.com\/fr\/wp-json\/wp\/v2\/media\/107510"}],"wp:attachment":[{"href":"https:\/\/www.europesays.com\/fr\/wp-json\/wp\/v2\/media?parent=107509"}],"wp:term":[{"taxonomy":"category","embeddable":true,"href":"https:\/\/www.europesays.com\/fr\/wp-json\/wp\/v2\/categories?post=107509"},{"taxonomy":"post_tag","embeddable":true,"href":"https:\/\/www.europesays.com\/fr\/wp-json\/wp\/v2\/tags?post=107509"}],"curies":[{"name":"wp","href":"https:\/\/api.w.org\/{rel}","templated":true}]}}