{"id":1075138,"date":"2026-07-19T18:20:28","date_gmt":"2026-07-19T18:20:28","guid":{"rendered":"https:\/\/www.europesays.com\/fr\/1075138\/"},"modified":"2026-07-19T18:20:28","modified_gmt":"2026-07-19T18:20:28","slug":"il-fallait-eviter-quil-touche-les-catenaires-pres-de-rennes-un-feu-brule","status":"publish","type":"post","link":"https:\/\/www.europesays.com\/fr\/1075138\/","title":{"rendered":"\u00ab\u00a0Il fallait \u00e9viter qu\u2019il touche les cat\u00e9naires\u00a0\u00bb\u00a0: pr\u00e8s de Rennes, un feu br\u00fble"},"content":{"rendered":"<tr wp_automatic_readability=\"6.890625\">\n<td valign=\"middle\" align=\"center\" class=\"col-logo\" wp_automatic_readability=\"5\">\n    <img decoding=\"async\" src=\"https:\/\/www.maville.com\/design\/images\/logo-of-monetise.svg?version=20130627\" alt=\"logo Ouest-France\" height=\"66\" loading=\"lazy\"\/><\/p>\n<p>Contenu r\u00e9serv\u00e9 aux abonn\u00e9s<\/p>\n<\/td>\n<td class=\"col-titre\">\n\t\t\tDimanche 19 juillet 2026 18:32<br \/>\n\t\t\t<a class=\"icon-bulle sizeL count\" href=\"#ancreAvis\"><br \/>\n\t&#8230;<br \/>\n<\/a><\/td>\n<\/tr>\n<p>\t\t<a class=\"mavillebox2 elmt-photo\" href=\"https:\/\/www.maville.com\/photosmvi\/2026\/07\/19\/P36037878D7412813G.jpg\" title=\" Le feu a br\u00fbl\u00e9 5\u00a0000\u00a0m\u00b2 de terrain tout pr\u00e8s des voies SNCF \u00e0 Cesson-S\u00e9vign\u00e9\u00a0(Ille-et-Vilaine).  \u00a9  Ouest-France  \" rel=\"galerie_actu nofollow noopener\" target=\"_blank\"><br \/>\n\t<img decoding=\"async\" src=\"https:\/\/www.europesays.com\/fr\/wp-content\/uploads\/2026\/07\/P36037878D7412813G_crop_640-330_.jpg\" alt=\"photo  le feu a br\u00fbl\u00e9 5\u00a0000\u00a0m\u00b2 de terrain tout pr\u00e8s des voies sncf \u00e0 cesson-s\u00e9vign\u00e9\u00a0(ille-et-vilaine).  \u00a9  ouest-france \" loading=\"lazy\"\/><br \/>\n\t1<br \/>\n<\/a><\/p>\n<p class=\"elmt-legende\"> Le feu a br\u00fbl\u00e9 5\u00a0000\u00a0m\u00b2 de terrain tout pr\u00e8s des voies SNCF \u00e0 Cesson-S\u00e9vign\u00e9\u00a0(Ille-et-Vilaine).  \u00a9  Ouest-France  <\/p>\n<p>\t\tLes pompiers sont intervenus, dimanche 19\u00a0juillet 2026, dans l\u2019apr\u00e8s-midi, au niveau de la halte SNCF de Cesson-S\u00e9vign\u00e9\u00a0(Ille-et-Vilaine). Ils ont \u00e9teint un feu de broussailles qui mena\u00e7ait de s\u2019\u00e9tendre aux voies SNCF.<\/p>\n<p><b>Cet article est r\u00e9serv\u00e9 aux abonn\u00e9s<\/b><\/p>\n<p>Pour un acc\u00e8s imm\u00e9diat, abonnez-vous<\/p>\n<p><b>1er mois \u00e0 1\u20ac<\/b><\/p>\n<p>\t\t Fabienne Richard \u00a0\u00a0<br \/>\n\t\tOuest-France<\/p>\n<p>Retrouvez d&rsquo;autres actus sur les communes de :<\/p>\n","protected":false},"excerpt":{"rendered":"Contenu r\u00e9serv\u00e9 aux abonn\u00e9s Dimanche 19 juillet 2026 18:32 &#8230; 1 Le feu a br\u00fbl\u00e9 5\u00a0000\u00a0m\u00b2 de terrain&hellip;\n","protected":false},"author":2,"featured_media":1075139,"comment_status":"","ping_status":"","sticky":false,"template":"","format":"standard","meta":{"footnotes":"","_share_on_mastodon":"0"},"categories":[2821],"tags":[6541,9638,1111,11,829,11227,106842,1777,674,7049,38574,1312,1011,27,10496,38871,12,3762,9576,584,25,3728,2215,8066,32839],"class_list":["post-1075138","post","type-post","status-publish","format-standard","has-post-thumbnail","category-rennes","tag-6541","tag-9638","tag-actu","tag-actualites","tag-bretagne","tag-brule","tag-catenaires","tag-eu","tag-europe","tag-eviter","tag-fallait","tag-feu","tag-fr","tag-france","tag-long","tag-m","tag-news","tag-pres","tag-qu","tag-rennes","tag-republique-francaise","tag-saint-malo","tag-sncf","tag-touche","tag-voies"],"share_on_mastodon":{"url":"https:\/\/pubeurope.com\/@fr\/116948030208494222","error":""},"_links":{"self":[{"href":"https:\/\/www.europesays.com\/fr\/wp-json\/wp\/v2\/posts\/1075138","targetHints":{"allow":["GET"]}}],"collection":[{"href":"https:\/\/www.europesays.com\/fr\/wp-json\/wp\/v2\/posts"}],"about":[{"href":"https:\/\/www.europesays.com\/fr\/wp-json\/wp\/v2\/types\/post"}],"author":[{"embeddable":true,"href":"https:\/\/www.europesays.com\/fr\/wp-json\/wp\/v2\/users\/2"}],"replies":[{"embeddable":true,"href":"https:\/\/www.europesays.com\/fr\/wp-json\/wp\/v2\/comments?post=1075138"}],"version-history":[{"count":0,"href":"https:\/\/www.europesays.com\/fr\/wp-json\/wp\/v2\/posts\/1075138\/revisions"}],"wp:featuredmedia":[{"embeddable":true,"href":"https:\/\/www.europesays.com\/fr\/wp-json\/wp\/v2\/media\/1075139"}],"wp:attachment":[{"href":"https:\/\/www.europesays.com\/fr\/wp-json\/wp\/v2\/media?parent=1075138"}],"wp:term":[{"taxonomy":"category","embeddable":true,"href":"https:\/\/www.europesays.com\/fr\/wp-json\/wp\/v2\/categories?post=1075138"},{"taxonomy":"post_tag","embeddable":true,"href":"https:\/\/www.europesays.com\/fr\/wp-json\/wp\/v2\/tags?post=1075138"}],"curies":[{"name":"wp","href":"https:\/\/api.w.org\/{rel}","templated":true}]}}