{"id":107520,"date":"2025-05-17T18:06:11","date_gmt":"2025-05-17T18:06:11","guid":{"rendered":"https:\/\/www.europesays.com\/fr\/107520\/"},"modified":"2025-05-17T18:06:11","modified_gmt":"2025-05-17T18:06:11","slug":"visible-depuis-lille-un-incendie-sest-declare-sur-un-camp-rom-de-ronchin-ce-samedi","status":"publish","type":"post","link":"https:\/\/www.europesays.com\/fr\/107520\/","title":{"rendered":"Visible depuis Lille, un incendie s\u2019est d\u00e9clar\u00e9 sur un camp rom de Ronchin ce samedi"},"content":{"rendered":"<p>            Par<br \/>\n        <strong><br \/>\n            <a href=\"https:\/\/actu.fr\/auteur\/amandine-vachez\" title=\"Consulter tous les articles de Amandine Vachez\" rel=\"nofollow noopener\" target=\"_blank\">Amandine Vachez<\/a><br \/>\n        <\/strong><\/p>\n<p>        Publi\u00e9 le<\/p>\n<p>            17 mai 2025 \u00e0 19h02<br \/>\n        ; mis \u00e0 jour le 17 mai 2025 \u00e0 19h49    <\/p>\n<p>Peu avant 19\u2009h, on peut voir une fum\u00e9e noire depuis<b> Lille<\/b> (Nord) notamment. Un<b> incendie s\u2019est d\u00e9clar\u00e9 \u00e0 Ronchin<\/b>, dans un <b>camp rom<\/b> situ\u00e9 rue de l\u2019Abb\u00e9 de l\u2019\u00c9p\u00e9e. Les <a href=\"https:\/\/actu.fr\/tag\/pompiers\" rel=\"nofollow noopener\" target=\"_blank\">pompiers<\/a> sont sur place.<\/p>\n<p>Une fum\u00e9e visible depuis Lille<br \/>\n    <img   decoding=\"async\" loading=\"lazy\" class=\"size-large\" src=\"https:\/\/www.europesays.com\/fr\/wp-content\/uploads\/2025\/05\/c85e54f1c8286ac5e54f1c828906e5v-960x640.jpeg\" alt=\"On voit notamment la fum\u00e9e depuis Lille (ici dans le quartier de Wazemmes).\" width=\"960\" height=\"640\"\/><br \/>\n    On voit notamment la fum\u00e9e depuis Lille (ici dans le quartier de Wazemmes). \u00a9BG Lille actu<\/p>\n<p class=\" wall-content\">Depuis Lille, comme ici \u00e0 Wazemmes, on peut voir la fum\u00e9e caus\u00e9e par l\u2019incendie. Sur le camp situ\u00e9 \u00e0 Ronchin qui compte de nombreuses caravanes, les secouristes du SDIS, Service d\u00e9partemental de secours, sont actuellement en intervention.<\/p>\n<p class=\" wall-content\">\n<p class=\" wall-content\">Le <b>feu s\u2019est d\u00e9clar\u00e9 vers 18\u2009h\u200910. <\/b>Il s\u2019agit d\u2019un \u00ab<b>\u2009feu de caravane et d\u2019un v\u00e9hicule<\/b>, l\u2019ensemble \u00e9tant situ\u00e9 <b>\u00e0 c\u00f4t\u00e9 de d\u00e9tritus et d\u2019un stockage de pneus<\/b>\u2009\u00bb pr\u00e9cise le SDIS. Le dispositif des sapeurs-pompiers se d\u00e9ploie, pour contenir l\u2019incendie et \u00e9viter une propagation.<\/p>\n<p>Le trafic sur l\u2019A1 impact\u00e9<\/p>\n<p class=\" wall-content\">Vigilance est de mise sur la route. La pr\u00e9fecture du Nord indique que l\u2019autoroute A1 est impact\u00e9e par le sinistre. \u00ab\u00a0Les deux voies de droite sont coup\u00e9es dans le sens Paris-Lille. Toutes les voies sont ouvertes dans le sens Lille-Paris.\u00a0\u00bb<\/p>\n<p class=\" wall-content\">\n<p class=\" wall-content\">Plus d\u2019informations \u00e0 venir.<\/p>\n<p class=\" wall-content\">Suivez toute l\u2019actualit\u00e9 de vos villes et m\u00e9dias favoris en vous inscrivant \u00e0 <a href=\"https:\/\/moncompte.actu.fr\" title=\"D\u00e9couvez Mon Actu\" rel=\"nofollow noopener\" data-trk=\"{&quot;cta&quot;:{&quot;action&quot;:&quot;https:\\\/\\\/moncompte.actu.fr&quot;,&quot;category&quot;:&quot;mon compte&quot;,&quot;from&quot;:&quot;article footer&quot;,&quot;name&quot;:&quot;Mon actu&quot;,&quot;type&quot;:&quot;cta&quot;}}\" target=\"_blank\">Mon Actu<\/a>.<\/p>\n","protected":false},"excerpt":{"rendered":"Par Amandine Vachez Publi\u00e9 le 17 mai 2025 \u00e0 19h02 ; mis \u00e0 jour le 17 mai 2025&hellip;\n","protected":false},"author":2,"featured_media":107521,"comment_status":"","ping_status":"","sticky":false,"template":"","format":"standard","meta":{"footnotes":""},"categories":[2815],"tags":[1111,11,1777,674,118,1011,27,811,1310,1307,12,1311,25],"class_list":{"0":"post-107520","1":"post","2":"type-post","3":"status-publish","4":"format-standard","5":"has-post-thumbnail","7":"category-lille","8":"tag-actu","9":"tag-actualites","10":"tag-eu","11":"tag-europe","12":"tag-faits-divers","13":"tag-fr","14":"tag-france","15":"tag-hauts-de-france","16":"tag-incendie","17":"tag-lille","18":"tag-news","19":"tag-pompiers","20":"tag-republique-francaise"},"share_on_mastodon":{"url":"https:\/\/pubeurope.com\/@fr\/114524506319196396","error":""},"_links":{"self":[{"href":"https:\/\/www.europesays.com\/fr\/wp-json\/wp\/v2\/posts\/107520","targetHints":{"allow":["GET"]}}],"collection":[{"href":"https:\/\/www.europesays.com\/fr\/wp-json\/wp\/v2\/posts"}],"about":[{"href":"https:\/\/www.europesays.com\/fr\/wp-json\/wp\/v2\/types\/post"}],"author":[{"embeddable":true,"href":"https:\/\/www.europesays.com\/fr\/wp-json\/wp\/v2\/users\/2"}],"replies":[{"embeddable":true,"href":"https:\/\/www.europesays.com\/fr\/wp-json\/wp\/v2\/comments?post=107520"}],"version-history":[{"count":0,"href":"https:\/\/www.europesays.com\/fr\/wp-json\/wp\/v2\/posts\/107520\/revisions"}],"wp:featuredmedia":[{"embeddable":true,"href":"https:\/\/www.europesays.com\/fr\/wp-json\/wp\/v2\/media\/107521"}],"wp:attachment":[{"href":"https:\/\/www.europesays.com\/fr\/wp-json\/wp\/v2\/media?parent=107520"}],"wp:term":[{"taxonomy":"category","embeddable":true,"href":"https:\/\/www.europesays.com\/fr\/wp-json\/wp\/v2\/categories?post=107520"},{"taxonomy":"post_tag","embeddable":true,"href":"https:\/\/www.europesays.com\/fr\/wp-json\/wp\/v2\/tags?post=107520"}],"curies":[{"name":"wp","href":"https:\/\/api.w.org\/{rel}","templated":true}]}}