{"id":107522,"date":"2025-05-17T18:07:11","date_gmt":"2025-05-17T18:07:11","guid":{"rendered":"https:\/\/www.europesays.com\/fr\/107522\/"},"modified":"2025-05-17T18:07:11","modified_gmt":"2025-05-17T18:07:11","slug":"la-ligne-1-enfin-de-nouveau-en-service-apres-plusieurs-jours-darret","status":"publish","type":"post","link":"https:\/\/www.europesays.com\/fr\/107522\/","title":{"rendered":"la ligne 1 enfin de nouveau en service, apr\u00e8s plusieurs jours d&rsquo;arr\u00eat"},"content":{"rendered":"<p>            Par<br \/>\n        <strong><br \/>\n            <a href=\"https:\/\/actu.fr\/auteur\/amandine-vachez\" title=\"Consulter tous les articles de Amandine Vachez\" target=\"_blank\" rel=\"noopener\">Amandine Vachez<\/a><br \/>\n        <\/strong><\/p>\n<p>        Publi\u00e9 le<\/p>\n<p>            17 mai 2025 \u00e0 19h44        <\/p>\n<p>Bonne nouvelle pour les usagers. La l<b>igne 1 du m\u00e9tro de Lille<\/b> (Nord) est <b>de nouveau en service<\/b>, apr\u00e8s plusieurs jours \u00e0 l\u2019arr\u00eat. Une panne informatique immobilisait en effet la ligne reliant le CHU de Lille aux 4 Cantons \u00e0 Villeneuve-d\u2019Ascq <a href=\"https:\/\/actu.fr\/hauts-de-france\/lille_59350\/panne-de-metro-a-lille-la-ligne-1-interrompue-pour-une-duree-indeterminee-le-point-sur-la-situation_62648946.html\" target=\"_blank\" rel=\"noopener\">depuis le jeudi 15 mai<\/a>. Le soir du <b>samedi 17 mai<\/b>, la MEL annonce une <b>reprise progressive du trafic.<\/b><\/p>\n<p>Un red\u00e9marrage tr\u00e8s attendu<\/p>\n<p class=\" wall-content\">\u00ab\u00a0Ce red\u00e9marrage tr\u00e8s attendu intervient apr\u00e8s plusieurs jours d\u2019interruption et une mobilisation sans rel\u00e2che des \u00e9quipes d\u2019Il\u00e9via, d\u2019Alstom et des services de la MEL, pleinement engag\u00e9s dans la r\u00e9solution d\u2019un incident particuli\u00e8rement complexe\u00a0\u00bb, commente la MEL, dans son annonce de la reprise du trafic.\u00a0\u00a0<\/p>\n<p class=\" wall-content\">\u00ab\u00a0Cette<b> panne, d\u2019une ampleur exceptionnelle et survenue en pleine semaine de travail<\/b>, a gravement perturb\u00e9 la vie quotidienne de milliers d\u2019usagers, au moment m\u00eame o\u00f9 le r\u00e9seau \u00e9tait attendu pour <a href=\"https:\/\/actu.fr\/hauts-de-france\/lille_59350\/transport-a-lille-la-ligne-1-du-metro-toujours-a-larret-ce-samedi_62650119.html\" target=\"_blank\" rel=\"noopener\">absorber un pic d\u2019affluence<\/a><b> <\/b>li\u00e9 \u00e0 un<b> \u00e9v\u00e9nement sportif d\u2019envergure<\/b>. La MEL tient \u00e0 adresser ses excuses les plus sinc\u00e8res aux voyageurs pour les d\u00e9sagr\u00e9ments subis, et salue la patience dont beaucoup ont fait preuve face \u00e0 cette situation in\u00e9dite.\u00a0\u00bb<\/p>\n<p>D\u2019o\u00f9 venait la panne ?<\/p>\n<p class=\" wall-content\">La MEL indique que les \u00ab\u00a0investigations techniques approfondies ont permis d\u2019\u00e9carter toute implication directe du nouveau pilote automatique de la ligne 1. <b>L\u2019origine du dysfonctionnement a \u00e9t\u00e9 localis\u00e9e sur des structures p\u00e9riph\u00e9riques au syst\u00e8me de pilotage<\/b>, sans atteinte au c\u0153ur du dispositif. Plusieurs facteurs \u2014 \u00e0 la fois mat\u00e9riels et li\u00e9s \u00e0 certains modules de supervision \u2014 ont \u00e9t\u00e9 identifi\u00e9s, rendant le diagnostic particuli\u00e8rement long et complexe.\u00a0\u00bb<\/p>\n<p>Vid\u00e9os : en ce moment sur Actu<\/p>\n<p class=\" wall-content\">Cette remise en circulation \u00ab\u00a0reste encadr\u00e9e avec la plus grande prudence, dans un esprit de responsabilit\u00e9 et de vigilance constante\u00a0\u00bb, poursuit la MEL. \u00ab\u00a0<b>Les fr\u00e9quences de passage seront r\u00e9tablies de mani\u00e8re progressive<\/b>, dans les heures \u00e0 venir, en coordination avec les \u00e9quipes techniques et sous surveillance renforc\u00e9e. Par ailleurs, le dispositif de bus relais reste actif jusqu\u2019\u00e0 la stabilisation compl\u00e8te du service.\u00a0\u00bb<\/p>\n<p>\u00ab\u00a0Garantir que cela ne puisse se reproduire\u00a0\u00bb<\/p>\n<p class=\" wall-content\">Pour la MEL, cette crise impose d\u00e9sormais \u00ab\u00a0une phase d\u2019explication rigoureuse et de responsabilit\u00e9. Il est attendu d\u2019Il\u00e9via et d\u2019Alstom qu\u2019ils produisent un retour d\u2019exp\u00e9rience circonstanci\u00e9, \u00e9tay\u00e9 et assorti de propositions concr\u00e8tes.\u00a0\u00bb<\/p>\n<p class=\" wall-content\">\u00ab\u00a0Cette panne a mis \u00e0 l\u2019\u00e9preuve la r\u00e9silience de notre r\u00e9seau et la patience des usagers\u00a0\u00bb, d\u00e9clare le pr\u00e9sident de la MEL Damien Castelain. \u00ab\u00a0Aujourd\u2019hui, la priorit\u00e9 est claire : <b>comprendre, corriger, et garantir que cela ne puisse se reproduire.<\/b>\u00a0\u00bb\u00a0<\/p>\n<p class=\" wall-content\">Suivez toute l\u2019actualit\u00e9 de vos villes et m\u00e9dias favoris en vous inscrivant \u00e0 <a href=\"https:\/\/moncompte.actu.fr\" title=\"D\u00e9couvez Mon Actu\" rel=\"nofollow noopener\" data-trk=\"{&quot;cta&quot;:{&quot;action&quot;:&quot;https:\\\/\\\/moncompte.actu.fr&quot;,&quot;category&quot;:&quot;mon compte&quot;,&quot;from&quot;:&quot;article footer&quot;,&quot;name&quot;:&quot;Mon actu&quot;,&quot;type&quot;:&quot;cta&quot;}}\" target=\"_blank\">Mon Actu<\/a>.<\/p>\n","protected":false},"excerpt":{"rendered":"Par Amandine Vachez Publi\u00e9 le 17 mai 2025 \u00e0 19h44 Bonne nouvelle pour les usagers. La ligne 1&hellip;\n","protected":false},"author":2,"featured_media":107523,"comment_status":"","ping_status":"","sticky":false,"template":"","format":"standard","meta":{"footnotes":""},"categories":[2815],"tags":[1111,11,1777,674,1011,27,811,4288,1307,4047,12,25,104],"class_list":{"0":"post-107522","1":"post","2":"type-post","3":"status-publish","4":"format-standard","5":"has-post-thumbnail","7":"category-lille","8":"tag-actu","9":"tag-actualites","10":"tag-eu","11":"tag-europe","12":"tag-fr","13":"tag-france","14":"tag-hauts-de-france","15":"tag-ilevia","16":"tag-lille","17":"tag-metro","18":"tag-news","19":"tag-republique-francaise","20":"tag-societe"},"share_on_mastodon":{"url":"https:\/\/pubeurope.com\/@fr\/114524510208428039","error":""},"_links":{"self":[{"href":"https:\/\/www.europesays.com\/fr\/wp-json\/wp\/v2\/posts\/107522","targetHints":{"allow":["GET"]}}],"collection":[{"href":"https:\/\/www.europesays.com\/fr\/wp-json\/wp\/v2\/posts"}],"about":[{"href":"https:\/\/www.europesays.com\/fr\/wp-json\/wp\/v2\/types\/post"}],"author":[{"embeddable":true,"href":"https:\/\/www.europesays.com\/fr\/wp-json\/wp\/v2\/users\/2"}],"replies":[{"embeddable":true,"href":"https:\/\/www.europesays.com\/fr\/wp-json\/wp\/v2\/comments?post=107522"}],"version-history":[{"count":0,"href":"https:\/\/www.europesays.com\/fr\/wp-json\/wp\/v2\/posts\/107522\/revisions"}],"wp:featuredmedia":[{"embeddable":true,"href":"https:\/\/www.europesays.com\/fr\/wp-json\/wp\/v2\/media\/107523"}],"wp:attachment":[{"href":"https:\/\/www.europesays.com\/fr\/wp-json\/wp\/v2\/media?parent=107522"}],"wp:term":[{"taxonomy":"category","embeddable":true,"href":"https:\/\/www.europesays.com\/fr\/wp-json\/wp\/v2\/categories?post=107522"},{"taxonomy":"post_tag","embeddable":true,"href":"https:\/\/www.europesays.com\/fr\/wp-json\/wp\/v2\/tags?post=107522"}],"curies":[{"name":"wp","href":"https:\/\/api.w.org\/{rel}","templated":true}]}}