{"id":107526,"date":"2025-05-17T18:09:14","date_gmt":"2025-05-17T18:09:14","guid":{"rendered":"https:\/\/www.europesays.com\/fr\/107526\/"},"modified":"2025-05-17T18:09:14","modified_gmt":"2025-05-17T18:09:14","slug":"a-marseille-edouard-philippe-muscle-son-discours","status":"publish","type":"post","link":"https:\/\/www.europesays.com\/fr\/107526\/","title":{"rendered":"\u00e0 Marseille, \u00c9douard Philippe muscle son discours"},"content":{"rendered":"<p><strong>REPORTAGE<\/strong> &#8211; En meeting samedi, le candidat d\u00e9clar\u00e9 \u00e0 la pr\u00e9sidentielle a voulu esquisser un projet ferme mais pas \u00abpopuliste\u00bb contre la d\u00e9linquance, \u00e0 la veille de l\u2019\u00e9lection interne chez ses rivaux de LR.<\/p>\n<p class=\"fig-paragraph\">\u00abJ&rsquo;entends ceux qui se demandent si le programme que je formulerai \u00e0 partir d\u2019avril 2026 sera un vrai programme de droite&#8230;\u00bb\u00a0<a href=\"http:\/\/www.lefigaro.fr\/actualite-france\/il-a-change-de-braquet-a-marseille-edouard-philippe-s-immisce-dans-la-campagne-de-lr-20250515\" target=\"_blank\" data-fig-type=\"Article\" rel=\"noopener nofollow\" data-gtm-custom-categorie=\"navigation\" data-gtm-custom-action=\"crossclick\" data-gtm-custom-label=\"Contextuel\" data-gtm-event=\"customEventSPE\" data-fig-domain=\"LEFIGARO\">\u00c9douard Philippe a tent\u00e9 de r\u00e9pondre \u00e0 ces pr\u00e9ventions<\/a>\u00a0face \u00e0 quelque 1700 partisans r\u00e9unis samedi au parc Chanot de la cit\u00e9 phoc\u00e9enne, non loin du stade V\u00e9lodrome o\u00f9 l\u2019Olympique de Marseille joue quelques heures plus tard son dernier match de la saison. Pour le\u00a0<a href=\"http:\/\/www.lefigaro.fr\/elections\/presidentielles\/presidentielle-2027-edouard-philippe-gabriel-attal-la-bataille-de-l-apres-macron-a-commence-20250418\" target=\"_blank\" data-fig-type=\"Article\" rel=\"noopener nofollow\" data-gtm-custom-categorie=\"navigation\" data-gtm-custom-action=\"crossclick\" data-gtm-custom-label=\"Contextuel\" data-gtm-event=\"customEventSPE\" data-fig-domain=\"LEFIGARO\">candidat d\u00e9clar\u00e9 \u00e0 la pr\u00e9sidentielle<\/a>, il s\u2019agit plut\u00f4t d\u2019un marathon, qui ne fait que commencer. Et pour montrer les muscles, l\u2019ancien premier ministre a livr\u00e9 son diagnostic sur les\u00a0<a href=\"http:\/\/www.lefigaro.fr\/actualite-france\/cambriolages-violences-vols-avec-armes-la-delinquance-2024-en-france-ville-par-ville-20250327\" target=\"_blank\" data-fig-type=\"Article\" rel=\"noopener nofollow\" data-gtm-custom-categorie=\"navigation\" data-gtm-custom-action=\"crossclick\" data-gtm-custom-label=\"Contextuel\" data-gtm-event=\"customEventSPE\" data-fig-domain=\"LEFIGARO\">dysfonctionnements de la justice et de la lutte contre la d\u00e9linquance<\/a>.<\/p>\n<p class=\"fig-paragraph\">\u00abJe veux vous parler d\u2019injustice\u00bb, lance ainsi au d\u00e9but de son discours \u00c9douard Philippe, qui en parle comme de \u00abl\u2019acide le plus puissant pour dissoudre la nation\u00bb. Avec d\u2019abord un constat qui se veut sans concession. \u00abL\u2019ins\u00e9curit\u00e9 ce n\u2019est pas un sentiment, c\u2019est une r\u00e9alit\u00e9 quotidienne\u00bb, mart\u00e8le-t-il, quitte \u00e0 instruire en creux le manque de r\u00e9sultats de\u2026<\/p>\n<p class=\"fig-premium-paywall__infos\">\n        Cet article est r\u00e9serv\u00e9 aux abonn\u00e9s.        Il vous reste 85% \u00e0 d\u00e9couvrir.\n    <\/p>\n<p>                <img  data- alt=\"Le Figaro\" class=\"fig-img--complete fig-img\"\/><\/p>\n<p class=\"fig-premium-paywall__title\">Vente Flash<\/p>\n<p class=\"fig-premium-paywall__subtitle\">4,99\u20ac par mois pendant 12 mois. Sans engagement.<\/p>\n<p class=\"fig-premium-paywall__connect\">\n                D\u00e9j\u00e0 abonn\u00e9\u00a0?                <a class=\"fig-premium-paywall__connect-link\" href=\"https:\/\/connect.lefigaro.fr\/login?client=horizon_web&amp;type=main&amp;redirect_uri=https%3A%2F%2Fwww.lefigaro.fr%2Factualite-france%2Fensauvagement-peines-planchers-justice-rapide-a-marseille-edouard-philippe-muscle-son-discours-20250517\" data-js-gtm=\"{&quot;customCategorie&quot;: &quot;conversion&quot;, &quot;customAction&quot;: &quot;before_Landing_Connexion_paywall_auto&quot;, &quot;customLabel&quot;: &quot;bGVmaWdhcm8uZnJfXzFmMDMzMWY1LTdiZjMtNjQ3YS05OGZmLTg3MWJlMzE5NDQwOF9fTmV3c0ZsYXNo_\u00abEnsauvagement\u00bb, peines planchers, justice \u00abrapide\u00bb\u00a0: \u00e0 Marseille, \u00c9douard Philippe muscle son discours_358&quot;, &quot;customIDSPE&quot;: &quot;bGVmaWdhcm8uZnJfXzFmMDMzMWY1LTdiZjMtNjQ3YS05OGZmLTg3MWJlMzE5NDQwOF9fTmV3c0ZsYXNo&quot;, &quot;event&quot;: &quot;customEventSPE&quot;}\" rel=\"nofollow noopener\" target=\"_blank\"><br \/>\n                    Connectez-vous<br \/>\n                <\/a>\n            <\/p>\n","protected":false},"excerpt":{"rendered":"REPORTAGE &#8211; En meeting samedi, le candidat d\u00e9clar\u00e9 \u00e0 la pr\u00e9sidentielle a voulu esquisser un projet ferme mais&hellip;\n","protected":false},"author":2,"featured_media":107527,"comment_status":"","ping_status":"","sticky":false,"template":"","format":"standard","meta":{"footnotes":""},"categories":[2814],"tags":[1111,47,1058,1054,1059,1060,1055,11,3080,1057,11984,1777,674,118,1011,27,1061,303,884,12,1062,882,25,656,104,1056,809],"class_list":{"0":"post-107526","1":"post","2":"type-post","3":"status-publish","4":"format-standard","5":"has-post-thumbnail","7":"category-marseille","8":"tag-actu","9":"tag-actualite","10":"tag-actualite-education","11":"tag-actualite-france","12":"tag-actualite-justice","13":"tag-actualite-securite","14":"tag-actualite-societe","15":"tag-actualites","16":"tag-edouard-philippe","17":"tag-education","18":"tag-election-presidentielle","19":"tag-eu","20":"tag-europe","21":"tag-faits-divers","22":"tag-fr","23":"tag-france","24":"tag-immigration","25":"tag-justice","26":"tag-marseille","27":"tag-news","28":"tag-polemique","29":"tag-provence-alpes-cote-dazur","30":"tag-republique-francaise","31":"tag-securite","32":"tag-societe","33":"tag-societe-francaise","34":"tag-violence"},"share_on_mastodon":{"url":"https:\/\/pubeurope.com\/@fr\/114524518100129786","error":""},"_links":{"self":[{"href":"https:\/\/www.europesays.com\/fr\/wp-json\/wp\/v2\/posts\/107526","targetHints":{"allow":["GET"]}}],"collection":[{"href":"https:\/\/www.europesays.com\/fr\/wp-json\/wp\/v2\/posts"}],"about":[{"href":"https:\/\/www.europesays.com\/fr\/wp-json\/wp\/v2\/types\/post"}],"author":[{"embeddable":true,"href":"https:\/\/www.europesays.com\/fr\/wp-json\/wp\/v2\/users\/2"}],"replies":[{"embeddable":true,"href":"https:\/\/www.europesays.com\/fr\/wp-json\/wp\/v2\/comments?post=107526"}],"version-history":[{"count":0,"href":"https:\/\/www.europesays.com\/fr\/wp-json\/wp\/v2\/posts\/107526\/revisions"}],"wp:featuredmedia":[{"embeddable":true,"href":"https:\/\/www.europesays.com\/fr\/wp-json\/wp\/v2\/media\/107527"}],"wp:attachment":[{"href":"https:\/\/www.europesays.com\/fr\/wp-json\/wp\/v2\/media?parent=107526"}],"wp:term":[{"taxonomy":"category","embeddable":true,"href":"https:\/\/www.europesays.com\/fr\/wp-json\/wp\/v2\/categories?post=107526"},{"taxonomy":"post_tag","embeddable":true,"href":"https:\/\/www.europesays.com\/fr\/wp-json\/wp\/v2\/tags?post=107526"}],"curies":[{"name":"wp","href":"https:\/\/api.w.org\/{rel}","templated":true}]}}