{"id":107528,"date":"2025-05-17T18:10:11","date_gmt":"2025-05-17T18:10:11","guid":{"rendered":"https:\/\/www.europesays.com\/fr\/107528\/"},"modified":"2025-05-17T18:10:11","modified_gmt":"2025-05-17T18:10:11","slug":"oullins-la-mulatiere-echange-de-maison-dans-louest-lyonnais-contre-villa-a-lautre-bout-du-monde","status":"publish","type":"post","link":"https:\/\/www.europesays.com\/fr\/107528\/","title":{"rendered":"Oullins\/La Mulati\u00e8re. \u00c9change de maison dans l\u2019Ouest lyonnais contre villa \u00e0 l\u2019autre bout du monde"},"content":{"rendered":"<p>\u00abOn ne paye plus que le billet d\u2019avion\u00a0! (1) \u00a0\u00bb ou de train, ou le p\u00e9age, le cas \u00e9ch\u00e9ant.<\/p>\n<p>Peu importe le mode de d\u00e9placement, l\u2019int\u00e9r\u00eat principal r\u00e9side dans l\u2019\u00e9conomie r\u00e9alis\u00e9e sur le budget logement pour ses vacances. Amandine, Denis, Lionel ont bien compris l\u2019\u00e9norme avantage que repr\u00e9sentait cette pratique de l <a href=\"https:\/\/www.leprogres.fr\/economie\/2024\/08\/19\/echanger-sa-maison-pour-partir-en-vacances-c-est-de-plus-en-plus-courant-dans-la-region\" target=\"_blank\" rel=\"nofollow noopener\">\u2019\u00e9change de maisons<\/a>.<\/p>\n<p>\u00ab\u00a0Au d\u00e9but, je fantasmais \u00e0 l\u2019id\u00e9e de partir \u00e0 l\u2019autre bout du monde \u00e0 moindres frais, poursuit Amandine. Pour l\u2019instant, on a fait Amsterdam, Rome, Cannes, contre des points, et cet \u00e9t\u00e9 on fait un \u00e9change r\u00e9ciproque avec une famille de Copenhague. On esp\u00e8re un jour avoir des occasions en Am\u00e9rique centrale, au Canada, en Nouvelle-Z\u00e9lande\u2026\u00a0\u00bb. Amandine et son compagnon Denis se sont inscrits depuis seulement 18 mois sur un site d\u2019\u00e9change de maisons qui a pignon sur rue\u00a0: propri\u00e9taires d\u2019une belle maison \u00e0 Oullins, ils ont aussi am\u00e9nag\u00e9 un petit studio dans le sous-sol, dans lequel ils ont d\u00e9j\u00e0 accueilli plus d\u2019une dizaine de personnes, contre des points. Car&#8230;<\/p>\n","protected":false},"excerpt":{"rendered":"\u00abOn ne paye plus que le billet d\u2019avion\u00a0! (1) \u00a0\u00bb ou de train, ou le p\u00e9age, le cas&hellip;\n","protected":false},"author":2,"featured_media":107529,"comment_status":"","ping_status":"","sticky":false,"template":"","format":"standard","meta":{"footnotes":""},"categories":[1889],"tags":[1111,11,2430,33,3154,1777,674,1011,27,2428,12,15665,15666,25,602],"class_list":{"0":"post-107528","1":"post","2":"type-post","3":"status-publish","4":"format-standard","5":"has-post-thumbnail","7":"category-lyon","8":"tag-actu","9":"tag-actualites","10":"tag-auvergne-rhone-alpes","11":"tag-economie","12":"tag-edition-sud-lyonnais","13":"tag-eu","14":"tag-europe","15":"tag-fr","16":"tag-france","17":"tag-lyon","18":"tag-news","19":"tag-oullins-pierre-benite","20":"tag-oullins-ville","21":"tag-republique-francaise","22":"tag-tourisme"},"share_on_mastodon":{"url":"https:\/\/pubeurope.com\/@fr\/114524521990110291","error":""},"_links":{"self":[{"href":"https:\/\/www.europesays.com\/fr\/wp-json\/wp\/v2\/posts\/107528","targetHints":{"allow":["GET"]}}],"collection":[{"href":"https:\/\/www.europesays.com\/fr\/wp-json\/wp\/v2\/posts"}],"about":[{"href":"https:\/\/www.europesays.com\/fr\/wp-json\/wp\/v2\/types\/post"}],"author":[{"embeddable":true,"href":"https:\/\/www.europesays.com\/fr\/wp-json\/wp\/v2\/users\/2"}],"replies":[{"embeddable":true,"href":"https:\/\/www.europesays.com\/fr\/wp-json\/wp\/v2\/comments?post=107528"}],"version-history":[{"count":0,"href":"https:\/\/www.europesays.com\/fr\/wp-json\/wp\/v2\/posts\/107528\/revisions"}],"wp:featuredmedia":[{"embeddable":true,"href":"https:\/\/www.europesays.com\/fr\/wp-json\/wp\/v2\/media\/107529"}],"wp:attachment":[{"href":"https:\/\/www.europesays.com\/fr\/wp-json\/wp\/v2\/media?parent=107528"}],"wp:term":[{"taxonomy":"category","embeddable":true,"href":"https:\/\/www.europesays.com\/fr\/wp-json\/wp\/v2\/categories?post=107528"},{"taxonomy":"post_tag","embeddable":true,"href":"https:\/\/www.europesays.com\/fr\/wp-json\/wp\/v2\/tags?post=107528"}],"curies":[{"name":"wp","href":"https:\/\/api.w.org\/{rel}","templated":true}]}}