{"id":1075370,"date":"2026-07-19T20:54:42","date_gmt":"2026-07-19T20:54:42","guid":{"rendered":"https:\/\/www.europesays.com\/fr\/1075370\/"},"modified":"2026-07-19T20:54:42","modified_gmt":"2026-07-19T20:54:42","slug":"cest-manifik-le-cafe-ceramique-qui-seduit-les-strasbourgeoises-ouvre-aussi-a-rivetoile","status":"publish","type":"post","link":"https:\/\/www.europesays.com\/fr\/1075370\/","title":{"rendered":"C\u2019est \u00ab Manifik \u00bb : le caf\u00e9 c\u00e9ramique qui s\u00e9duit les Strasbourgeois(es) ouvre aussi \u00e0 Rivetoile !"},"content":{"rendered":"<p><strong>Mugs, assiettes, vases, d\u00e9co\u2026 Nous ne sommes pas dans un magasin de vaisselle, mais bel et bien chez \u00ab Manifik \u00bb. Install\u00e9 \u00e0 c\u00f4t\u00e9 de la Place des Halles depuis 2024, le caf\u00e9 c\u00e9ramique voit toujours plus grand tout en restant ind\u00e9pendant. \u00c0 Strasbourg, ce temple de la cr\u00e9ativit\u00e9 vient d\u2019ouvrir une nouvelle adresse \u00e0 Rivetoile et on a rencontr\u00e9 ses deux cr\u00e9atrices !\u00a0<\/strong><\/p>\n<p>Il y a deux ans, alors que le march\u00e9 de No\u00ebl ouvrait ses portes, <strong>Manifik d\u00e9barquait dans la capitale alsacienne avec son caf\u00e9 c\u00e9ramique.<\/strong> \u00c0 sa t\u00eate ? <strong>Carine Wohlhuter et Evelyne Wagner, deux amies<\/strong> passionn\u00e9es d\u2019art avec un objectif : <strong>\u00ab Ouvrir une adresse ind\u00e9pendante m\u00ealant convivialit\u00e9, gourmandise et bien-\u00eatre cr\u00e9atif. \u00bb<\/strong><\/p>\n<p>Install\u00e9e sur le quai de Paris, \u00e0 deux pas de la place de l\u2019Homme-de-fer, <strong>elle propose \u00e0 toutes et tous de venir peindre sur de la c\u00e9ramique <\/strong>tout en profitant de plaisirs sucr\u00e9s et sal\u00e9s. Et<strong> \u00e7a cartonne,<\/strong> avec plus de 1500 avis Google et une note parfaite de cinq \u00e9toiles !<\/p>\n<p>                <img width=\"439\" height=\"500\" src=\"https:\/\/www.europesays.com\/fr\/wp-content\/uploads\/2026\/07\/portrait-carine-eve-439x500.jpg\" class=\"attachment-gallery size-gallery\" alt=\"Manifik\" data-full-url=\"https:\/\/pokaa.fr\/wp-content\/uploads\/2026\/07\/17\/portrait-carine-eve.jpg\" decoding=\"async\" loading=\"lazy\"  \/>            <\/p>\n<p>                <img width=\"750\" height=\"500\" src=\"https:\/\/www.europesays.com\/fr\/wp-content\/uploads\/2026\/07\/elodiewinter-manifik-2025-10-750x500.jpg\" class=\"attachment-gallery size-gallery\" alt=\"Manifik\" data-full-url=\"https:\/\/pokaa.fr\/wp-content\/uploads\/2026\/07\/17\/elodiewinter-manifik-2025-10.jpg\" decoding=\"async\" loading=\"lazy\"  \/>            <\/p>\n<p>                <img width=\"750\" height=\"500\" src=\"https:\/\/www.europesays.com\/fr\/wp-content\/uploads\/2026\/07\/elodiewinter-manifik-2025-4-750x500.jpg\" class=\"attachment-gallery size-gallery\" alt=\"Manifik\" data-full-url=\"https:\/\/pokaa.fr\/wp-content\/uploads\/2026\/07\/17\/elodiewinter-manifik-2025-4.jpg\" decoding=\"async\" loading=\"lazy\"  \/>            <\/p>\n<p>                    Au quai de Paris. 1. \u00a9 Manifik \/ Document remis ; 2. 3. \u00a9 Elodie Winter &#8211; Manifik \/ Documents remis<\/p>\n<p>La force de ce concept n\u00e9 au Canada il y a plus de 30 ans ? \u00ab <strong>Il n\u2019y a pas besoin d\u2019\u00eatre un artiste contrairement \u00e0 certaines id\u00e9es re\u00e7ues,<\/strong> l\u2019\u00e9quipe accompagne les participants avec des pochoirs, des tutos, des inspirations\u2026 \u00bb, pr\u00e9cise Evelyne. <strong>\u00ab M\u00eame les plus sceptiques changent d\u2019avis et sont fiers d\u2019avoir cr\u00e9\u00e9 un objet utile avec leurs mains. \u00bb\u00a0<\/strong><\/p>\n<p>\u00ab Manifik est une destination bien-\u00eatre en Alsace \u00bb<\/p>\n<p>Avant de parler de la nouvelle adresse \u00e0 Rivetoile, parlons un peu de ce qui est propos\u00e9 chez Manifik ! Si Carine et Evelyne ont fait leurs \u00e9tudes ensemble dans le marketing, le besoin de prendre un nouveau chemin s\u2019est pr\u00e9sent\u00e9 \u00e0 elles il y a trois ans. \u00ab <strong>Evelyne \u00e9tait d\u00e9j\u00e0 form\u00e9e \u00e0 la c\u00e9ramique, on voyait que le concept fonctionnait \u00e0 Paris<\/strong> et on voulait proposer \u00e7a dans le Grand Est \u00bb, d\u00e9veloppe Carine.<\/p>\n<p>                <img width=\"375\" height=\"500\" src=\"https:\/\/www.europesays.com\/fr\/wp-content\/uploads\/2026\/07\/manifik-peinture-sur-ceramique-copie-375x500.jpg\" class=\"attachment-gallery size-gallery\" alt=\"Manifik\" data-full-url=\"https:\/\/pokaa.fr\/wp-content\/uploads\/2026\/07\/17\/manifik-peinture-sur-ceramique-copie.jpg\" decoding=\"async\" loading=\"lazy\"  \/>            <\/p>\n<p>                <img width=\"375\" height=\"500\" src=\"https:\/\/www.europesays.com\/fr\/wp-content\/uploads\/2026\/07\/capture-decran-2026-07-08-a-173504-375x500.png\" class=\"attachment-gallery size-gallery\" alt=\"Manifik\" data-full-url=\"https:\/\/pokaa.fr\/wp-content\/uploads\/2026\/07\/17\/capture-decran-2026-07-08-a-173504.png\" decoding=\"async\" loading=\"lazy\"  \/>            <\/p>\n<p>                    \u00a9 Manifik \/ Documents remis<\/p>\n<p>L\u2019envie est alors simple : r\u00e9fl\u00e9chir \u00e0 un lieu ind\u00e9pendant, chaleureux et inspirant. Il <strong>invite ainsi chaque participant(e) \u00e0 d\u00e9connecter des probl\u00e8mes du quotidien et des \u00e9crans avec de l\u2019artisanat. <\/strong>\u00ab C\u2019est vraiment un projet imagin\u00e9 \u00e0 deux. On voulait quelque chose qui donne du sens, avec \u00e0 la fin un objet beau et utile \u00e0 garder. \u00bb<\/p>\n<p>Pour Evelyn, \u00ab Manifik est une destination bien-\u00eatre et interg\u00e9n\u00e9rationnelle en Alsace \u00bb, <strong>surtout d\u00e9di\u00e9e aux adultes,<\/strong> mais aussi aux familles (pr\u00e9f\u00e9rable d\u00e8s 7 ans).<\/p>\n<p>                <img width=\"375\" height=\"500\" src=\"https:\/\/www.europesays.com\/fr\/wp-content\/uploads\/2026\/07\/img-0459-375x500.jpeg\" class=\"attachment-gallery size-gallery\" alt=\"Manifik\" data-full-url=\"https:\/\/pokaa.fr\/wp-content\/uploads\/2026\/07\/17\/img-0459.jpeg\" decoding=\"async\" loading=\"lazy\"  \/>            <\/p>\n<p>                <img width=\"375\" height=\"500\" src=\"https:\/\/www.europesays.com\/fr\/wp-content\/uploads\/2026\/07\/img-1566-2-375x500.jpeg\" class=\"attachment-gallery size-gallery\" alt=\"Manifik\" data-full-url=\"https:\/\/pokaa.fr\/wp-content\/uploads\/2026\/07\/17\/img-1566-2.jpeg\" decoding=\"async\" loading=\"lazy\"  \/>            <\/p>\n<p>                    \u00a9 Manifik \/ Documents remis<\/p>\n<p>Sur place, <strong>pendant 2h30 et d\u00e8s 15\u20ac (oui oui, seulement),<\/strong> en solo ou avec ses potes, on peut ainsi venir peindre sur l\u2019un des tr\u00e8s nombreux \u00ab biscuits \u00bb en c\u00e9ramique. <strong>Des mod\u00e8les qui sont r\u00e9guli\u00e8rement renouvel\u00e9s et fabriqu\u00e9s par des c\u00e9ramistes en France<\/strong> ou dans d\u2019autres pays europ\u00e9ens voisins.<\/p>\n<p>Sur les \u00e9tag\u00e8res, <strong>tasses, assiettes, plats, cadres photos, vases, cruches, rangements \u00e0 oeufs, d\u00e9coration, beurrier\u2026<\/strong> Mais aussi, en fonction des saisons, cr\u00e9ations d\u2019\u00e9t\u00e9, pour Halloween ou encore No\u00ebl.<\/p>\n<p>                <img width=\"284\" height=\"500\" src=\"https:\/\/www.europesays.com\/fr\/wp-content\/uploads\/2026\/07\/cible-20-30-284x500.jpeg\" class=\"attachment-gallery size-gallery\" alt=\"Manifik\" data-full-url=\"https:\/\/pokaa.fr\/wp-content\/uploads\/2026\/07\/17\/cible-20-30.jpeg\" decoding=\"async\" loading=\"lazy\"  \/>            <\/p>\n<p>                <img width=\"375\" height=\"500\" src=\"https:\/\/www.europesays.com\/fr\/wp-content\/uploads\/2026\/07\/img-3539-375x500.jpeg\" class=\"attachment-gallery size-gallery\" alt=\"Manifik\" data-full-url=\"https:\/\/pokaa.fr\/wp-content\/uploads\/2026\/07\/17\/img-3539.jpeg\" decoding=\"async\" loading=\"lazy\"  \/>            <\/p>\n<p>                <img width=\"284\" height=\"500\" src=\"https:\/\/www.europesays.com\/fr\/wp-content\/uploads\/2026\/07\/cible-12-18-284x500.jpeg\" class=\"attachment-gallery size-gallery\" alt=\"Manifik\" data-full-url=\"https:\/\/pokaa.fr\/wp-content\/uploads\/2026\/07\/17\/cible-12-18.jpeg\" decoding=\"async\" loading=\"lazy\"  \/>            <\/p>\n<p>                <img width=\"375\" height=\"500\" src=\"https:\/\/www.europesays.com\/fr\/wp-content\/uploads\/2026\/07\/img-2560-375x500.jpeg\" class=\"attachment-gallery size-gallery\" alt=\"Manifik\" data-full-url=\"https:\/\/pokaa.fr\/wp-content\/uploads\/2026\/07\/17\/img-2560.jpeg\" decoding=\"async\" loading=\"lazy\"  \/>            <\/p>\n<p>                <img width=\"375\" height=\"500\" src=\"https:\/\/www.europesays.com\/fr\/wp-content\/uploads\/2026\/07\/img-3545-375x500.jpeg\" class=\"attachment-gallery size-gallery\" alt=\"Manifik\" data-full-url=\"https:\/\/pokaa.fr\/wp-content\/uploads\/2026\/07\/17\/img-3545.jpeg\" decoding=\"async\" loading=\"lazy\"  \/>            <\/p>\n<p>                    \u00a9 Manifik \/ Documents remis<\/p>\n<p>Dans le prix, <strong>tout est fourni pour d\u00e9corer sa pi\u00e8ce selon son style,<\/strong> des pinceaux aux pochoirs en passant par les tampons et les peintures. Pour ne pas perdre de temps, on peut pr\u00e9parer sa visite en visionnant des tutos sur leurs r\u00e9seaux sociaux, <a href=\"https:\/\/www.manifik.fr\/inspirations\" target=\"_blank\" rel=\"noopener nofollow\">en regardant des inspirations ou en fouillant Pinterest.<\/a><\/p>\n<p>Une fois termin\u00e9e, <strong>notre oeuvre reste au caf\u00e9 c\u00e9ramique le temps de l\u2019\u00e9maillage et de la cuisson.<\/strong> Des \u00e9tapes artisanales qui vont lui permettre de r\u00e9sister au quotidien et d\u2019\u00eatre au contact d\u2019aliments. Quand c\u2019est termin\u00e9, on re\u00e7oit un mail pour venir la r\u00e9cup\u00e9rer (ou se la faire envoyer si on habite trop loin).<\/p>\n<p>                <img width=\"375\" height=\"500\" src=\"https:\/\/www.europesays.com\/fr\/wp-content\/uploads\/2026\/07\/img-0147-2-375x500.jpeg\" class=\"attachment-gallery size-gallery\" alt=\"Manifik\" data-full-url=\"https:\/\/pokaa.fr\/wp-content\/uploads\/2026\/07\/17\/img-0147-2.jpeg\" decoding=\"async\" loading=\"lazy\"  \/>            <\/p>\n<p>                <img width=\"375\" height=\"500\" src=\"https:\/\/www.europesays.com\/fr\/wp-content\/uploads\/2026\/07\/img-1468-2-375x500.jpeg\" class=\"attachment-gallery size-gallery\" alt=\"Manifik\" data-full-url=\"https:\/\/pokaa.fr\/wp-content\/uploads\/2026\/07\/17\/img-1468-2.jpeg\" decoding=\"async\" loading=\"lazy\"  \/>            <\/p>\n<p>                <img width=\"375\" height=\"500\" src=\"https:\/\/www.europesays.com\/fr\/wp-content\/uploads\/2026\/07\/cuisson-375x500.jpeg\" class=\"attachment-gallery size-gallery\" alt=\"Manifik\" data-full-url=\"https:\/\/pokaa.fr\/wp-content\/uploads\/2026\/07\/17\/cuisson.jpeg\" decoding=\"async\" loading=\"lazy\"  \/>            <\/p>\n<p>                    \u00a9 Manifik \/ Documents remis<\/p>\n<p>PS : pour les aventuriers\/\u00e8res, des ateliers de modelage avec de l\u2019argile sont propos\u00e9s, pour cr\u00e9er sa pi\u00e8ce de A \u00e0 Z.\u00a0<\/p>\n<p>Face au succ\u00e8s, la cr\u00e9ativit\u00e9 s&#8217;empare de Rivetoile<\/p>\n<p>Apr\u00e8s le centre-ville, et en parall\u00e8le de Colmar et Saverne, <a href=\"https:\/\/www.manifik.fr\" target=\"_blank\" rel=\"noopener nofollow\"><strong>Manifik a ouvert \u00e0 Rivetoile le 1er juin dernier.<\/strong><\/a> D\u2019apr\u00e8s Evelyne, elles \u00ab voulaient se rapprocher d\u2019une partie de la client\u00e8le qui demandait d\u2019ouvrir dans ce secteur \u00bb.<\/p>\n<p>Comme pour les autres adresses, <strong>l\u2019emplacement fait 100 m2, il y a la climatisation et de grandes fen\u00eatres<\/strong> pour faire entrer la lumi\u00e8re naturelle.<\/p>\n<p>                <img width=\"667\" height=\"500\" src=\"https:\/\/www.europesays.com\/fr\/wp-content\/uploads\/2026\/07\/img-0327-667x500.jpeg\" class=\"attachment-gallery size-gallery\" alt=\"Manifik Colmar\" data-full-url=\"https:\/\/pokaa.fr\/wp-content\/uploads\/2026\/07\/17\/img-0327.jpeg\" decoding=\"async\" loading=\"lazy\"  \/>            <\/p>\n<p>                <img width=\"375\" height=\"500\" src=\"https:\/\/www.europesays.com\/fr\/wp-content\/uploads\/2026\/07\/img-2967-375x500.jpeg\" class=\"attachment-gallery size-gallery\" alt=\"Manifik Saverne\" data-full-url=\"https:\/\/pokaa.fr\/wp-content\/uploads\/2026\/07\/17\/img-2967.jpeg\" decoding=\"async\" loading=\"lazy\"  \/>            <\/p>\n<p>                <img width=\"667\" height=\"500\" src=\"https:\/\/www.europesays.com\/fr\/wp-content\/uploads\/2026\/07\/img-3034-667x500.jpeg\" class=\"attachment-gallery size-gallery\" alt=\"Manifik Saverne\" data-full-url=\"https:\/\/pokaa.fr\/wp-content\/uploads\/2026\/07\/17\/img-3034.jpeg\" decoding=\"async\" loading=\"lazy\"  \/>            <\/p>\n<p>                    Les boutiques de Colmar et Saverne. \u00a9 Manifik \/ Documents remis<\/p>\n<p>                <img width=\"375\" height=\"500\" src=\"https:\/\/www.europesays.com\/fr\/wp-content\/uploads\/2026\/07\/img-1525-375x500.jpeg\" class=\"attachment-gallery size-gallery\" alt=\"Manifik Rivetoile\" data-full-url=\"https:\/\/pokaa.fr\/wp-content\/uploads\/2026\/07\/17\/img-1525.jpeg\" decoding=\"async\" loading=\"lazy\"  \/>            <\/p>\n<p>                <img width=\"375\" height=\"500\" src=\"https:\/\/www.europesays.com\/fr\/wp-content\/uploads\/2026\/07\/img-1531-375x500.jpeg\" class=\"attachment-gallery size-gallery\" alt=\"Manifik Rivetoile\" data-full-url=\"https:\/\/pokaa.fr\/wp-content\/uploads\/2026\/07\/17\/img-1531.jpeg\" decoding=\"async\" loading=\"lazy\"  \/>            <\/p>\n<p>                <img width=\"375\" height=\"500\" src=\"https:\/\/www.europesays.com\/fr\/wp-content\/uploads\/2026\/07\/img-1553-375x500.jpeg\" class=\"attachment-gallery size-gallery\" alt=\"Manifik Rivetoile\" data-full-url=\"https:\/\/pokaa.fr\/wp-content\/uploads\/2026\/07\/17\/img-1553.jpeg\" decoding=\"async\" loading=\"lazy\"  \/>            <\/p>\n<p>                <img width=\"583\" height=\"500\" src=\"https:\/\/www.europesays.com\/fr\/wp-content\/uploads\/2026\/07\/img-2657-583x500.jpg\" class=\"attachment-gallery size-gallery\" alt=\"Manifik Rivetoile\" data-full-url=\"https:\/\/pokaa.fr\/wp-content\/uploads\/2026\/07\/17\/img-2657.jpg\" decoding=\"async\" loading=\"lazy\"  \/>            <\/p>\n<p>                    \u00c0 Rivetoile. \u00a9 Manifik \/ Documents remis<\/p>\n<p>Caf\u00e9, latte, th\u00e9s, ube latte, boissons fra\u00eeches, mocktails\u2026 L\u00e0 aussi, <strong>des gourmandises sucr\u00e9es et sal\u00e9es sont propos\u00e9es, pour manger et boire.<\/strong> \u00ab On a m\u00eame la licence pour proposer de l\u2019alcool, c\u2019est parfait pour profiter de l\u2019ap\u00e9ro entre deux pinceaux avec une bi\u00e8re ou un spritz. \u00bb<\/p>\n<p>En plus des planchettes ap\u00e9ritives (classiques ou v\u00e9g\u00e9tariennes) et autres cakes, une p\u00e2tissi\u00e8re a imagin\u00e9 des cookies maison pour Manifik.<\/p>\n<p>                <img width=\"375\" height=\"500\" src=\"https:\/\/www.europesays.com\/fr\/wp-content\/uploads\/2026\/07\/img-1677-375x500.jpeg\" class=\"attachment-gallery size-gallery\" alt=\"Manifik\" data-full-url=\"https:\/\/pokaa.fr\/wp-content\/uploads\/2026\/07\/17\/img-1677.jpeg\" decoding=\"async\" loading=\"lazy\"  \/>            <\/p>\n<p>                <img width=\"375\" height=\"500\" src=\"https:\/\/www.europesays.com\/fr\/wp-content\/uploads\/2026\/07\/img-6123-375x500.jpeg\" class=\"attachment-gallery size-gallery\" alt=\"Manifik\" data-full-url=\"https:\/\/pokaa.fr\/wp-content\/uploads\/2026\/07\/17\/img-6123.jpeg\" decoding=\"async\" loading=\"lazy\"  \/>            <\/p>\n<p>                <img width=\"409\" height=\"500\" src=\"https:\/\/www.europesays.com\/fr\/wp-content\/uploads\/2026\/07\/manifik-cookies-maison-409x500.jpg\" class=\"attachment-gallery size-gallery\" alt=\"Manifik\" data-full-url=\"https:\/\/pokaa.fr\/wp-content\/uploads\/2026\/07\/17\/manifik-cookies-maison.jpg\" decoding=\"async\" loading=\"lazy\"  \/>            <\/p>\n<p>                    \u00a9 Manifik \/ Documents remis<\/p>\n<p><strong>\u00c0 Rivetoile, il y a m\u00eame une belle terrasse avec vue sur le bassin d\u2019Austerlitz et c\u2019est ouvert 7 jours sur 7 !\u00a0<\/strong><\/p>\n<p>Des ateliers sont aussi propos\u00e9s, pour la c\u00e9ramique et d\u2019autres loisirs cr\u00e9atifs en vogue.<\/p>\n<p>                <img width=\"375\" height=\"500\" src=\"https:\/\/www.europesays.com\/fr\/wp-content\/uploads\/2026\/07\/img-3527-375x500.jpeg\" class=\"attachment-gallery size-gallery\" alt=\"Manifik\" data-full-url=\"https:\/\/pokaa.fr\/wp-content\/uploads\/2026\/07\/17\/img-3527.jpeg\" decoding=\"async\" loading=\"lazy\"  \/>            <\/p>\n<p>                <img width=\"375\" height=\"500\" src=\"https:\/\/www.europesays.com\/fr\/wp-content\/uploads\/2026\/07\/img-1586-375x500.jpeg\" class=\"attachment-gallery size-gallery\" alt=\"Manifik Rivetoile\" data-full-url=\"https:\/\/pokaa.fr\/wp-content\/uploads\/2026\/07\/17\/img-1586.jpeg\" decoding=\"async\" loading=\"lazy\"  \/>            <\/p>\n<p>                <img width=\"375\" height=\"500\" src=\"https:\/\/www.europesays.com\/fr\/wp-content\/uploads\/2026\/07\/img-1844-375x500.jpeg\" class=\"attachment-gallery size-gallery\" alt=\"Manifik\" data-full-url=\"https:\/\/pokaa.fr\/wp-content\/uploads\/2026\/07\/17\/img-1844.jpeg\" decoding=\"async\" loading=\"lazy\"  \/>            <\/p>\n<p>                <img width=\"375\" height=\"500\" src=\"https:\/\/www.europesays.com\/fr\/wp-content\/uploads\/2026\/07\/img-1580-375x500.jpeg\" class=\"attachment-gallery size-gallery\" alt=\"Manifik Rivetoile\" data-full-url=\"https:\/\/pokaa.fr\/wp-content\/uploads\/2026\/07\/17\/img-1580.jpeg\" decoding=\"async\" loading=\"lazy\"  \/>            <\/p>\n<p>                <img width=\"375\" height=\"500\" src=\"https:\/\/www.europesays.com\/fr\/wp-content\/uploads\/2026\/07\/img-1596-375x500.jpeg\" class=\"attachment-gallery size-gallery\" alt=\"Manifik Rivetoile\" data-full-url=\"https:\/\/pokaa.fr\/wp-content\/uploads\/2026\/07\/17\/img-1596.jpeg\" decoding=\"async\" loading=\"lazy\"  \/>            <\/p>\n<p>                    \u00a9 Manifik \/ Documents remis<\/p>\n<p>\u00ab <strong>\u00c7a demande beaucoup d\u2019investissements financiers et humains, mais on est fi\u00e8res.<\/strong> Maintenant, on veut consolider les adresses, ouvrir \u00e0 Illkirch en octobre et organiser plus d\u2019animations pour faire vivre ces lieux. \u00bb<\/p>\n<p>Lors de notre visite, on a eu l\u2019occasion de discuter avec plusieurs participantes, dont Lucie* : \u00ab <strong>C\u2019est vraiment agr\u00e9able de prendre du temps pour soi ici<\/strong>. On a d\u00e9j\u00e0 envie de revenir. \u00bb<\/p>\n<p>                <img width=\"333\" height=\"500\" src=\"https:\/\/www.europesays.com\/fr\/wp-content\/uploads\/2026\/07\/8487e825-fa8d-4d09-987a-0d2de83c698c-1-201-a-333x500.jpeg\" class=\"attachment-gallery size-gallery\" alt=\"Manifik Rivetoile\" data-full-url=\"https:\/\/pokaa.fr\/wp-content\/uploads\/2026\/07\/17\/8487e825-fa8d-4d09-987a-0d2de83c698c-1-201-a.jpeg\" decoding=\"async\" loading=\"lazy\"  \/>            <\/p>\n<p>                <img width=\"375\" height=\"500\" src=\"https:\/\/www.europesays.com\/fr\/wp-content\/uploads\/2026\/07\/img-1522-375x500.jpeg\" class=\"attachment-gallery size-gallery\" alt=\"Manifik Rivetoile\" data-full-url=\"https:\/\/pokaa.fr\/wp-content\/uploads\/2026\/07\/17\/img-1522.jpeg\" decoding=\"async\" loading=\"lazy\"  \/>            <\/p>\n<p>                <img width=\"333\" height=\"500\" src=\"https:\/\/www.europesays.com\/fr\/wp-content\/uploads\/2026\/07\/1b2043c9-7a0e-4985-b20f-1e19a140edac-1-201-a-333x500.jpeg\" class=\"attachment-gallery size-gallery\" alt=\"Manifik Rivetoile\" data-full-url=\"https:\/\/pokaa.fr\/wp-content\/uploads\/2026\/07\/17\/1b2043c9-7a0e-4985-b20f-1e19a140edac-1-201-a.jpeg\" decoding=\"async\" loading=\"lazy\"  \/>            <\/p>\n<p>                    1. 3. \u00a9 Anthony Jilli \/ Pokaa ; 2. \u00a9 Manifik \/ Document remis<\/p>\n<p><strong>Cadeau pour un anniversaire, baby shower, EVJF ou EVJG, f\u00eate des m\u00e8res ou des p\u00e8res\u2026<\/strong> Vous savez d\u00e9sormais quoi offrir, et Manifik propose aussi des box pour peindre \u00e0 la maison, \u00e0 la montagne ou au bord de la plage !<\/p>\n<p>Evelyne conclut : \u00ab Les gens mettent leur coeur dans leurs cr\u00e9ations et <strong>on est \u00e9pat\u00e9 de la diversit\u00e9 des personnalit\u00e9s et de la beaut\u00e9 des cr\u00e9ations.<\/strong> On a de vrais artistes en Alsace \u00bb, et pour en avoir plus et r\u00e9server, <a href=\"https:\/\/www.manifik.fr\/?gad_source=1&amp;gad_campaignid=21808439659&amp;gbraid=0AAAAAqmN6dXR8EVpqWoowNhLZq7nrMrys&amp;gclid=Cj0KCQjwguLSBhDLARIsAH-yPrEV60oll1DCr53BrOv_jRZ0j697E40IhSD5Vfh_Kmv1lgxqJV4kX1caAoBFEALw_wcB\" target=\"_blank\" rel=\"noopener nofollow\"><strong>rendez-vous sur leur site web !<\/strong><\/a><\/p>\n<p>            Manifik caf\u00e9 c\u00e9ramique ind\u00e9pendant<\/p>\n<p>            Quoi ?<br \/>\n            Caf\u00e9 c\u00e9ramique convivial        <\/p>\n<p>            o\u00f9 ?<br \/>\n            7 quai de Paris et 3 place Dauphine, \u00e0 Strasbourg \/\/ 35 Grand Rue, 67700 Saverne \/\/ 5 rue Saint-Eloi, 68000 Colmar        <\/p>\n<p>                Plus d&rsquo;infos ?<\/p>\n<p><a href=\"https:\/\/www.manifik.fr\/?gad_source=1&amp;gad_campaignid=21808439659&amp;gbraid=0AAAAAqmN6dXR8EVpqWoowNhLZq7nrMrys&amp;gclid=Cj0KCQjwguLSBhDLARIsAH-yPrEV60oll1DCr53BrOv_jRZ0j697E40IhSD5Vfh_Kmv1lgxqJV4kX1caAoBFEALw_wcB\" target=\"_blank\" rel=\"noopener nofollow\">Le site web<\/a> (2h30 d\u2019atelier d\u00e8s 15\u20ac)<br \/><a href=\"https:\/\/www.facebook.com\/Manifik.Ceramic.Cafe\" target=\"_blank\" rel=\"noopener nofollow\">La page Facebook<\/a><br \/><a href=\"https:\/\/www.instagram.com\/manifik_ceramic_cafe\/?hl=fr\" target=\"_blank\" rel=\"noopener nofollow\">La page Instagram<\/a><br \/><a href=\"https:\/\/fr.pinterest.com\/manifikceramiccafecreatif\/\" target=\"_blank\" rel=\"noopener nofollow\">La page Pinterest<\/a><\/p>\n<p style=\"text-align: right;\">*Le pr\u00e9nom a \u00e9t\u00e9 modifi\u00e9<br \/>R\u00e9dacteur : A.J.<\/p>\n<p><script async src=\"\/\/www.instagram.com\/embed.js\"><\/script><\/p>\n","protected":false},"excerpt":{"rendered":"Mugs, assiettes, vases, d\u00e9co\u2026 Nous ne sommes pas dans un magasin de vaisselle, mais bel et bien chez&hellip;\n","protected":false},"author":2,"featured_media":1075371,"comment_status":"","ping_status":"","sticky":false,"template":"","format":"standard","meta":{"footnotes":"","_share_on_mastodon":"0"},"categories":[2820],"tags":[111211,1111,11,77741,1777,674,1011,27,775,45654,21070,111212,12,1585,111213,25,15600,640,58524],"class_list":["post-1075370","post","type-post","status-publish","format-standard","has-post-thumbnail","category-strasbourg","tag-activite-manuelle","tag-actu","tag-actualites","tag-cafe-ceramique","tag-eu","tag-europe","tag-fr","tag-france","tag-grand-est","tag-idee-cadeau","tag-independant","tag-manifik","tag-news","tag-peinture","tag-plaisir-creatif","tag-republique-francaise","tag-rivetoile","tag-strasbourg","tag-strasbourg-actualite"],"share_on_mastodon":{"url":"https:\/\/pubeurope.com\/@fr\/116948642616385942","error":""},"_links":{"self":[{"href":"https:\/\/www.europesays.com\/fr\/wp-json\/wp\/v2\/posts\/1075370","targetHints":{"allow":["GET"]}}],"collection":[{"href":"https:\/\/www.europesays.com\/fr\/wp-json\/wp\/v2\/posts"}],"about":[{"href":"https:\/\/www.europesays.com\/fr\/wp-json\/wp\/v2\/types\/post"}],"author":[{"embeddable":true,"href":"https:\/\/www.europesays.com\/fr\/wp-json\/wp\/v2\/users\/2"}],"replies":[{"embeddable":true,"href":"https:\/\/www.europesays.com\/fr\/wp-json\/wp\/v2\/comments?post=1075370"}],"version-history":[{"count":0,"href":"https:\/\/www.europesays.com\/fr\/wp-json\/wp\/v2\/posts\/1075370\/revisions"}],"wp:featuredmedia":[{"embeddable":true,"href":"https:\/\/www.europesays.com\/fr\/wp-json\/wp\/v2\/media\/1075371"}],"wp:attachment":[{"href":"https:\/\/www.europesays.com\/fr\/wp-json\/wp\/v2\/media?parent=1075370"}],"wp:term":[{"taxonomy":"category","embeddable":true,"href":"https:\/\/www.europesays.com\/fr\/wp-json\/wp\/v2\/categories?post=1075370"},{"taxonomy":"post_tag","embeddable":true,"href":"https:\/\/www.europesays.com\/fr\/wp-json\/wp\/v2\/tags?post=1075370"}],"curies":[{"name":"wp","href":"https:\/\/api.w.org\/{rel}","templated":true}]}}