{"id":1075384,"date":"2026-07-19T21:08:16","date_gmt":"2026-07-19T21:08:16","guid":{"rendered":"https:\/\/www.europesays.com\/fr\/1075384\/"},"modified":"2026-07-19T21:08:16","modified_gmt":"2026-07-19T21:08:16","slug":"coach-au-toulouse-lutte-club-islam-askhabov-montre-lexemple-avec-deux-titres-aux-championnats-de-france-veterans","status":"publish","type":"post","link":"https:\/\/www.europesays.com\/fr\/1075384\/","title":{"rendered":"Coach au Toulouse Lutte Club, Islam Askhabov montre l\u2019exemple avec deux titres aux championnats de France v\u00e9t\u00e9rans"},"content":{"rendered":"<p>\n                                                                    l&rsquo;essentiel<br \/>\n                                                                La lutte toulousaine s\u2019illustre gr\u00e2ce \u00e0 Islam Askhabov. Sans pr\u00e9paration, l\u2019entra\u00eeneur du Toulouse Lutte Club d\u00e9croche deux titres nationaux v\u00e9t\u00e9rans. Un exploit qui renforce encore son r\u00f4le de mod\u00e8le pour ses \u00e9l\u00e8ves.\n                            <\/p>\n<p dir=\"ltr\">Des actes valent plus que mille mots. Et Islam Askhabov en a fait la d\u00e9monstration \u00e0 ses \u00e9l\u00e8ves lors des championnats de France v\u00e9t\u00e9rans de lutte \u00e0 la mi-juin. Entra\u00eeneur du Toulouse Lutte Club <a href=\"https:\/\/www.instagram.com\/toulouse.lutte.club\/?hl=fr\" target=\"_blank\" rel=\"nofollow noopener\">www.instagram.com\/toulouse.lutte.club<\/a>, Islam n\u2019avait pas du tout pr\u00e9vu de combattre lors de ces championnats de France. \u00ab\u00a0Je n\u2019avais m\u00eame pas imagin\u00e9 lutter, mais mes amis, ma famille, certains \u00e9l\u00e8ves m\u2019ont pouss\u00e9 \u00e0 le faire. J\u2019ai d\u00e9cid\u00e9 d\u2019y aller au dernier moment, au moins pour voir comment cela allait se passer et finalement, \u00e7a s\u2019est plut\u00f4t bien pass\u00e9\u00a0\u00bb, explique-t-il.<\/p>\n<p dir=\"ltr\">Cela s\u2019est m\u00eame tr\u00e8s bien pass\u00e9 pour le lutteur de 37 ans, qui s\u2019est adjug\u00e9 le titre en lutte libre, mais aussi en gr\u00e9co, une discipline que le club ne travaille pas. D\u2019autant plus qu\u2019il n\u2019avait plus lutt\u00e9 depuis 2021, quand il avait fini troisi\u00e8me des championnats de France seniors, l\u00e0 encore sans \u00eatre pr\u00e9par\u00e9. Car oui, pour ce Daghestanais qui vient de Tch\u00e9tch\u00e9nie, la lutte coule dans ses veines.<\/p>\n<p>\u00ab\u00a0Je pr\u00e9f\u00e8re me concentrer sur mes \u00e9l\u00e8ves\u00a0\u00bb<\/p>\n<p dir=\"ltr\">Pourtant, \u00e0 cause de quelques blessures, mais surtout d\u2019un emploi du temps surcharg\u00e9 par sa fonction de coach, il n\u2019a pas beaucoup d\u2019occasions de croiser le fer. \u00ab\u00a0Bien s\u00fbr que j\u2019ai envie de combattre en senior et je suis d\u00e9go\u00fbt\u00e9 de ne pas le faire, mais je n\u2019ai pas le temps, je dois g\u00e9rer les \u00e9l\u00e8ves. Donc je pr\u00e9f\u00e8re me concentrer sur eux, sur la transmission. Leur inculquer les valeurs que j\u2019ai sur la lutte, ne jamais abandonner\u00a0\u00bb, souligne-t-il.<\/p>\n<p dir=\"ltr\">Un \u00e9tat d\u2019esprit salu\u00e9 par son fid\u00e8le bras droit, Soufyane Fassouh, dirigeant au TLC : \u00ab\u00a0\u00c7a permet de montrer aux jeunes qu\u2019Islam n\u2019est pas seulement un entra\u00eeneur, mais qu\u2019il est aussi capable de lutter et de gagner. Surtout qu\u2019il doit avoir une op\u00e9ration, il a les cours \u00e0 g\u00e9rer et sa vie personnelle, donc il n\u2019a pas du tout eu le temps de se pr\u00e9parer. Il y est all\u00e9 \u00e0 l\u2019exp\u00e9rience et il a le niveau pour lutter en senior chez les pros.\u00a0\u00bb<\/p>\n<p dir=\"ltr\">Alors peut-\u00eatre qu\u2019une fois ses petits probl\u00e8mes de sant\u00e9 r\u00e9gl\u00e9s, Islam reviendra pratiquer son art. En attendant, et c\u2019est l\u00e0 le plus important pour lui, \u00ab\u00a0le coach se doit d\u2019\u00eatre exemplaire\u00a0\u00bb. Et au vu des r\u00e9sultats du club ces derni\u00e8res ann\u00e9es, difficile de trouver un meilleur exemple.<\/p>\n<p>                                                                                                                                                                                                        <script async src=\"\/\/www.instagram.com\/embed.js\"><\/script><\/p>\n","protected":false},"excerpt":{"rendered":"l&rsquo;essentiel La lutte toulousaine s\u2019illustre gr\u00e2ce \u00e0 Islam Askhabov. Sans pr\u00e9paration, l\u2019entra\u00eeneur du Toulouse Lutte Club d\u00e9croche deux&hellip;\n","protected":false},"author":2,"featured_media":1075385,"comment_status":"","ping_status":"","sticky":false,"template":"","format":"standard","meta":{"footnotes":"","_share_on_mastodon":"0"},"categories":[2816],"tags":[1111,11,1777,674,1011,27,2722,12,2680,25,517,21508,2312],"class_list":["post-1075384","post","type-post","status-publish","format-standard","has-post-thumbnail","category-toulouse","tag-actu","tag-actualites","tag-eu","tag-europe","tag-fr","tag-france","tag-haute-garonne","tag-news","tag-occitanie","tag-republique-francaise","tag-sport","tag-sports-de-combat","tag-toulouse"],"share_on_mastodon":{"url":"https:\/\/pubeurope.com\/@fr\/116948690997905552","error":""},"_links":{"self":[{"href":"https:\/\/www.europesays.com\/fr\/wp-json\/wp\/v2\/posts\/1075384","targetHints":{"allow":["GET"]}}],"collection":[{"href":"https:\/\/www.europesays.com\/fr\/wp-json\/wp\/v2\/posts"}],"about":[{"href":"https:\/\/www.europesays.com\/fr\/wp-json\/wp\/v2\/types\/post"}],"author":[{"embeddable":true,"href":"https:\/\/www.europesays.com\/fr\/wp-json\/wp\/v2\/users\/2"}],"replies":[{"embeddable":true,"href":"https:\/\/www.europesays.com\/fr\/wp-json\/wp\/v2\/comments?post=1075384"}],"version-history":[{"count":0,"href":"https:\/\/www.europesays.com\/fr\/wp-json\/wp\/v2\/posts\/1075384\/revisions"}],"wp:featuredmedia":[{"embeddable":true,"href":"https:\/\/www.europesays.com\/fr\/wp-json\/wp\/v2\/media\/1075385"}],"wp:attachment":[{"href":"https:\/\/www.europesays.com\/fr\/wp-json\/wp\/v2\/media?parent=1075384"}],"wp:term":[{"taxonomy":"category","embeddable":true,"href":"https:\/\/www.europesays.com\/fr\/wp-json\/wp\/v2\/categories?post=1075384"},{"taxonomy":"post_tag","embeddable":true,"href":"https:\/\/www.europesays.com\/fr\/wp-json\/wp\/v2\/tags?post=1075384"}],"curies":[{"name":"wp","href":"https:\/\/api.w.org\/{rel}","templated":true}]}}