{"id":107546,"date":"2025-05-17T18:21:04","date_gmt":"2025-05-17T18:21:04","guid":{"rendered":"https:\/\/www.europesays.com\/fr\/107546\/"},"modified":"2025-05-17T18:21:04","modified_gmt":"2025-05-17T18:21:04","slug":"trois-iraniens-inculpes-despionnage-presentes-devant-la-justice-au-royaume-uni-actualites","status":"publish","type":"post","link":"https:\/\/www.europesays.com\/fr\/107546\/","title":{"rendered":"Trois Iraniens inculp\u00e9s d&rsquo;espionnage pr\u00e9sent\u00e9s devant la justice au Royaume-Uni : Actualit\u00e9s"},"content":{"rendered":"<p class=\"lead \">Trois ressortissants iraniens inculp\u00e9s d&rsquo;espionnage et de pr\u00e9paration d&rsquo;actes violents au Royaume-Uni au profit de l&rsquo;Iran ont \u00e9t\u00e9 pr\u00e9sent\u00e9s devant la justice samedi \u00e0 Londres, le gouvernement britannique d\u00e9non\u00e7ant les \u00ab\u00a0menaces croissantes \u00e9manant d&rsquo;Etats\u00a0\u00bb sur son sol.<\/p>\n<p class=\"lead \">Ces hommes de 39 \u00e0 55 ans arr\u00eat\u00e9s il y a deux semaines font l&rsquo;objet d'\u00a0\u00bbaccusations extr\u00eamement graves, port\u00e9es \u00e0 l&rsquo;issue d&rsquo;une enqu\u00eate rapide et tr\u00e8s complexe\u00a0\u00bb, a d\u00e9clar\u00e9 le commandant de l&rsquo;unit\u00e9 antiterroriste de la police de Londres Dominic Murphy. <\/p>\n<p class=\"lead \">Leur inculpation pour des \u00ab\u00a0actes susceptibles d&rsquo;aider un service de renseignement \u00e9tranger\u00a0\u00bb, commis entre ao\u00fbt 2024 et f\u00e9vrier 2025, a \u00e9t\u00e9 annonc\u00e9e samedi matin. Elle a \u00e9t\u00e9 suivie de leur comparution devant un tribunal de la capitale britannique.<\/p>\n<p class=\"lead \">&#8211; \u00ab\u00a0Menaces croissantes\u00a0\u00bb &#8211;<\/p>\n<p class=\"lead \">Les trois hommes, portant des sweatshirt gris, n&rsquo;ont pas d\u00e9clar\u00e9 s&rsquo;ils plaidaient coupables ou non. Ils ont \u00e9t\u00e9 plac\u00e9s en d\u00e9tention provisoire et compara\u00eetront pour une audience pr\u00e9liminaire devant la Cour criminelle de l&rsquo;Old Bailey \u00e0 Londres le 6 juin. <\/p>\n<p class=\"lead \">\u00ab\u00a0L&rsquo;Iran doit \u00eatre tenu pour responsable de ses actes\u00a0\u00bb, a \u00e9crit la ministre de l&rsquo;Int\u00e9rieur Yvette Cooper dans un communiqu\u00e9.<\/p>\n<p class=\"lead \">\u00ab\u00a0Nous devons renforcer nos pouvoirs pour prot\u00e9ger notre s\u00e9curit\u00e9 nationale, car nous ne tol\u00e9rerons pas de menaces croissantes \u00e9manant d&rsquo;Etats sur notre sol\u00a0\u00bb, a-t-elle ajout\u00e9.<\/p>\n<p class=\"lead \">Depuis d\u00e9but 2022, le Royaume-Uni a identifi\u00e9 plus de 20 complots soutenus par l&rsquo;Iran, pr\u00e9sentant des menaces potentiellement mortelles pour les citoyens britanniques et les r\u00e9sidents du Royaume-Uni, selon le gouvernement.<\/p>\n<p class=\"lead \">D&rsquo;apr\u00e8s la BBC, ces hommes pr\u00e9voyaient de s&rsquo;en prendre \u00e0 des journalistes d&rsquo;Iran International, une cha\u00eene de t\u00e9l\u00e9vision priv\u00e9e qui a son si\u00e8ge \u00e0 Londres et class\u00e9e organisation terroriste par T\u00e9h\u00e9ran.<\/p>\n<p class=\"lead \">En mars 2024, son reporter Pouria Zeraati avait \u00e9t\u00e9 agress\u00e9 au couteau pr\u00e8s de son domicile dans la capitale britannique et avait d\u00fb \u00eatre hospitalis\u00e9 pour une blessure \u00e0 la jambe.<\/p>\n<p class=\"lead \">Mostafa Sepahvand, 39 ans, Farhad Javadi Manesh, 44 ans et Shapoor Qalehali Khani Noori, 55 ans, des habitants de Londres, ont \u00e9t\u00e9 interpell\u00e9s le 3 mai avant de faire l&rsquo;objet d&rsquo;un mandat de d\u00e9tention en vertu de la loi de 2023 sur la s\u00e9curit\u00e9 nationale.<\/p>\n<p class=\"lead \">Celle-ci permet \u00e0 la police d&rsquo;arr\u00eater des personnes soup\u00e7onn\u00e9es d&rsquo;\u00eatre impliqu\u00e9es \u00ab\u00a0dans une activit\u00e9 de menace \u00e9manant d&rsquo;une puissance \u00e9trang\u00e8re\u00a0\u00bb.<\/p>\n<p class=\"lead \">Mostafa Sepahvand, qui \u00e9tait en fauteuil roulant au tribunal, a \u00e9t\u00e9 inculp\u00e9 pour des actes de surveillance ou de reconnaissance \u00ab\u00a0dans l&rsquo;intention de commettre des actes de violence grave contre une personne au Royaume-Uni\u00a0\u00bb, a expliqu\u00e9 la police.<\/p>\n<p class=\"lead \">&#8211; Complot &#8211;<\/p>\n<p class=\"lead \">Farhad Javadi Manesh et Shapoor Qalehali Khani Noori ont quant \u00e0 eux \u00e9t\u00e9 inculp\u00e9s pour des motifs similaires mais avec l&rsquo;intention que ces violences soient \u00ab\u00a0commises par d&rsquo;autres\u00a0\u00bb.<\/p>\n<p class=\"lead \">Ils sont tous les trois arriv\u00e9s sur le sol britannique \u00ab\u00a0par des moyens irr\u00e9guliers, notamment de petits bateaux\u00a0\u00bb, entre 2016 et 2022, a affirm\u00e9 le gouvernement.<\/p>\n<p class=\"lead \">Un quatri\u00e8me Iranien, \u00e2g\u00e9 de 31 ans, avait \u00e9t\u00e9 arr\u00eat\u00e9 le 9 mai, avant d&rsquo;\u00eatre rel\u00e2ch\u00e9 sans poursuites jeudi dernier.<\/p>\n<p class=\"lead \">Le 3 mai, cinq ressortissants iraniens avaient \u00e9galement \u00e9t\u00e9 arr\u00eat\u00e9s \u00e0 Londres, Swindon (ouest de la capitale) et dans la r\u00e9gion de Manchester dans le cadre d&rsquo;une autre enqu\u00eate.<\/p>\n<p class=\"lead \">La police a annonc\u00e9 samedi que quatre d&rsquo;entre eux, qui avaient \u00e9t\u00e9 appr\u00e9hend\u00e9s sur des soup\u00e7ons de \u00ab\u00a0pr\u00e9paration d&rsquo;un acte terroriste\u00a0\u00bb, avaient \u00e9t\u00e9 remis en libert\u00e9 mais que l&rsquo;enqu\u00eate \u00ab\u00a0se poursuivait\u00a0\u00bb. <\/p>\n<p class=\"lead \">Le cinqui\u00e8me avait auparavant \u00e9t\u00e9 lib\u00e9r\u00e9 sous caution.<\/p>\n<p class=\"lead \">\u00ab\u00a0L&rsquo;enqu\u00eate porte sur un complot pr\u00e9sum\u00e9 visant un site sp\u00e9cifique\u00a0\u00bb, avait dit la police. Il s&rsquo;agit, selon des m\u00e9dias britanniques, de l&rsquo;ambassade d&rsquo;Isra\u00ebl \u00e0 Londres.<\/p>\n<p class=\"lead \">T\u00e9h\u00e9ran avait \u00ab\u00a0cat\u00e9goriquement\u00a0\u00bb rejet\u00e9 toute implication, et le chef de la diplomatie iranienne Abbas Araghchi a assur\u00e9 que son pays \u00e9tait \u00ab\u00a0pr\u00eat \u00e0 s&rsquo;engager pour faire la lumi\u00e8re sur ce qui s&rsquo;est r\u00e9ellement pass\u00e9\u00a0\u00bb.<\/p>\n<p class=\"lead \">Le Royaume-Uni a annonc\u00e9 d\u00e9but mars placer l&rsquo;Iran, ses services de renseignement et les Gardiens de la R\u00e9volution au niveau le plus \u00e9lev\u00e9 de son nouveau syst\u00e8me gouvernemental \u00ab\u00a0FIRS\u00a0\u00bb de surveillance des \u00ab\u00a0influences \u00e9trang\u00e8res secr\u00e8tes\u00a0\u00bb.<\/p>\n<p class=\"lead \">Il a ensuite pris des mesures \u00e9quivalentes pour toutes les personnes travaillant pour l&rsquo;Etat russe au Royaume-Uni. Elles devront se faire enregistrer d&rsquo;ici \u00e0 l&rsquo;\u00e9t\u00e9, faute de quoi elles encourront une peine de prison.<\/p>\n<p class=\"lead \">Londres a \u00e9galement mandat\u00e9 un avocat, Jonathan Hall, pour \u00e9tudier l&rsquo;adaptation du \u00ab\u00a0cadre (l\u00e9gal) de lutte contre le terrorisme aux menaces \u00e9tatiques contemporaines\u00a0\u00bb, qui rendra ses conclusions cette semaine, a d\u00e9clar\u00e9 Mme Cooper. <\/p>\n<p class=\"small font-weight-bold text-gray3 \"> publi\u00e9 le 17 mai \u00e0 19h58, AFP<\/p>\n<p>                             Partager<\/p>\n","protected":false},"excerpt":{"rendered":"Trois ressortissants iraniens inculp\u00e9s d&rsquo;espionnage et de pr\u00e9paration d&rsquo;actes violents au Royaume-Uni au profit de l&rsquo;Iran ont \u00e9t\u00e9&hellip;\n","protected":false},"author":2,"featured_media":107547,"comment_status":"","ping_status":"","sticky":false,"template":"","format":"standard","meta":{"footnotes":""},"categories":[1588],"tags":[11,1769,4777,1777,674,6228,3019,12,1072,473,1853,315,3693,1851,1850,1852],"class_list":{"0":"post-107546","1":"post","2":"type-post","3":"status-publish","4":"format-standard","5":"has-post-thumbnail","7":"category-royaume-uni","8":"tag-actualites","9":"tag-enqute","10":"tag-espionnage","11":"tag-eu","12":"tag-europe","13":"tag-gb","14":"tag-iran","15":"tag-news","16":"tag-police","17":"tag-royaume-uni","18":"tag-royaume-uni-de-grande-bretagne-et-dirlande-du-nord","19":"tag-scurit","20":"tag-tribunal","21":"tag-uk","22":"tag-united-kingdom","23":"tag-united-kingdom-of-great-britain-and-northern-ireland"},"share_on_mastodon":{"url":"https:\/\/pubeurope.com\/@fr\/114524565212902713","error":""},"_links":{"self":[{"href":"https:\/\/www.europesays.com\/fr\/wp-json\/wp\/v2\/posts\/107546","targetHints":{"allow":["GET"]}}],"collection":[{"href":"https:\/\/www.europesays.com\/fr\/wp-json\/wp\/v2\/posts"}],"about":[{"href":"https:\/\/www.europesays.com\/fr\/wp-json\/wp\/v2\/types\/post"}],"author":[{"embeddable":true,"href":"https:\/\/www.europesays.com\/fr\/wp-json\/wp\/v2\/users\/2"}],"replies":[{"embeddable":true,"href":"https:\/\/www.europesays.com\/fr\/wp-json\/wp\/v2\/comments?post=107546"}],"version-history":[{"count":0,"href":"https:\/\/www.europesays.com\/fr\/wp-json\/wp\/v2\/posts\/107546\/revisions"}],"wp:featuredmedia":[{"embeddable":true,"href":"https:\/\/www.europesays.com\/fr\/wp-json\/wp\/v2\/media\/107547"}],"wp:attachment":[{"href":"https:\/\/www.europesays.com\/fr\/wp-json\/wp\/v2\/media?parent=107546"}],"wp:term":[{"taxonomy":"category","embeddable":true,"href":"https:\/\/www.europesays.com\/fr\/wp-json\/wp\/v2\/categories?post=107546"},{"taxonomy":"post_tag","embeddable":true,"href":"https:\/\/www.europesays.com\/fr\/wp-json\/wp\/v2\/tags?post=107546"}],"curies":[{"name":"wp","href":"https:\/\/api.w.org\/{rel}","templated":true}]}}