{"id":1075579,"date":"2026-07-19T23:38:13","date_gmt":"2026-07-19T23:38:13","guid":{"rendered":"https:\/\/www.europesays.com\/fr\/1075579\/"},"modified":"2026-07-19T23:38:13","modified_gmt":"2026-07-19T23:38:13","slug":"ce-nest-jamais-neutre-pour-lanimal-complet-le-refuge-de-la-spa-de-rennes-alerte-sur-la-hausse-des-abandons","status":"publish","type":"post","link":"https:\/\/www.europesays.com\/fr\/1075579\/","title":{"rendered":"\u00ab\u00a0Ce n\u2019est jamais neutre pour l\u2019animal\u00a0\u00bb\u00a0: Complet, le refuge de la SPA de Rennes alerte sur la hausse des abandons"},"content":{"rendered":"<p>\n                Article premium,<br \/>\n                    R\u00e9serv\u00e9 aux\u00a0abonn\u00e9s\n            <\/p>\n<p class=\"su-standfirst chapeau\">La Soci\u00e9t\u00e9 protectrice des animaux\u00a0(SPA) alerte sur une hausse de plus de 10\u00a0% d\u2019abandons d\u2019animaux domestiques en 2026 par rapport \u00e0 2025, au niveau national. Un constat partag\u00e9 au refuge de Rennes\u00a0(Ille-et-Vilaine), alors que le pic estival annuel n\u2019est m\u00eame pas encore atteint.<\/p>\n<p>                                        <img decoding=\"async\" class=\"su-media\" src=\"https:\/\/media.ouest-france.fr\/v1\/pictures\/MjAyNjA3NGFlNjRkMGQyZjI5NTdkZDdjYzU4MjYxZmIzODYyYzc?width=630&amp;height=354&amp;focuspoint=50%2C25&amp;cropresize=1&amp;client_id=bpeditorial&amp;sign=b29fe19f26d041e7173bd307a4ed465d345125b74b074710b09e46fd416474fd\" alt=\"Avec l\u2019arriv\u00e9e de l\u2019\u00e9t\u00e9, les abandons d\u2019animaux augmentent au niveau national, alerte la Soci\u00e9t\u00e9 protectrice des animaux\u00a0(SPA). Un constat partag\u00e9 ici, au refuge de Rennes\u00a0(Ille-et-Vilaine), mercredi 15\u00a0juillet 2026.\"  \/><\/p>\n<p>                            Avec l\u2019arriv\u00e9e de l\u2019\u00e9t\u00e9, les abandons d\u2019animaux augmentent au niveau national, alerte la Soci\u00e9t\u00e9 protectrice des animaux\u00a0(SPA). Un constat partag\u00e9 ici, au refuge de Rennes\u00a0(Ille-et-Vilaine), mercredi 15\u00a0juillet 2026. | JEAN R\u00c9MOND \/ OUEST-FRANCE<\/p>\n<p>                            fermer<\/p>\n<ul class=\"su-row su-carrousel-container su-not-list\" data-suswipe=\"{\" rambo=\"\" .carrousel-nav-bas=\"\" .item=\"\">\n<li class=\"su-col-xs-6 su-col-md-24 carrousel-contenu su-carrousel-item\" data-ofvwidth=\"{\" mobileonly=\"\"><img decoding=\"async\" data-ofmaxheight=\"\" class=\"su-media lazyload\" alt=\"Avec l\u2019arriv\u00e9e de l\u2019\u00e9t\u00e9, les abandons d\u2019animaux augmentent au niveau national, alerte la Soci\u00e9t\u00e9 protectrice des animaux\u00a0(SPA). Un constat partag\u00e9 ici, au refuge de Rennes\u00a0(Ille-et-Vilaine), mercredi 15\u00a0juillet 2026.\" src=\"data:image\/png;base64,iVBORw0KGgoAAAANSUhEUgAAABAAAAAJCAYAAAA7KqwyAAAAGXRFWHRTb2Z0d2FyZQBBZG9iZSBJbWFnZVJlYWR5ccllPAAAABhJREFUeNpi\/P\/\/PwMlgHHUgFEDgAAgwAD+lBrvy+NcxAAAAABJRU5ErkJggg==\" data-oflazyload=\"{&quot;srcset&quot;:&quot;https:\/\/media.ouest-france.fr\/v1\/pictures\/MjAyNjA3NGFlNjRkMGQyZjI5NTdkZDdjYzU4MjYxZmIzODYyYzc?width=320&amp;focuspoint=50%2C25&amp;cropresize=1&amp;client_id=bpeditorial&amp;sign=157bf499768625ccf03a09da29ab97e2f34b6c505fba70bec50bcd193863b7a8 320w,https:\/\/media.ouest-france.fr\/v1\/pictures\/MjAyNjA3NGFlNjRkMGQyZjI5NTdkZDdjYzU4MjYxZmIzODYyYzc?width=375&amp;focuspoint=50%2C25&amp;cropresize=1&amp;client_id=bpeditorial&amp;sign=e84ad4c7d52b52cc67f87e2d24e263a24a680c629713814781bd4ef1d2047c2f 360w,https:\/\/media.ouest-france.fr\/v1\/pictures\/MjAyNjA3NGFlNjRkMGQyZjI5NTdkZDdjYzU4MjYxZmIzODYyYzc?width=480&amp;focuspoint=50%2C25&amp;cropresize=1&amp;client_id=bpeditorial&amp;sign=4d03f6db53ea7ce454f8026feb2fd7dc3c7c99c12fc71a139f2a829ddb445e9e 480w,https:\/\/media.ouest-france.fr\/v1\/pictures\/MjAyNjA3NGFlNjRkMGQyZjI5NTdkZDdjYzU4MjYxZmIzODYyYzc?width=630&amp;focuspoint=50%2C25&amp;cropresize=1&amp;client_id=bpeditorial&amp;sign=ee7a8c5cfc94de92cc5dac7d06fe248f6297fd85987509aa8f81b4794b51fb86 630w,https:\/\/media.ouest-france.fr\/v1\/pictures\/MjAyNjA3NGFlNjRkMGQyZjI5NTdkZDdjYzU4MjYxZmIzODYyYzc?width=940&amp;focuspoint=50%2C25&amp;cropresize=1&amp;client_id=bpeditorial&amp;sign=0c6a18848e6cb3e4f8f3b044fc67eeea395e908748fbad06fd8abad7efb252f5 940w,https:\/\/media.ouest-france.fr\/v1\/pictures\/MjAyNjA3NGFlNjRkMGQyZjI5NTdkZDdjYzU4MjYxZmIzODYyYzc?width=1260&amp;focuspoint=50%2C25&amp;cropresize=1&amp;client_id=bpeditorial&amp;sign=71a7b97bee09d8ce00515a1e4e2b23c978913744b971a5000ba7d9559a36a2a4 1260w&quot;}\"\/>Avec l\u2019arriv\u00e9e de l\u2019\u00e9t\u00e9, les abandons d\u2019animaux augmentent au niveau national, alerte la Soci\u00e9t\u00e9 protectrice des animaux\u00a0(SPA). Un constat partag\u00e9 ici, au refuge de Rennes\u00a0(Ille-et-Vilaine), mercredi 15\u00a0juillet 2026. | JEAN R\u00c9MOND \/ OUEST-FRANCE<\/li>\n<\/ul>\n<p>Comme dans de nombreux refuges fran\u00e7ais, <a href=\"https:\/\/www.ouest-france.fr\/bretagne\/rennes-35000\/video-on-pousse-les-murs-pour-accueillir-les-animaux-a-rennes-le-refuge-de-la-spa-alerte-sur-les-abandons-16a9a414-5dcd-11f1-b2c7-21f7efea5d61?utm_source=troove&amp;utm_medium=site\" rel=\"nofollow noopener\" target=\"_blank\">celui de la Soci\u00e9t\u00e9 protectrice des animaux\u00a0(SPA) de Rennes\u00a0(Ille-et-Vilaine) affiche tristement complet <\/a>en ce mois de juillet\u00a02026. \u00c0 l\u2019\u00e9chelle nationale, ce sont plus de 10\u00a0% d\u2019animaux suppl\u00e9mentaires qui ont \u00e9t\u00e9 accueillis par rapport \u00e0 2025, alors que le pic d\u2019abandons estival habituel n\u2019est m\u00eame pas encore pass\u00e9. Nous avons 205\u00a0animaux dans le refuge, dont 80\u00a0chiens, 18\u00a0rats et environ 100\u00a0chats\u00a0\u00bb, indique Marie-Augustine Burla, responsable de la SPA de Rennes.<\/p>\n<p>Pour tous les recueillir, il faut pousser les murs du refuge. Encore faut-il&#8230;<\/p>\n<p style=\"text-align: center; background-color: #dbbe4d; padding-top: 5px; padding-bottom: 5px; font-size: 14px;\"><strong>D\u00e9j\u00e0 abonn\u00e9 ? <\/strong><a data-trkartmonet=\"Identification\" data-trk-sipa=\"{\" blockcategory=\"\" paywall=\"\" href=\"http:\/\/www.ouest-france.fr\/login?redirect=https:\/\/www.ouest-france.fr\/bretagne\/rennes-35000\/ce-nest-jamais-neutre-pour-lanimal-complet-le-refuge-de-la-spa-de-rennes-alerte-sur-la-hausse-des-abandons-bd824e5a-83af-11f1-b703-745e62b608d9\" rel=\"nofollow noopener\" title=\"Se connecter \u00e0 Ouest-France\" class=\"su-link-light\" target=\"_blank\">Connectez-vous<\/a><\/p>\n<p style=\"text-align: center; padding-top: 15px; padding-bottom: 8px; vertical-align: bottom;\">bloqu\u00e9<strong> Pour lire la suite, abonnez-vous<\/strong><\/p>\n<p style=\"text-align: center;\"><strong>1er mois \u00e0 1\u20ac<\/strong><\/p>\n<p style=\"text-align: center; margin-top: -5px;\">Annulable \u00e0 tout moment<\/p>\n<p style=\"text-align: center;\">\u00a0<\/p>\n<p style=\"text-align: center;\"><a data-ida=\"\" data-trkartmonet=\"Tunnel OF+\" data-trk-sipa=\"{&#010;\" blockcategory=\"\" paywall=\"\" :=\"\" m=\"\" of=\"\" class=\"su-button su-subscription\" data-trk-bloc=\"paywall\" href=\"https:\/\/abonnement.ouest-france.fr\/tunnel\/pack-essentiel-article\/122096117101?int_medium=lien&amp;int_campaign=PWFR0225-OF&amp;int_content=page-article-payant_boutonjaune-paywall&amp;marquesource=OF&amp;rt=https:\/\/www.ouest-france.fr\/bretagne\/rennes-35000\/ce-nest-jamais-neutre-pour-lanimal-complet-le-refuge-de-la-spa-de-rennes-alerte-sur-la-hausse-des-abandons-bd824e5a-83af-11f1-b703-745e62b608d9\" rel=\"nofollow noopener\" target=\"_blank\"><strong>Je m&rsquo;abonne<\/strong><\/a><\/p>\n<p style=\"text-align: center; padding-top: 10px; padding-bottom: 10px;\"><img decoding=\"async\" src=\"https:\/\/media.ouest-france.fr\/v1\/fonts\/be7723fcee3f1866f1ce99184077fc6f-carte-bancaire.svg?height=36\" alt=\"CB\"\/>\u00a0\u00a0<img decoding=\"async\" src=\"https:\/\/media.ouest-france.fr\/v1\/fonts\/1819d54c599d8afa64539cfba4ac9dde-rib.svg?height=36\" alt=\"RIB\"\/>\u00a0\u00a0<img decoding=\"async\" src=\"https:\/\/media.ouest-france.fr\/v1\/fonts\/065fc80d7b6a03d14a834c224ce723e1-paypal.svg?height=36\" alt=\"PAYPAL\"\/><\/p>\n","protected":false},"excerpt":{"rendered":"Article premium, R\u00e9serv\u00e9 aux\u00a0abonn\u00e9s La Soci\u00e9t\u00e9 protectrice des animaux\u00a0(SPA) alerte sur une hausse de plus de 10\u00a0% d\u2019abandons&hellip;\n","protected":false},"author":2,"featured_media":1075580,"comment_status":"","ping_status":"","sticky":false,"template":"","format":"standard","meta":{"footnotes":"","_share_on_mastodon":"0"},"categories":[2821],"tags":[1111,11,4733,829,6698,1777,674,1011,27,6795,12,584,25],"class_list":["post-1075579","post","type-post","status-publish","format-standard","has-post-thumbnail","category-rennes","tag-actu","tag-actualites","tag-associations","tag-bretagne","tag-canicule","tag-eu","tag-europe","tag-fr","tag-france","tag-maltraitance-animale","tag-news","tag-rennes","tag-republique-francaise"],"share_on_mastodon":{"url":"https:\/\/pubeurope.com\/@fr\/116949281696012428","error":""},"_links":{"self":[{"href":"https:\/\/www.europesays.com\/fr\/wp-json\/wp\/v2\/posts\/1075579","targetHints":{"allow":["GET"]}}],"collection":[{"href":"https:\/\/www.europesays.com\/fr\/wp-json\/wp\/v2\/posts"}],"about":[{"href":"https:\/\/www.europesays.com\/fr\/wp-json\/wp\/v2\/types\/post"}],"author":[{"embeddable":true,"href":"https:\/\/www.europesays.com\/fr\/wp-json\/wp\/v2\/users\/2"}],"replies":[{"embeddable":true,"href":"https:\/\/www.europesays.com\/fr\/wp-json\/wp\/v2\/comments?post=1075579"}],"version-history":[{"count":0,"href":"https:\/\/www.europesays.com\/fr\/wp-json\/wp\/v2\/posts\/1075579\/revisions"}],"wp:featuredmedia":[{"embeddable":true,"href":"https:\/\/www.europesays.com\/fr\/wp-json\/wp\/v2\/media\/1075580"}],"wp:attachment":[{"href":"https:\/\/www.europesays.com\/fr\/wp-json\/wp\/v2\/media?parent=1075579"}],"wp:term":[{"taxonomy":"category","embeddable":true,"href":"https:\/\/www.europesays.com\/fr\/wp-json\/wp\/v2\/categories?post=1075579"},{"taxonomy":"post_tag","embeddable":true,"href":"https:\/\/www.europesays.com\/fr\/wp-json\/wp\/v2\/tags?post=1075579"}],"curies":[{"name":"wp","href":"https:\/\/api.w.org\/{rel}","templated":true}]}}