{"id":107558,"date":"2025-05-17T18:27:18","date_gmt":"2025-05-17T18:27:18","guid":{"rendered":"https:\/\/www.europesays.com\/fr\/107558\/"},"modified":"2025-05-17T18:27:18","modified_gmt":"2025-05-17T18:27:18","slug":"opinion-la-france-doit-sengager-plus-fortement-dans-linnovation-sociale-par-damien-baldin-directeur-general-de-la-france-sengage-et-son-adjointe-enora-hamon","status":"publish","type":"post","link":"https:\/\/www.europesays.com\/fr\/107558\/","title":{"rendered":"OPINION. \u00ab La France doit s\u2019engager plus fortement dans l\u2019innovation sociale \u00bb, par Damien Baldin, directeur g\u00e9n\u00e9ral de La France s\u2019engage et son adjointe Enora Hamon"},"content":{"rendered":"<p>La solidarit\u00e9 et la <a href=\"https:\/\/www.latribune.fr\/opinions\/tribunes\/la-fraternite-doit-guider-nos-voix-1000927.html\" target=\"_blank\" rel=\"noopener\">fraternit\u00e9<\/a> ont besoin d&rsquo;une politique d&rsquo;innovation au m\u00eame titre que <a href=\"https:\/\/www.latribune.fr\/idees\/tribunes\/opinion-l-industrie-n-est-pas-un-delit-c-est-un-devoir-national-1023086.html\" target=\"_blank\" rel=\"noopener\">l&rsquo;industrie<\/a> et le <a href=\"https:\/\/www.latribune.fr\/technos-medias\/informatique\/cloud-la-france-relance-la-bataille-de-la-souverainete-numerique-1023279.html\" target=\"_blank\" rel=\"noopener\">num\u00e9rique<\/a>. L&rsquo;innovation technologique seule\u00a0tournera court si dans le m\u00eame temps nous ne consacrons pas autant d&rsquo;\u00e9nergie et d&rsquo;investissement financier \u00e0 l&rsquo;innovation sociale. C&rsquo;est-\u00e0-dire \u00e0 la recherche de solutions nouvelles aux besoins essentiels de la vie quotidienne des Fran\u00e7ais, dans les situations o\u00f9 les services publics et le march\u00e9 ne suffisent plus ou ne fonctionnent pas assez bien : <a href=\"https:\/\/www.latribune.fr\/la-tribune-dimanche\/societe\/emploi-la-longue-marche-vers-l-inclusion-1024697.html\" target=\"_blank\" rel=\"noopener\">l&#8217;emploi<\/a>, le <a href=\"https:\/\/www.latribune.fr\/opinions\/tribunes\/face-a-la-fragilisation-du-lien-social-l-urgence-du-nous-986179.html\" target=\"_blank\" rel=\"noopener\">lien social<\/a>, la <a href=\"https:\/\/www.latribune.fr\/entreprises-finance\/services\/transport-logistique\/financement-des-mobilites-le-gouvernement-se-projette-a-2030-2040-1023956.html\" target=\"_blank\" rel=\"noopener\">mobilit\u00e9<\/a>, l&rsquo;<a href=\"https:\/\/www.latribune.fr\/entreprises-finance\/services\/distribution\/alimentation-les-supermarches-une-quasi-stabilite-des-tarifs-apres-d-apre-negociations-1019621.html\" target=\"_blank\" rel=\"noopener\">alimentation<\/a>, le <a href=\"https:\/\/www.latribune.fr\/entreprises-finance\/industrie\/biens-d-equipement-btp-immobilier\/crise-du-logement-en-europe-la-commission-consulte-tous-azimuts-1024839.html\" target=\"_blank\" rel=\"noopener\">logement<\/a>, la <a href=\"https:\/\/www.latribune.fr\/la-tribune-dimanche\/societe\/sante-les-femmes-restent-les-grandes-oubliees-de-la-medecine-1023559.html\" target=\"_blank\" rel=\"noopener\">sant\u00e9<\/a>, la <a href=\"https:\/\/www.latribune.fr\/economie\/france\/frais-de-scolarite-bientot-la-fin-de-la-reduction-d-impot-1009259.html\" target=\"_blank\" rel=\"noopener\">scolarit\u00e9<\/a>, les \u00e9tudes.<\/p>\n<p>Car la prosp\u00e9rit\u00e9 \u00e9conomique, si elle en est une condition majeure, n&rsquo;a jamais fait, \u00e0 elle seule, le bonheur des populations concern\u00e9es. Aussi, faut-il rappeler avec force que l&rsquo;innovation doit servir aussi au moteur du progr\u00e8s, celui qui part des souffrances individuelles et des injustices sociales et y r\u00e9pond par des solidarit\u00e9s nouvelles\u00a0?<\/p>\n<p>Dans ce domaine, il faut \u00e9galement voir loin, prendre des risques, exp\u00e9rimenter, \u00e9valuer, financer, g\u00e9n\u00e9raliser. Croyons-nous que la <a href=\"https:\/\/www.latribune.fr\/economie\/france\/budget-de-la-securite-sociale-un-risque-de-derapage-budgetaire-record-1018579.html\" target=\"_blank\" rel=\"noopener\">S\u00e9curit\u00e9 sociale<\/a> et l&rsquo;<a href=\"https:\/\/www.latribune.fr\/economie\/france\/education-nationale-le-gouvernement-renonce-aux-4-000-suppressions-de-postes-1016025.html\" target=\"_blank\" rel=\"noopener\">\u00c9ducation nationale<\/a>, ces deux immenses conqu\u00eates, aient \u00e9t\u00e9 des deus ex machina de l&rsquo;histoire\u00a0? Non, elles ont \u00e9t\u00e9 une g\u00e9n\u00e9ralisation d&rsquo;initiatives, le plus souvent priv\u00e9es, souvent locales, toujours associatives ou mutualistes.<\/p>\n<p>1,5 millions de d\u00e9crocheurs en France<\/p>\n<p>Il revient donc aujourd&rsquo;hui aux acteurs politiques et \u00e9conomiques d&rsquo;\u00eatre attentifs \u00e0 l&rsquo;ing\u00e9niosit\u00e9 et \u00e0 l&rsquo;engagement de nos concitoyens qui, dans leur quartier et leur village, rendent d\u00e9j\u00e0 concr\u00e8tes nos politiques \u00e9ducatives et sociales de demain.<\/p>\n<p>Prenons le seul exemple, des 1,5 million de jeunes d\u00e9crocheurs sans emploi et sans dipl\u00f4me en France (ils sont 6,6 millions en Europe) et de notre besoin vital d&#8217;emploi dans les m\u00e9tiers d&rsquo;avenir. Nous savons aujourd&rsquo;hui que les \u00e9coles ETRE savent avec efficacit\u00e9 les former et leur donner le go\u00fbt des m\u00e9tiers manuels de la <a href=\"https:\/\/www.latribune.fr\/climat\/transitions-ecologiques\/corinne-lepage-en-matiere-de-transition-ecologique-nous-ne-pouvons-plus-nous-contenter-de-bonnes-paroles-1023397.html\" target=\"_blank\" rel=\"noopener\">transition \u00e9cologique<\/a>.<\/p>\n<p>Les \u00c9coles de Production savent faire de m\u00eame, notamment avec les m\u00e9tiers de l&rsquo;industrie, et celles de Simplon avec les m\u00e9tiers de l&rsquo;<a href=\"https:\/\/www.latribune.fr\/entreprises-finance\/industrie\/l-intelligence-artificielle-guide-les-recrutements-dans-l-industrie-1018587.html\" target=\"_blank\" rel=\"noopener\">IA<\/a> et du num\u00e9rique. Le d\u00e9veloppement de leurs mod\u00e8les amplifierait encore le nombre d&rsquo;ing\u00e9nieurs, techniciens et ouvriers dont nous avons tant besoin dans ces secteurs strat\u00e9giques.<\/p>\n<p>Il existe ainsi partout en France et en Europe des centaines de dispositifs que l&rsquo;\u00c9tat et la <a href=\"https:\/\/www.latribune.fr\/entreprises-finance\/banques-finance\/industrie-financiere\/la-commission-europeenne-devoile-sa-feuille-de-route-pour-relancer-l-union-des-capitaux-1020999.html\" target=\"_blank\" rel=\"noopener\">Commission europ\u00e9enne<\/a>, mais aussi les partenaires sociaux, devraient mieux observer et analyser. Dans lesquels, surtout, ils devraient plus investir.<\/p>\n<p>Dans cette perspective, o\u00f9 se pilote la strat\u00e9gie nationale et europ\u00e9enne d&rsquo;innovation sociale\u00a0? Nulle part. Quel budget d&rsquo;investissement y consacre-t-on ? Aucun ou presque. Le plan national France 2030 d\u00e9die 54 milliards \u00e0 des investissements d&rsquo;avenir\u00a0: combien pour l&rsquo;innovation sociale et les nouvelles solidarit\u00e9s\u00a0? Aucun.<\/p>\n<p>La France doit s&rsquo;engager plus fortement dans l&rsquo;innovation sociale<\/p>\n<p>Aujourd&rsquo;hui, cet effort repose quasi int\u00e9gralement sur les structures de l&rsquo;\u00e9conomie sociale et solidaire et, en premier lieu, sur les associations et les fondations. Mais contrairement aux entreprises, elles ne disposent pas du cr\u00e9dit d&rsquo;imp\u00f4t recherche, instrument majeur de la politique R&amp;D. Elles supportent donc seules le co\u00fbt des exp\u00e9rimentations et des \u00e9valuations.<\/p>\n<p>Aussi \u00e0 l&rsquo;heure o\u00f9 la baisse des subventions publiques \u00e0 <a href=\"https:\/\/www.latribune.fr\/economie\/france\/budget-l-economie-sociale-et-solidaire-en-alerte-400-000-emplois-menaces-1023029.html\" target=\"_blank\" rel=\"noopener\">l&rsquo;\u00e9conomie sociale et solidaire<\/a> devient bien trop souvent la priorit\u00e9 budg\u00e9taire des pouvoirs publics, l&rsquo;\u00c9tat et les collectivit\u00e9s territoriales devraient d&rsquo;abord penser \u00e0 \u00e9valuer correctement le b\u00e9n\u00e9fice social \u00e0 court et long terme des actions subventionn\u00e9es et les co\u00fbts ainsi \u00e9vit\u00e9s pour les finances publiques. Sinon, les coupes aveugles ne serviront qu&rsquo;\u00e0 creuser leurs propres d\u00e9ficits.<\/p>\n<p>La France, qui a su \u00eatre une nation et une puissance par son mod\u00e8le social, doit au contraire s&rsquo;engager plus fortement dans l&rsquo;innovation sociale et entra\u00eener avec elle l&rsquo;Europe. Il est temps de nous doter d&rsquo;outils de pilotage strat\u00e9gique, \u00e0 l&rsquo;\u00e9chelle du pays et de l&rsquo;<a href=\"https:\/\/www.latribune.fr\/entreprises-finance\/industrie\/agroalimentaire-biens-de-consommation-luxe\/l-union-europeenne-leve-doucement-le-tabou-desstocks-alimentaires-1022621.html\" target=\"_blank\" rel=\"noopener\">Union europ\u00e9enne<\/a>, qui s&rsquo;appuieraient sur un fonds europ\u00e9en pluriannuel utilement compl\u00e9t\u00e9 par des fonds nationaux laiss\u00e9s \u00e0 l&rsquo;initiative des Parlements les plus engag\u00e9s.<\/p>\n<p>Comme pour l&rsquo;\u00e9conomie conventionnelle, nous avons besoin de partenariats entre l&rsquo;\u00c9tat, les <a href=\"https:\/\/www.latribune.fr\/entreprises-finance\/banques-finance\/banque\/climat-les-collectivites-territoriales-accelerent-leurs-investissements-1018308.html\" target=\"_blank\" rel=\"noopener\">collectivit\u00e9s territoriales<\/a>, les entreprises, les associations et les fondations qui orientent, \u00e9valuent, partagent les co\u00fbts autant que les b\u00e9n\u00e9fices et qui mettent en \u0153uvrent des dispositifs de financements aussi favorables et peut-\u00eatre m\u00eame plus performants que le cr\u00e9dit d&rsquo;imp\u00f4t recherche.<\/p>\n<p>La France et l&rsquo;Europe ont souvent su porter haut le drapeau de la solidarit\u00e9, de la fraternit\u00e9 et de la justice sociale dans ses formes les plus innovantes et les plus inspirantes pour le monde. \u00c0 l&rsquo;heure o\u00f9 d&rsquo;autres puissances mondiales font peu de cas de ces valeurs, il est temps de d\u00e9montrer qu&rsquo;elles portent des principes aussi b\u00e9n\u00e9fiques \u00e0 notre \u00e9conomie qu&rsquo;\u00e0 notre humanit\u00e9.<\/p>\n<p class=\"rev-margin-0 rev-text-xs-bold !text-lt-neutral-30 mt-[32px]\">Par Damien Baldin et Enora Hamon, directeur g\u00e9n\u00e9ral et directrice g\u00e9n\u00e9rale adjointe de La France s\u2019engage<\/p>\n","protected":false},"excerpt":{"rendered":"La solidarit\u00e9 et la fraternit\u00e9 ont besoin d&rsquo;une politique d&rsquo;innovation au m\u00eame titre que l&rsquo;industrie et le num\u00e9rique.&hellip;\n","protected":false},"author":2,"featured_media":107559,"comment_status":"","ping_status":"","sticky":false,"template":"","format":"standard","meta":{"footnotes":""},"categories":[4],"tags":[17,11,1446,5404,18769,1011,27,3102,12,4536,378,25,22520],"class_list":{"0":"post-107558","1":"post","2":"type-post","3":"status-publish","4":"format-standard","5":"has-post-thumbnail","7":"category-france","8":"tag-17","9":"tag-actualites","10":"tag-dans","11":"tag-doit","12":"tag-fortement","13":"tag-fr","14":"tag-france","15":"tag-la-tribune-dimanche","16":"tag-news","17":"tag-opinion","18":"tag-plus","19":"tag-republique-francaise","20":"tag-sengager"},"share_on_mastodon":{"url":"https:\/\/pubeurope.com\/@fr\/114524588857391525","error":""},"_links":{"self":[{"href":"https:\/\/www.europesays.com\/fr\/wp-json\/wp\/v2\/posts\/107558","targetHints":{"allow":["GET"]}}],"collection":[{"href":"https:\/\/www.europesays.com\/fr\/wp-json\/wp\/v2\/posts"}],"about":[{"href":"https:\/\/www.europesays.com\/fr\/wp-json\/wp\/v2\/types\/post"}],"author":[{"embeddable":true,"href":"https:\/\/www.europesays.com\/fr\/wp-json\/wp\/v2\/users\/2"}],"replies":[{"embeddable":true,"href":"https:\/\/www.europesays.com\/fr\/wp-json\/wp\/v2\/comments?post=107558"}],"version-history":[{"count":0,"href":"https:\/\/www.europesays.com\/fr\/wp-json\/wp\/v2\/posts\/107558\/revisions"}],"wp:featuredmedia":[{"embeddable":true,"href":"https:\/\/www.europesays.com\/fr\/wp-json\/wp\/v2\/media\/107559"}],"wp:attachment":[{"href":"https:\/\/www.europesays.com\/fr\/wp-json\/wp\/v2\/media?parent=107558"}],"wp:term":[{"taxonomy":"category","embeddable":true,"href":"https:\/\/www.europesays.com\/fr\/wp-json\/wp\/v2\/categories?post=107558"},{"taxonomy":"post_tag","embeddable":true,"href":"https:\/\/www.europesays.com\/fr\/wp-json\/wp\/v2\/tags?post=107558"}],"curies":[{"name":"wp","href":"https:\/\/api.w.org\/{rel}","templated":true}]}}