{"id":1075613,"date":"2026-07-20T00:07:19","date_gmt":"2026-07-20T00:07:19","guid":{"rendered":"https:\/\/www.europesays.com\/fr\/1075613\/"},"modified":"2026-07-20T00:07:19","modified_gmt":"2026-07-20T00:07:19","slug":"guerre-en-ukraine-pluie-de-missiles-nocturne-sur-kiev-un-opposant-de-moins-en-russie-3","status":"publish","type":"post","link":"https:\/\/www.europesays.com\/fr\/1075613\/","title":{"rendered":"Guerre en Ukraine\u00a0: Pluie de missiles nocturne sur Kiev, un opposant de moins en Russie"},"content":{"rendered":"<p>Vous avez rat\u00e9 les derniers \u00e9v\u00e9nements sur la <a href=\"https:\/\/www.20minutes.fr\/monde\/ukraine\/\" class=\"c-link c-link--is-underlined\" rel=\"nofollow noopener\" target=\"_blank\">guerre en Ukraine<\/a>\u00a0? 20 Minutes fait le point pour vous tous les soirs. Voici l\u2019essentiel de ce dimanche 19\u00a0juillet 2026, au 1.606e jour du conflit.<\/p>\n<p>Le fait du jour<\/p>\n<p>L\u2019arm\u00e9e russe a tir\u00e9 une vingtaine de missiles balistiques sur <a href=\"https:\/\/www.20minutes.fr\/dossier\/kiev\" class=\"c-link c-link--is-underlined\" rel=\"nofollow noopener\" target=\"_blank\">Kiev<\/a> dans la nuit de samedi \u00e0 dimanche, tuant une personne et blessant 16 autres. Dans la matin\u00e9e, des journalistes de l\u2019AFP \u00e0 Kiev ont vu des immeubles d\u2019habitation calcin\u00e9s, leurs fen\u00eatres bris\u00e9es, des voitures d\u00e9form\u00e9es et renvers\u00e9es. Le pr\u00e9sident ukrainien <a href=\"https:\/\/www.20minutes.fr\/monde\/volodymyr-zelensky\/\" class=\"c-link c-link--is-underlined\" rel=\"nofollow noopener\" target=\"_blank\">Volodymyr Zelensky<\/a> a parl\u00e9 sur X d\u2019une des \u00ab\u00a0plus importantes attaques de missiles balistiques contre Kiev\u00a0\u00bb.<\/p>\n<p>\u00ab\u00a0L\u2019ennemi a lanc\u00e9 plus de 40 missiles de diff\u00e9rents types, dont la plupart visaient la capitale\u00a0\u00bb, a-t-il ajout\u00e9. Parmi eux figuraient selon l\u2019arm\u00e9e de l\u2019air 25 <a href=\"https:\/\/www.20minutes.fr\/societe\/4159550-20250622-guerre-missiles-croisiere-balistiques-hypersoniques-differences-utilisations\" class=\"c-link c-link--is-underlined\" rel=\"nofollow noopener\" target=\"_blank\">missiles balistiques<\/a>, rapides et plus difficiles \u00e0 intercepter que les drones ou les missiles de croisi\u00e8re &#8211; 17 ont \u00e9t\u00e9 stopp\u00e9s.<\/p>\n<p>La phrase du jour<\/p>\n<blockquote class=\"mx-m@xs mx-xxl@md color-ultramarine c-citation\">\n<p class=\"font-weight-regular@xs text-italic font-source-serif-pro text-l@xs c-citation__content\">\u00ab\u00a0Des d\u00e9cisions concernant l\u2019arm\u00e9e seront prises\u00a0\u00bb<\/p>\n<\/blockquote>\n<p>Secou\u00e9 par des manifestations contre le limogeage du populaire ministre de la D\u00e9fense <a href=\"https:\/\/www.20minutes.fr\/monde\/ukraine\/4234789-20260716-guerre-ukraine-dissensions-armee-ukrainienne-negociations-impasse\" class=\"c-link c-link--is-underlined\" rel=\"nofollow noopener\" target=\"_blank\">Mykha\u00eflo Fedorov<\/a>, Volodymyr Zelensky a laiss\u00e9 entendre samedi que des changements pourraient intervenir au sein de l\u2019arm\u00e9e.<\/p>\n<p>Chantre des hautes technologies sur le champ de bataille, Mykha\u00eflo Fedorov avait annonc\u00e9 sa d\u00e9mission mercredi, moins de six mois apr\u00e8s avoir pris ses fonctions \u00e0 la t\u00eate du minist\u00e8re de la D\u00e9fense.<\/p>\n<p>Populaire aupr\u00e8s de la population et appr\u00e9ci\u00e9 des alli\u00e9s occidentaux de l\u2019Ukraine, Mykha\u00eflo Fedorov a expliqu\u00e9 \u00eatre entr\u00e9 en conflit avec le commandant en chef de l\u2019arm\u00e9e ukrainienne, <a href=\"https:\/\/www.20minutes.fr\/monde\/ukraine\/4075494-20240209-guerre-ukraine-oleksandre-syrsky-nouveau-commandant-chef-armee-ukrainienne\" class=\"c-link c-link--is-underlined\" rel=\"nofollow noopener\" target=\"_blank\">Oleksandr Syrsky<\/a>, qui privil\u00e9gie une approche plus traditionnelle des op\u00e9rations militaires.<\/p>\n<p>La tendance<\/p>\n<p>L\u2019opposant russe <a href=\"https:\/\/www.20minutes.fr\/monde\/russie\/4234446-20260713-russie-boris-nadejdine-opposant-poutine-arrete-moscou\" class=\"c-link c-link--is-underlined\" rel=\"nofollow noopener\" target=\"_blank\">Boris Nadejdine<\/a>, condamn\u00e9 \u00e0 une amende pour \u00ab\u00a0symboles extr\u00e9mistes\u00a0\u00bb, a annonc\u00e9 dimanche qu\u2019il renon\u00e7ait \u00e0 se pr\u00e9senter aux \u00e9lections l\u00e9gislatives de septembre, disant \u00eatre \u00ab\u00a0r\u00e9duit au silence\u00a0\u00bb et \u00ab\u00a0pouss\u00e9 hors de la politique\u00a0\u00bb.<\/p>\n<p>Boris Nadejdine fait partie des rares personnes en Russie \u00e0 d\u00e9noncer publiquement le chef de l\u2019Etat <a href=\"https:\/\/www.20minutes.fr\/monde\/vladimir_poutine\/\" class=\"c-link c-link--is-underlined\" rel=\"nofollow noopener\" target=\"_blank\">Vladimir Poutine<\/a> et l\u2019offensive en Ukraine, sans \u00eatre emprisonn\u00e9.<\/p>\n<p><a href=\"https:\/\/www.20minutes.fr\/monde\/ukraine\/\" class=\"c-link c-btn c-btn--primary\" rel=\"nofollow noopener\" target=\"_blank\">Notre dossier sur la guerre en Ukraine<\/a><\/p>\n<p>\u00ab\u00a0Ma capacit\u00e9 \u00e0 faire l\u00e9galement de la politique dans l\u2019opposition en Russie est \u00e9puis\u00e9e. J\u2019esp\u00e8re que ce n\u2019est que temporaire\u00a0\u00bb, a-t-il \u00e9crit sur Telegram, expliquant que selon le code \u00e9lectoral, son statut d&rsquo;\u00ab\u00a0agent de l\u2019\u00e9tranger\u00a0\u00bb et sa condamnation excluent \u00ab\u00a0toute possibilit\u00e9 d\u2019\u00eatre \u00e9lu \u00e0 la Douma\u00a0\u00bb. \u00ab\u00a0Je ne suis pas pr\u00eat \u00e0 mettre en danger ceux qui me soutiennent\u00a0\u00bb, a-t-il poursuivi.<\/p>\n","protected":false},"excerpt":{"rendered":"Vous avez rat\u00e9 les derniers \u00e9v\u00e9nements sur la guerre en Ukraine\u00a0? 20 Minutes fait le point pour vous&hellip;\n","protected":false},"author":2,"featured_media":1075614,"comment_status":"","ping_status":"","sticky":false,"template":"","format":"standard","meta":{"footnotes":"","_share_on_mastodon":"0"},"categories":[1590],"tags":[47,11,1813,60092,27808,1777,674,131,74,12,32165,132,1135,220,135,134],"class_list":["post-1075613","post","type-post","status-publish","format-standard","has-post-thumbnail","category-ukraine","tag-actualite","tag-actualites","tag-armee","tag-botswana","tag-coree","tag-eu","tag-europe","tag-guerre-en-ukraine","tag-monde","tag-news","tag-pyongyang","tag-russie","tag-serguei-lavrov","tag-ukraine","tag-vladimir-poutine","tag-volodymyr-zelensky"],"share_on_mastodon":{"url":"https:\/\/pubeurope.com\/@fr\/116949395107182196","error":""},"_links":{"self":[{"href":"https:\/\/www.europesays.com\/fr\/wp-json\/wp\/v2\/posts\/1075613","targetHints":{"allow":["GET"]}}],"collection":[{"href":"https:\/\/www.europesays.com\/fr\/wp-json\/wp\/v2\/posts"}],"about":[{"href":"https:\/\/www.europesays.com\/fr\/wp-json\/wp\/v2\/types\/post"}],"author":[{"embeddable":true,"href":"https:\/\/www.europesays.com\/fr\/wp-json\/wp\/v2\/users\/2"}],"replies":[{"embeddable":true,"href":"https:\/\/www.europesays.com\/fr\/wp-json\/wp\/v2\/comments?post=1075613"}],"version-history":[{"count":0,"href":"https:\/\/www.europesays.com\/fr\/wp-json\/wp\/v2\/posts\/1075613\/revisions"}],"wp:featuredmedia":[{"embeddable":true,"href":"https:\/\/www.europesays.com\/fr\/wp-json\/wp\/v2\/media\/1075614"}],"wp:attachment":[{"href":"https:\/\/www.europesays.com\/fr\/wp-json\/wp\/v2\/media?parent=1075613"}],"wp:term":[{"taxonomy":"category","embeddable":true,"href":"https:\/\/www.europesays.com\/fr\/wp-json\/wp\/v2\/categories?post=1075613"},{"taxonomy":"post_tag","embeddable":true,"href":"https:\/\/www.europesays.com\/fr\/wp-json\/wp\/v2\/tags?post=1075613"}],"curies":[{"name":"wp","href":"https:\/\/api.w.org\/{rel}","templated":true}]}}