{"id":1075656,"date":"2026-07-20T00:42:18","date_gmt":"2026-07-20T00:42:18","guid":{"rendered":"https:\/\/www.europesays.com\/fr\/1075656\/"},"modified":"2026-07-20T00:42:18","modified_gmt":"2026-07-20T00:42:18","slug":"lancienne-propriete-de-letat-avec-vue-sur-mer-va-etre-transformee-en-hotel-de-luxe-a-saint-malo","status":"publish","type":"post","link":"https:\/\/www.europesays.com\/fr\/1075656\/","title":{"rendered":"L&rsquo;ancienne propri\u00e9t\u00e9 de l&rsquo;\u00c9tat, avec vue sur mer, va \u00eatre transform\u00e9e en h\u00f4tel de luxe \u00e0 Saint-Malo"},"content":{"rendered":"<p>                    Par<br \/>\n        <strong><br \/>\n            <a href=\"https:\/\/actu.fr\/auteur\/thomassavalle-2\" title=\"Consulter tous les articles de Thomas Savalle\" rel=\"nofollow noopener\" target=\"_blank\">Thomas Savalle<\/a><br \/>\n                    <\/strong><\/p>\n<p>        Publi\u00e9 le<\/p>\n<p>            19 juil. 2026 \u00e0 18h30        <\/p>\n<p>C\u2019est un bien d\u2019exception qui a \u00e9t\u00e9 vendu \u00e0<a href=\"https:\/\/actu.fr\/bretagne\/saint-malo_35288\" rel=\"nofollow noopener\" target=\"_blank\"> Saint-Malo<\/a> Intra-Muros, au 8 rue Mah\u00e9 de la Bourdonnais. L\u2019\u00c9tat s\u2019est s\u00e9par\u00e9 d\u2019une maison qui appartenait autrefois \u00e0 l\u2019Ecole nationale sup\u00e9rieure maritime (ENSM).<\/p>\n<p>Une maison de 404\u00a0m2<\/p>\n<p class=\" wall-content\">Cette habitation en granit de 404\u00a0m2 r\u00e9partie sur trois niveaux, avec une vue magnifique \u00e0 180\u00b0 sur la mer avait\u00a0\u00e9t\u00e9 mise \u00e0 prix \u00e0 1,925\u00a0million d\u2019euros par adjudication d\u00e9but novembre\u00a02025 \u00e0 la chambre des notaires d\u2019Ille-et-Vilaine \u00e0 Rennes. Aucune information n\u2019avait filtr\u00e9 sur cette vente en fin d\u2019ann\u00e9e malgr\u00e9 nos sollicitations.<\/p>\n<p>    <img   decoding=\"async\" loading=\"lazy\" class=\"size-large\" src=\"https:\/\/www.europesays.com\/fr\/wp-content\/uploads\/2026\/07\/bf1e54d5015a6e32e54d5015ae72e5v-960x640.jpg\" alt=\"Cette demeure offre une vue magnifique sur la plage du Sillon et le Fort National \u00e0 Saint-Malo.\" width=\"960\" height=\"640\"\/><br \/>\n    Cette demeure offre une vue magnifique sur la plage du Sillon et le Fort National \u00e0 Saint-Malo. \u00a9Le Pays MalouinVendue 2,150\u00a0millions d\u2019euros<\/p>\n<p class=\" wall-content\">Huit mois plus tard, la direction de l\u2019immobilier de l\u2019\u00c9tat nous pr\u00e9cise que \u00ab la meilleure ench\u00e8re, s\u2019\u00e9levant \u00e0 2,150\u00a0millions d\u2019euros, a \u00e9t\u00e9 formul\u00e9e par une soci\u00e9t\u00e9 familiale malouine exploitante de plusieurs h\u00f4tels <a href=\"https:\/\/actu.fr\/tag\/intra-muros\" rel=\"nofollow noopener\" target=\"_blank\">Intra-Muros <\/a>\u00bb.<\/p>\n<p>H\u00f4tel de luxe<\/p>\n<p class=\" wall-content\">L\u2019acqu\u00e9reur souhaite transformer ce lieu en un h\u00f4tel de luxe. Ainsi, les chambres offriront une des plus belles vues de Saint-Malo. Les futurs clients pourront admirer la plage du Sillon, le Fort National et les remparts depuis les fen\u00eatres. Ils profiteront aussi du futur <a href=\"https:\/\/actu.fr\/bretagne\/saint-malo_35288\/en-images-voici-ce-a-quoi-va-ressembler-le-futur-musee-maritime-de-saint-malo_61990582.html\" rel=\"nofollow noopener\" target=\"_blank\">mus\u00e9e maritime<\/a> dont les travaux de reconstruction ont d\u00e9marr\u00e9.<\/p>\n<p class=\" wall-content\">Situ\u00e9e un peu \u00e0 l\u2019\u00e9cart de la foule, cette maison \u00e9tait appel\u00e9e la \u00ab villa \u00bb jusqu\u2019au d\u00e9but des ann\u00e9es 2010. Elle \u00e9tait habit\u00e9e par le personnel de direction de l\u2019\u00e9cole. Elle a ensuite accueilli des stagiaires, le temps de leur formation \u00e0 Saint-Malo.<\/p>\n<p>Qui est le myst\u00e9rieux propri\u00e9taire ?\u00a0<\/p>\n<p class=\" wall-content\">Reste \u00e0 savoir qui est le myst\u00e9rieux propri\u00e9taire de ce bien situ\u00e9 sur le Fort \u00e0 la Reine, au-dessus de la place Vauban. Selon nos informations, il pourrait s\u2019agir de Jean-Philippe Roy qui poss\u00e8de l\u2019h\u00f4tel Chateaubriand et l\u2019h\u00f4tel Anne de Bretagne, qui a \u00e9t\u00e9 enti\u00e8rement <a href=\"https:\/\/actu.fr\/bretagne\/saint-malo_35288\/en-images-saint-malo-decouvrez-le-nouveau-visage-de-lhotel-anne-de-bretagne_62249990.html\" rel=\"nofollow noopener\" target=\"_blank\">r\u00e9nov\u00e9 r\u00e9cemment<\/a>. L\u2019entrepreneur a aussi un gros projet au niveau de l\u2019ancien atelier de Gwen et Dodik, \u00e0 l\u2019abandon depuis plus de 30\u00a0ans, \u00e0 l\u2019angle de la place Vauban et de la rue Sainte-Barbe.<\/p>\n<p class=\" wall-content\">Sollicit\u00e9, Jean-Philippe Roy n\u2019a pas confirm\u00e9, ni infirm\u00e9 \u00eatre l\u2019acqu\u00e9reur. Des travaux cons\u00e9quents sont \u00e0 pr\u00e9voir avant l\u2019ouverture de cet h\u00f4tel de luxe construit dans les ann\u00e9es 1950 qui compte trois \u00e9tages, cinq caves, un logement pour gardien au rez-de-chauss\u00e9e, quatorze chambres, quatre salles de bains, cinq WC\u2026<\/p>\n<p class=\" wall-content\">Personnalisez votre actualit\u00e9 en ajoutant vos villes et m\u00e9dias en favori avec <a href=\"https:\/\/moncompte.actu.fr\" title=\"D\u00e9couvez Mon Actu\" rel=\"nofollow noopener\" data-trk=\"{&quot;cta&quot;:{&quot;action&quot;:&quot;https:\\\/\\\/moncompte.actu.fr&quot;,&quot;category&quot;:&quot;mon compte&quot;,&quot;from&quot;:&quot;article footer&quot;,&quot;name&quot;:&quot;Mon actu&quot;,&quot;type&quot;:&quot;cta&quot;}}\" target=\"_blank\">Mon Actu<\/a>.<\/p>\n","protected":false},"excerpt":{"rendered":"Par Thomas Savalle Publi\u00e9 le 19 juil. 2026 \u00e0 18h30 C\u2019est un bien d\u2019exception qui a \u00e9t\u00e9 vendu&hellip;\n","protected":false},"author":2,"featured_media":1075657,"comment_status":"","ping_status":"","sticky":false,"template":"","format":"standard","meta":{"footnotes":"","_share_on_mastodon":"0"},"categories":[6],"tags":[35,33,34,1011,27,26813,2086],"class_list":["post-1075656","post","type-post","status-publish","format-standard","has-post-thumbnail","category-economie","tag-business","tag-economie","tag-economy","tag-fr","tag-france","tag-intra-muros","tag-travaux"],"share_on_mastodon":{"url":"https:\/\/pubeurope.com\/@fr\/116949532671641849","error":""},"_links":{"self":[{"href":"https:\/\/www.europesays.com\/fr\/wp-json\/wp\/v2\/posts\/1075656","targetHints":{"allow":["GET"]}}],"collection":[{"href":"https:\/\/www.europesays.com\/fr\/wp-json\/wp\/v2\/posts"}],"about":[{"href":"https:\/\/www.europesays.com\/fr\/wp-json\/wp\/v2\/types\/post"}],"author":[{"embeddable":true,"href":"https:\/\/www.europesays.com\/fr\/wp-json\/wp\/v2\/users\/2"}],"replies":[{"embeddable":true,"href":"https:\/\/www.europesays.com\/fr\/wp-json\/wp\/v2\/comments?post=1075656"}],"version-history":[{"count":0,"href":"https:\/\/www.europesays.com\/fr\/wp-json\/wp\/v2\/posts\/1075656\/revisions"}],"wp:featuredmedia":[{"embeddable":true,"href":"https:\/\/www.europesays.com\/fr\/wp-json\/wp\/v2\/media\/1075657"}],"wp:attachment":[{"href":"https:\/\/www.europesays.com\/fr\/wp-json\/wp\/v2\/media?parent=1075656"}],"wp:term":[{"taxonomy":"category","embeddable":true,"href":"https:\/\/www.europesays.com\/fr\/wp-json\/wp\/v2\/categories?post=1075656"},{"taxonomy":"post_tag","embeddable":true,"href":"https:\/\/www.europesays.com\/fr\/wp-json\/wp\/v2\/tags?post=1075656"}],"curies":[{"name":"wp","href":"https:\/\/api.w.org\/{rel}","templated":true}]}}