{"id":107566,"date":"2025-05-17T18:34:08","date_gmt":"2025-05-17T18:34:08","guid":{"rendered":"https:\/\/www.europesays.com\/fr\/107566\/"},"modified":"2025-05-17T18:34:08","modified_gmt":"2025-05-17T18:34:08","slug":"max-verstappen-soffre-un-record-au-nurburgring-sous-un-faux-nom","status":"publish","type":"post","link":"https:\/\/www.europesays.com\/fr\/107566\/","title":{"rendered":"Max Verstappen s\u2019offre un record au N\u00fcrburgring sous un faux nom"},"content":{"rendered":"<p>Max Verstappen a surpris la plan\u00e8te sport automobile en prenant part, sous pseudonyme, \u00e0 une s\u00e9ance d\u2019essais sur le mythique trac\u00e9 de la Nordschleife du N\u00fcrburgring. Vendredi dernier, le quadruple champion du monde de Formule 1 a troqu\u00e9 sa Red Bull habituelle pour une Ferrari 296 GT3 engag\u00e9e par Emil Frey Racing, et s\u2019est pr\u00e9sent\u00e9 sous le nom de \u00ab Franz Hermann \u00bb sur la liste officielle des participants.<\/p>\n<p>Cette apparition discr\u00e8te a eu lieu dans le cadre d\u2019une session NLS (N\u00fcrburgring Langstrecken-Serie), sur le c\u00e9l\u00e8bre circuit allemand surnomm\u00e9 \u00ab l\u2019Enfer Vert \u00bb. Arborant les couleurs noir et rouge de <a href=\"https:\/\/f1only.fr\/ralf-schumacher-critique-roulage-verstappen-nurburgring\/\" target=\"_blank\" rel=\"noopener\">Verstappen<\/a>.com, la Ferrari pilot\u00e9e par le N\u00e9erlandais n\u2019est pas pass\u00e9e inaper\u00e7ue, et les sp\u00e9culations n\u2019ont pas tard\u00e9 \u00e0 \u00e9merger quant \u00e0 ses performances chronom\u00e9tr\u00e9es.<\/p>\n<p>Des sources proches du circuit, dont l\u2019expert Misha Charoudin, ont avanc\u00e9 que <a href=\"https:\/\/f1only.fr\/verstappen-record-nurburgring-marko\/\" target=\"_blank\" rel=\"noopener\">Verstappen aurait sign\u00e9 un temps inf\u00e9rieur au record GT3 actuel sur la Nordschleife<\/a>. Une rumeur que l\u2019int\u00e9ress\u00e9 a lui-m\u00eame laiss\u00e9e entendre comme fond\u00e9e, lors de ses \u00e9changes avec les m\u00e9dias en amont du Grand Prix d\u2019\u00c9milie-Romagne.<\/p>\n<p>L\u2019initiative de Verstappen, bien que non annonc\u00e9e officiellement, confirme une nouvelle fois l\u2019attachement du pilote Red Bull aux d\u00e9fis en dehors du cadre strict de la F1, m\u00eame \u00e0 quelques jours d\u2019un week-end de Grand Prix.<\/p>\n<p>\u00ab Ils m\u2019ont demand\u00e9 un faux nom, alors j\u2019ai dit qu\u2019on en choisirait un qui soit aussi allemand que possible \u00bb, a d\u00e9clar\u00e9 Verstappen \u00e0 Imola, \u00e0 Motorsport.com. \u00ab [J\u2019avais un faux nom parce que] comme \u00e7a, je ne figurais pas sur la liste des participants. Sinon, les gens se seraient r\u00e9veill\u00e9s \u00e0 8 heures du matin en sachant que mon nom \u00e9tait l\u00e0. Je savais qu\u2019une fois sur place, les gens s\u2019en rendraient compte. C\u2019est normal. Mais au moins, je n\u2019\u00e9tais pas sur la liste des participants. Donc, \u00e0 8 ou 9 heures du matin, c\u2019\u00e9tait plut\u00f4t calme. Mais pour moi, je ne suis pas l\u00e0 pour montrer que je peux battre un record du tour ou n\u2019importe quel autre record. Je m\u2019amusais simplement et j\u2019apprenais le circuit avec l\u2019\u00e9quipe. Emil Frey n\u2019\u00e9tait pas l\u00e0 non plus auparavant. Pour eux aussi, le r\u00eave est de participer aux 24 Heures. Nous avons simplement pass\u00e9 un bon moment \u00e0 prendre de la vitesse. Nous avons \u00e9galement eu de la chance avec les conditions. Il faisait tr\u00e8s beau et ensoleill\u00e9. C\u2019est g\u00e9nial quand \u00e7a se passe comme \u00e7a. \u00bb<\/p>\n","protected":false},"excerpt":{"rendered":"Max Verstappen a surpris la plan\u00e8te sport automobile en prenant part, sous pseudonyme, \u00e0 une s\u00e9ance d\u2019essais sur&hellip;\n","protected":false},"author":2,"featured_media":107567,"comment_status":"","ping_status":"","sticky":false,"template":"","format":"standard","meta":{"footnotes":""},"categories":[1412],"tags":[5080,5081,1451,5083,5084,5085,5086,5087,2251,5088,1452,1453,1454,1455,1011,27,2236,5089,5090,2255,60,5091,3030],"class_list":{"0":"post-107566","1":"post","2":"type-post","3":"status-publish","4":"format-standard","5":"has-post-thumbnail","7":"category-f1","8":"tag-actualites-f1","9":"tag-actuf1","10":"tag-f1","11":"tag-f1-actu","12":"tag-f1-direct","13":"tag-f1-live","14":"tag-f1-news","15":"tag-f1news","16":"tag-ferrari","17":"tag-fia","18":"tag-formula-1","19":"tag-formula1","20":"tag-formule-1","21":"tag-formule1","22":"tag-fr","23":"tag-france","24":"tag-max-verstappen","25":"tag-news-f1","26":"tag-newsf1","27":"tag-red-bull","28":"tag-sports","29":"tag-tip","30":"tag-top"},"share_on_mastodon":{"url":"https:\/\/pubeurope.com\/@fr\/114524616348982982","error":""},"_links":{"self":[{"href":"https:\/\/www.europesays.com\/fr\/wp-json\/wp\/v2\/posts\/107566","targetHints":{"allow":["GET"]}}],"collection":[{"href":"https:\/\/www.europesays.com\/fr\/wp-json\/wp\/v2\/posts"}],"about":[{"href":"https:\/\/www.europesays.com\/fr\/wp-json\/wp\/v2\/types\/post"}],"author":[{"embeddable":true,"href":"https:\/\/www.europesays.com\/fr\/wp-json\/wp\/v2\/users\/2"}],"replies":[{"embeddable":true,"href":"https:\/\/www.europesays.com\/fr\/wp-json\/wp\/v2\/comments?post=107566"}],"version-history":[{"count":0,"href":"https:\/\/www.europesays.com\/fr\/wp-json\/wp\/v2\/posts\/107566\/revisions"}],"wp:featuredmedia":[{"embeddable":true,"href":"https:\/\/www.europesays.com\/fr\/wp-json\/wp\/v2\/media\/107567"}],"wp:attachment":[{"href":"https:\/\/www.europesays.com\/fr\/wp-json\/wp\/v2\/media?parent=107566"}],"wp:term":[{"taxonomy":"category","embeddable":true,"href":"https:\/\/www.europesays.com\/fr\/wp-json\/wp\/v2\/categories?post=107566"},{"taxonomy":"post_tag","embeddable":true,"href":"https:\/\/www.europesays.com\/fr\/wp-json\/wp\/v2\/tags?post=107566"}],"curies":[{"name":"wp","href":"https:\/\/api.w.org\/{rel}","templated":true}]}}