{"id":1075669,"date":"2026-07-20T00:57:28","date_gmt":"2026-07-20T00:57:28","guid":{"rendered":"https:\/\/www.europesays.com\/fr\/1075669\/"},"modified":"2026-07-20T00:57:28","modified_gmt":"2026-07-20T00:57:28","slug":"meteo-les-previsions-meteorologiques-du-dimanche-19-juillet-2026-a-montpellier-et-ses-environs","status":"publish","type":"post","link":"https:\/\/www.europesays.com\/fr\/1075669\/","title":{"rendered":"M\u00e9t\u00e9o. Les pr\u00e9visions m\u00e9t\u00e9orologiques du dimanche 19 juillet 2026 \u00e0 Montpellier et ses environs"},"content":{"rendered":"<p>En matin\u00e9e, la temp\u00e9rature restera \u00e9lev\u00e9e, oscillant d\u2019abord autour de 28 \u00b0C avant de grimper pour atteindre 33 \u00b0C en fin de p\u00e9riode. Le vent soufflera d\u2019abord du Nord-Nord-Ouest \u00e0 5 km\/h, avec des rafales pouvant aller jusqu\u2019\u00e0 20 km\/h, puis tournera progressivement au Nord-Nord-Est en se renfor\u00e7ant jusqu\u2019\u00e0 15 km\/h et 30 km\/h en rafales. La couverture nuageuse se r\u00e9duira nettement tandis que l\u2019humidit\u00e9 reculera au fil des heures.<\/p>\n<p>Dans l\u2019apr\u00e8s-midi, la chaleur s\u2019accentuera, la temp\u00e9rature passant de 34 \u00b0C \u00e0 midi pour se stabiliser autour de 37 \u00b0C d\u00e8s le milieu de journ\u00e9e, dans le prolongement des fortes valeurs matinales. Le ciel, d\u2019abord parfaitement d\u00e9gag\u00e9, verra une augmentation progressive de la couverture nuageuse, devenant nuageux puis tr\u00e8s nuageux en fin de p\u00e9riode, tandis que l\u2019humidit\u00e9 progressera l\u00e9g\u00e8rement. Le vent, initialement faible ou quasi nul et soufflant du Nord, se renforcera ensuite entre 15 et 20 km\/h, avec des rafales atteignant 40 km\/h, en s\u2019orientant progressivement vers le Sud.<\/p>\n<p>Au cours de la soir\u00e9e, les temp\u00e9ratures \u00e9volueront lentement, passant d\u2019environ 36 \u00b0C en d\u00e9but de soir\u00e9e \u00e0 32 \u00b0C en fin de nuit, avec une baisse plus nette apr\u00e8s 22 h, dans la continuit\u00e9 de la chaleur de l\u2019apr\u00e8s-midi. La n\u00e9bulosit\u00e9 sera changeante, alternant entre voile d\u2019altitude, ciel tr\u00e8s nuageux, phases d\u00e9gag\u00e9es puis ciel couvert avant de s\u2019all\u00e9ger progressivement. Le vent tournera du Sud vers le Nord-Ouest, oscillant entre 5 et 15 km\/h, avec des rafales pouvant atteindre 30 km\/h. L\u2019humidit\u00e9 augmentera sensiblement au fil des heures.<\/p>\n<p>Au cours de la nuit pr\u00e9c\u00e9dant le lundi 20 juillet 2026, la temp\u00e9rature restera \u00e9lev\u00e9e, passant progressivement de 32 \u00b0C en d\u00e9but de p\u00e9riode \u00e0 29 \u00b0C avant l\u2019aube, prolongeant la douceur observ\u00e9e en fin de soir\u00e9e. Le vent, d\u2019abord \u00e9tabli au Nord-Est puis au Nord-Nord-Est, se renforcera nettement, passant de 10 \u00e0 20 km\/h avec des rafales s\u2019intensifiant de 20 \u00e0 35 km\/h. Le ciel demeurera clair, sans \u00e9volution notable de la n\u00e9bulosit\u00e9, tandis que l\u2019humidit\u00e9 conna\u00eetra seulement une l\u00e9g\u00e8re hausse en fin de nuit.<\/p>\n<p>Demain, les temp\u00e9ratures resteront \u00e9lev\u00e9es, passant rapidement d\u2019un matin d\u00e9j\u00e0 chaud \u00e0 28 \u00b0C vers un apr\u00e8s-midi tr\u00e8s chaud autour de 36 \u00e0 38 \u00b0C, dans le prolongement de la nuit pr\u00e9c\u00e9dente. Le ciel sera d\u2019abord bien d\u00e9gag\u00e9, puis deviendra plus nuageux en milieu de journ\u00e9e avant de se d\u00e9gager partiellement en fin d\u2019apr\u00e8s-midi. Le vent, d\u2019abord de Nord-Nord-Est autour de 20 km\/h, faiblira \u00e0 10 km\/h en tournant \u00e0 l\u2019Est, puis se renforcera de Sud-Sud-Est jusqu\u2019\u00e0 20 km\/h avec des rafales marqu\u00e9es.<\/p>\n<p><a href=\"https:\/\/www.ouest-france.fr\/meteo\/region-occitanie\/montpellier-34000\/\" rel=\"nofollow noopener\" target=\"_blank\">Suivez la m\u00e9t\u00e9o de votre commune en temps r\u00e9el<\/a><\/p>\n<p>Ouest-France vous donne \u00e9galement la possibilit\u00e9 de conna\u00eetre la m\u00e9t\u00e9o de votre commune, heure par heure, sur notre page m\u00e9t\u00e9o d\u00e9di\u00e9e<\/p>\n","protected":false},"excerpt":{"rendered":"En matin\u00e9e, la temp\u00e9rature restera \u00e9lev\u00e9e, oscillant d\u2019abord autour de 28 \u00b0C avant de grimper pour atteindre 33&hellip;\n","protected":false},"author":2,"featured_media":1075670,"comment_status":"","ping_status":"","sticky":false,"template":"","format":"standard","meta":{"footnotes":"","_share_on_mastodon":"0"},"categories":[9599],"tags":[1111,11,29264,87686,1777,674,72431,1011,27,71480,78320,87688,33760,2208,12,2680,87690,25,87691,87689,55020,87687,13913],"class_list":["post-1075669","post","type-post","status-publish","format-standard","has-post-thumbnail","category-montpellier","tag-actu","tag-actualites","tag-castries","tag-cournonsec","tag-eu","tag-europe","tag-fabregues","tag-fr","tag-france","tag-jacou","tag-laverune","tag-le-cres","tag-mauguio","tag-montpellier","tag-news","tag-occitanie","tag-prades-le-lez","tag-republique-francaise","tag-saint-aunes","tag-saint-clement-de-riviere","tag-saint-georges-dorques","tag-teyran","tag-vendargues"],"share_on_mastodon":{"url":"https:\/\/pubeurope.com\/@fr\/116949591168715606","error":""},"_links":{"self":[{"href":"https:\/\/www.europesays.com\/fr\/wp-json\/wp\/v2\/posts\/1075669","targetHints":{"allow":["GET"]}}],"collection":[{"href":"https:\/\/www.europesays.com\/fr\/wp-json\/wp\/v2\/posts"}],"about":[{"href":"https:\/\/www.europesays.com\/fr\/wp-json\/wp\/v2\/types\/post"}],"author":[{"embeddable":true,"href":"https:\/\/www.europesays.com\/fr\/wp-json\/wp\/v2\/users\/2"}],"replies":[{"embeddable":true,"href":"https:\/\/www.europesays.com\/fr\/wp-json\/wp\/v2\/comments?post=1075669"}],"version-history":[{"count":0,"href":"https:\/\/www.europesays.com\/fr\/wp-json\/wp\/v2\/posts\/1075669\/revisions"}],"wp:featuredmedia":[{"embeddable":true,"href":"https:\/\/www.europesays.com\/fr\/wp-json\/wp\/v2\/media\/1075670"}],"wp:attachment":[{"href":"https:\/\/www.europesays.com\/fr\/wp-json\/wp\/v2\/media?parent=1075669"}],"wp:term":[{"taxonomy":"category","embeddable":true,"href":"https:\/\/www.europesays.com\/fr\/wp-json\/wp\/v2\/categories?post=1075669"},{"taxonomy":"post_tag","embeddable":true,"href":"https:\/\/www.europesays.com\/fr\/wp-json\/wp\/v2\/tags?post=1075669"}],"curies":[{"name":"wp","href":"https:\/\/api.w.org\/{rel}","templated":true}]}}