{"id":107568,"date":"2025-05-17T18:35:08","date_gmt":"2025-05-17T18:35:08","guid":{"rendered":"https:\/\/www.europesays.com\/fr\/107568\/"},"modified":"2025-05-17T18:35:08","modified_gmt":"2025-05-17T18:35:08","slug":"cyclisme-4-jours-de-dunkerque","status":"publish","type":"post","link":"https:\/\/www.europesays.com\/fr\/107568\/","title":{"rendered":"Cyclisme. 4 Jours de Dunkerque"},"content":{"rendered":"<p>Un circuit long de 21,3 km \u00e9tait \u00e0 effectuer cinq fois, avec la mont\u00e9e de Cassel par la porte de Dunkerque avant d&rsquo;arriver sur la c\u00e9l\u00e8bre rue d\u2019Aire et sa porte mythique (1 km \u00e0 8,6 %), c&rsquo;\u00e9tait l&rsquo;\u00e9tape reine ce samedi 17 mai de cette 69e \u00e9dition des <strong><a href=\"https:\/\/www.cyclismactu.net\/..\/news-cyclisme-route-4-jours-de-dunkerque-sam-watson-plus-fort-cassel-4e-etape-et-rose-87905.html\" target=\"_blank\" rel=\"noopener\">4 Jours de Dunkerque \/ Grand Prix des Hauts-de-France<\/a><\/strong> qui a vu la victoire du pensionnaire de la formation <strong>INEOS Grenadiers<\/strong>, <strong>Samuel Watson<\/strong>. Le Britannique s&rsquo;est montr\u00e9 le plus costaud au sommet, devan\u00e7ant l\u2019Espagnol <strong>Carlos Canal<\/strong> (Movistar Team) et son ancien co\u00e9quipier, <strong><a href=\"https:\/\/www.cyclismactu.net\/..\/news-cyclisme-route-4-jours-de-dunkerque-lewis-askey-un-peu-decu-de-ne-pas-prendre-rose-87913.html\" target=\"_blank\" rel=\"noopener\">Lewis Askey<\/a><\/strong> (Groupama-FDJ), qu\u2019il devance ce soir pour 3 petites secondes \u00e0 la veille de l&rsquo;arriv\u00e9e. Le coureur de 23 ans s&rsquo;est exprim\u00e9 dans le communiqu\u00e9 officiel de la formation <strong>INEOS Grenadiers<\/strong>, lui qui, avec cette \u00e9tape, est le nouveau leader au classement g\u00e9n\u00e9ral avant l&rsquo;arriv\u00e9e finale \u00e0 Dunkerque ce dimanche 18 mai.<\/p>\n<p>Vid\u00e9o &#8211; La victoire et la prise de pouvoir de Watson sur les 4JDD ! Lire la suite de l&rsquo;article&#13;<\/p>\n<p>\u00a0<\/p>\n<p>&#13;<br \/>\n<strong>\u00ab\u00a0Je n&rsquo;ai fait qu\u2019un seul effort&#8230;\u00a0\u00bb<\/strong>&#13;<\/p>\n<p>Apr\u00e8s sa victoire et sa prise de pouvoir au classement g\u00e9n\u00e9ral, <strong>Samuel Watson<\/strong> a fait l&rsquo;\u00e9loge de ses co\u00e9quipiers, sans qui cette victoire n&rsquo;aurait peut-\u00eatre pas \u00e9t\u00e9 possible : \u00ab\u00a0Merci aux gar\u00e7ons, et surtout \u00e0 Ben Swift. J\u2019ai eu la course la plus facile possible. Les gars \u00e9taient toujours devant et j\u2019ai donc pu m\u2019\u00e9conomiser. Quand j\u2019ai vu Ben Swift revenir, j\u2019ai su que si j\u2019attaquais dans la partie raide et que j\u2019acc\u00e9l\u00e9rais tout au long de la mont\u00e9e, je pourrais tenir tout le monde \u00e0 distance, et c\u2019est ce que j\u2019ai r\u00e9ussi \u00e0 faire. Je savais au fond de moi qu\u2019un parcours comme celui-ci \u00e9tait tout \u00e0 fait dans mes cordes, alors je savais que je devais \u00eatre patient toute la journ\u00e9e. J\u2019ai fait cette course les deux derni\u00e8res ann\u00e9es et j\u2019ai toujours \u00e9t\u00e9 un peu trop excit\u00e9, alors cette ann\u00e9e je me suis vraiment calm\u00e9, j\u2019ai laiss\u00e9 la course se d\u00e9rouler et j\u2019ai fait un seul effort, et c\u2019est cet effort qui a \u00e9t\u00e9 victorieux. Nous sommes vraiment malheureux d\u2019avoir perdu Bob [Jungels] et Connor [Swift] dans une mauvaise chute. Mais notre \u00e9quipe est l\u00e0 pour le classement g\u00e9n\u00e9ral et nous esp\u00e9rons garder le maillot\u00a0\u00bb, conclut le Britannique de 23 ans.<\/p>\n<p>4 Jours de Dunkerque &#8211; GP des Hauts de France &#8211; Classement de la 4\u00e8 \u00e9tape 4 Jours de Dunkerque &#8211; GP des Hauts de France &#8211; Classement g\u00e9n\u00e9ral provisoire apr\u00e8s la 4\u00e8 \u00e9tape<\/p>\n","protected":false},"excerpt":{"rendered":"Un circuit long de 21,3 km \u00e9tait \u00e0 effectuer cinq fois, avec la mont\u00e9e de Cassel par la&hellip;\n","protected":false},"author":2,"featured_media":107569,"comment_status":"","ping_status":"","sticky":false,"template":"","format":"standard","meta":{"footnotes":""},"categories":[1411],"tags":[22521,1154,207,211,1011,27,209,60,210,212,208,213],"class_list":{"0":"post-107568","1":"post","2":"type-post","3":"status-publish","4":"format-standard","5":"has-post-thumbnail","7":"category-cyclisme","8":"tag-4-jours-de-dunkerque","9":"tag-cycling","10":"tag-cyclisme","11":"tag-ffc","12":"tag-fr","13":"tag-france","14":"tag-route","15":"tag-sports","16":"tag-tour-de-france","17":"tag-uci","18":"tag-velo","19":"tag-world-tour"},"share_on_mastodon":{"url":"https:\/\/pubeurope.com\/@fr\/114524620332867452","error":""},"_links":{"self":[{"href":"https:\/\/www.europesays.com\/fr\/wp-json\/wp\/v2\/posts\/107568","targetHints":{"allow":["GET"]}}],"collection":[{"href":"https:\/\/www.europesays.com\/fr\/wp-json\/wp\/v2\/posts"}],"about":[{"href":"https:\/\/www.europesays.com\/fr\/wp-json\/wp\/v2\/types\/post"}],"author":[{"embeddable":true,"href":"https:\/\/www.europesays.com\/fr\/wp-json\/wp\/v2\/users\/2"}],"replies":[{"embeddable":true,"href":"https:\/\/www.europesays.com\/fr\/wp-json\/wp\/v2\/comments?post=107568"}],"version-history":[{"count":0,"href":"https:\/\/www.europesays.com\/fr\/wp-json\/wp\/v2\/posts\/107568\/revisions"}],"wp:featuredmedia":[{"embeddable":true,"href":"https:\/\/www.europesays.com\/fr\/wp-json\/wp\/v2\/media\/107569"}],"wp:attachment":[{"href":"https:\/\/www.europesays.com\/fr\/wp-json\/wp\/v2\/media?parent=107568"}],"wp:term":[{"taxonomy":"category","embeddable":true,"href":"https:\/\/www.europesays.com\/fr\/wp-json\/wp\/v2\/categories?post=107568"},{"taxonomy":"post_tag","embeddable":true,"href":"https:\/\/www.europesays.com\/fr\/wp-json\/wp\/v2\/tags?post=107568"}],"curies":[{"name":"wp","href":"https:\/\/api.w.org\/{rel}","templated":true}]}}