{"id":107572,"date":"2025-05-17T18:37:09","date_gmt":"2025-05-17T18:37:09","guid":{"rendered":"https:\/\/www.europesays.com\/fr\/107572\/"},"modified":"2025-05-17T18:37:09","modified_gmt":"2025-05-17T18:37:09","slug":"au-festival-de-cannes-michael-youn-et-kev-adams-ont-ose-un-look-calvitie-sur-le-tapis-rouge","status":"publish","type":"post","link":"https:\/\/www.europesays.com\/fr\/107572\/","title":{"rendered":"Au Festival de Cannes, Micha\u00ebl Youn et Kev Adams ont os\u00e9 un look calvitie sur le tapis rouge"},"content":{"rendered":"<p>        <img decoding=\"async\" loading=\"lazy\" src=\"https:\/\/www.europesays.com\/fr\/wp-content\/uploads\/2025\/05\/2c35029_sirius-fs-upload-1-cdavdwzfcwk9-1747504345084-000-474b6g3.jpg\"  width=\"728\" height=\"409\" alt=\"Difficile de passer \u00e0 c\u00f4t\u00e9 du look total d\u00e9garni de Kev Adams et Micha\u00ebl Youn sur le tapis rouge du Festival de Cannes ce samedi 17\u00a0mai.\"\/>  <\/p>\n<p>BERTRAND GUAY \/ AFP<\/p>\n<p>Difficile de passer \u00e0 c\u00f4t\u00e9 du look total d\u00e9garni de Kev Adams et Micha\u00ebl Youn sur le tapis rouge du Festival de Cannes ce samedi 17\u00a0mai.<\/p>\n<p class=\"asset asset-text\">CULTURE &#8211; Qui a dit que la calvitie n\u2019\u00e9tait pas \u00e0 la mode\u00a0? S\u00fbrement pas <a href=\"https:\/\/www.huffingtonpost.fr\/politique\/article\/frederic-falcon-depute-rn-pris-a-partie-par-michael-youn-en-concert-saisit-le-parquet_238776.html\" rel=\"nofollow noopener\" target=\"_blank\">Micha\u00ebl Youn<\/a> et <a href=\"https:\/\/www.huffingtonpost.fr\/culture\/article\/les-films-maison-de-retraite-de-kev-adams-vont-etre-adaptes-en-serie-par-tf1_237021.html\" rel=\"nofollow noopener\" target=\"_blank\">Kev Adams<\/a>. Les deux acteurs \u00e9taient en effet de passage sur la Croisette ce samedi 17\u00a0mai pour promouvoir la sortie d\u2019un film prochainement en salle et o\u00f9 ils partageront le r\u00f4le-titre.<\/p>\n<p class=\"asset asset-text\">\u00c0 cette occasion, Micha\u00ebl Youn et son acolyte humoriste ont fait <a href=\"https:\/\/www.huffingtonpost.fr\/culture\/article\/au-festival-de-cannes-kristen-stewart-monte-les-marches-dans-un-look-tres-swag-en-casquette-et-short_250146.html\" rel=\"nofollow noopener\" target=\"_blank\">la mont\u00e9e des marches<\/a> du film\u00a0Nouvelle Vague, r\u00e9alis\u00e9 par le r\u00e9alisateur am\u00e9ricain <a href=\"https:\/\/www.huffingtonpost.fr\/culture\/article\/le-realisateur-de-boyhood-tourne-sur-12-ans-veut-battre-son-record_150669.html\" rel=\"nofollow noopener\" target=\"_blank\">Richard Linklater<\/a>, avec une mise en sc\u00e8ne\u2026 originale.<\/p>\n<p class=\"asset asset-text\">Comme on peut le voir sur des images de Brut, les deux com\u00e9diens sont arriv\u00e9s devant les photographes en tenue de circonstances pour cette <a href=\"https:\/\/www.huffingtonpost.fr\/culture\/article\/festival-de-cannes-emma-stone-embetee-par-une-abeille-sur-le-tapis-rouge_250140.html\" rel=\"nofollow noopener\" target=\"_blank\">78e \u00e9dition du Festival de Cannes<\/a>. \u00c0 un d\u00e9tail pr\u00e8s, puisque Micha\u00ebl Youn et Kev Adams arboraient l\u2019un comme l\u2019autre une splendide <a href=\"https:\/\/www.huffingtonpost.fr\/life\/article\/pour-les-hommes-chauves-ces-commentaires-sont-vite-pesants_217343.html\" rel=\"nofollow noopener\" target=\"_blank\">calvitie<\/a>. Deux cr\u00e2nes d\u00e9garnis qui leur ont permis de se faire remarquer au milieu des stars en smoking et autres robes de soir\u00e9e.<\/p>\n<p> La lecture de ce contenu est susceptible d\u2019entra\u00eener un d\u00e9p\u00f4t de cookies de la part de l\u2019op\u00e9rateur tiers qui l\u2019h\u00e9berge. Compte-tenu des choix que vous avez exprim\u00e9s en mati\u00e8re de d\u00e9p\u00f4t de cookies, nous avons bloqu\u00e9 l\u2019affichage de ce contenu. Si vous souhaitez y acc\u00e9der, vous devez accepter la cat\u00e9gorie de cookies \u201cContenus tiers\u201d en cliquant sur le bouton ci-dessous. <\/p>\n<p> Lire la Vid\u00e9o        <\/p>\n<p class=\"asset asset-text\">Sourire aux l\u00e8vres, les deux acteurs semblaient d\u2019ailleurs tr\u00e8s fier de leur mise en sc\u00e8ne, \u00e9galement appr\u00e9ci\u00e9e sur Instagram par le groupe PZK, qui avait collabor\u00e9 avec Micha\u00ebl Youn (alias Fatal Bazooka) sur le titre Ce matin va \u00eatre une pure soir\u00e9e en 2010.<\/p>\n<p>                     Coup de com\u2019    <\/p>\n<p class=\"asset asset-text\">L\u2019explication de ce happening\u00a0? Elle est finalement assez simple\u00a0: marquer les esprits avant la sortie du film Comme un \u0153uf, long-m\u00e9trage r\u00e9alis\u00e9 par Camille Delamarre (monteur du film Fatal de Micha\u00ebl Youn en 2010) qui porte sur la <a href=\"https:\/\/www.huffingtonpost.fr\/life\/article\/robbie-williams-decide-d-assumer-sa-calvitie_206227.html\" rel=\"nofollow noopener\" target=\"_blank\">calvitie pr\u00e9coce<\/a>.<\/p>\n<p class=\"asset asset-text\">Une ode aux chauves, pr\u00e9vue pour le 16\u00a0juillet prochain, dans laquelle un jeune trentenaire incarn\u00e9 par Kev Adams se fait larguer par sa compagne lorsqu\u2019elle r\u00e9alise que son partenaire est victime d\u2019une calvitie pr\u00e9coce. De quoi lancer le jeune homme dans une qu\u00eate faite de \u00ab\u00a0traitements chocs et de strat\u00e9gies bancales\u00a0\u00bb pour reconqu\u00e9rir la femme de sa vie. Pour cela, il sera aid\u00e9 par son oncle, incarn\u00e9 par nul autre que Micha\u00ebl Youn, lui-m\u00eame chauve dans le film.<\/p>\n<p class=\"asset asset-text\">De quoi provoquer un double coup de com\u2019 cannois pour Micha\u00ebl Youn, qui avait profit\u00e9 la veille de l\u2019exposition cannoise pour d\u00e9voiler <a href=\"https:\/\/x.com\/Kulturlesite_\/status\/1923352023581270101\" target=\"_blank\" rel=\"noopener nofollow\" title=\"Nouvelle fen\u00eatre\">une premi\u00e8re affiche pour Bazooka<\/a>, suite directe de Fatal, sorti en 2010\u00a0dans nos salles obscures. Une affiche frapp\u00e9e du logo du Festival de Cannes. Le tout accompagn\u00e9 d\u2019une indication plut\u00f4t ironique\u00a0: \u00ab\u00a0Officiellement pas s\u00e9lectionn\u00e9\u00a0\u00bb. Cet autre film avec Micha\u00ebl Youn est pour l\u2019instant attendu pour 2026.<\/p>\n<p class=\"asset asset-text\"><strong>\u00c0 voir \u00e9galement sur Le HuffPost\u00a0: <\/strong><\/p>\n<p> La lecture de ce contenu est susceptible d\u2019entra\u00eener un d\u00e9p\u00f4t de cookies de la part de l\u2019op\u00e9rateur tiers qui l\u2019h\u00e9berge. Compte-tenu des choix que vous avez exprim\u00e9s en mati\u00e8re de d\u00e9p\u00f4t de cookies, nous avons bloqu\u00e9 l\u2019affichage de ce contenu. Si vous souhaitez y acc\u00e9der, vous devez accepter la cat\u00e9gorie de cookies \u201cContenus tiers\u201d en cliquant sur le bouton ci-dessous. <\/p>\n<p> Lire la Vid\u00e9o                <\/p>\n","protected":false},"excerpt":{"rendered":"BERTRAND GUAY \/ AFP Difficile de passer \u00e0 c\u00f4t\u00e9 du look total d\u00e9garni de Kev Adams et Micha\u00ebl&hellip;\n","protected":false},"author":2,"featured_media":107573,"comment_status":"","ping_status":"","sticky":false,"template":"","format":"standard","meta":{"footnotes":""},"categories":[1359],"tags":[22522,251,58,59,5634,8285,1011,27,6787,1313,973,20995],"class_list":{"0":"post-107572","1":"post","2":"type-post","3":"status-publish","4":"format-standard","5":"has-post-thumbnail","7":"category-people","8":"tag-calvitie","9":"tag-culture","10":"tag-divertissement","11":"tag-entertainment","12":"tag-festival-de-cannes","13":"tag-festival-de-cannes-2025","14":"tag-fr","15":"tag-france","16":"tag-kev-adams","17":"tag-michael-youn","18":"tag-people","19":"tag-tapis-rouge"},"share_on_mastodon":{"url":"https:\/\/pubeurope.com\/@fr\/114524628158113881","error":""},"_links":{"self":[{"href":"https:\/\/www.europesays.com\/fr\/wp-json\/wp\/v2\/posts\/107572","targetHints":{"allow":["GET"]}}],"collection":[{"href":"https:\/\/www.europesays.com\/fr\/wp-json\/wp\/v2\/posts"}],"about":[{"href":"https:\/\/www.europesays.com\/fr\/wp-json\/wp\/v2\/types\/post"}],"author":[{"embeddable":true,"href":"https:\/\/www.europesays.com\/fr\/wp-json\/wp\/v2\/users\/2"}],"replies":[{"embeddable":true,"href":"https:\/\/www.europesays.com\/fr\/wp-json\/wp\/v2\/comments?post=107572"}],"version-history":[{"count":0,"href":"https:\/\/www.europesays.com\/fr\/wp-json\/wp\/v2\/posts\/107572\/revisions"}],"wp:featuredmedia":[{"embeddable":true,"href":"https:\/\/www.europesays.com\/fr\/wp-json\/wp\/v2\/media\/107573"}],"wp:attachment":[{"href":"https:\/\/www.europesays.com\/fr\/wp-json\/wp\/v2\/media?parent=107572"}],"wp:term":[{"taxonomy":"category","embeddable":true,"href":"https:\/\/www.europesays.com\/fr\/wp-json\/wp\/v2\/categories?post=107572"},{"taxonomy":"post_tag","embeddable":true,"href":"https:\/\/www.europesays.com\/fr\/wp-json\/wp\/v2\/tags?post=107572"}],"curies":[{"name":"wp","href":"https:\/\/api.w.org\/{rel}","templated":true}]}}