{"id":107574,"date":"2025-05-17T18:38:18","date_gmt":"2025-05-17T18:38:18","guid":{"rendered":"https:\/\/www.europesays.com\/fr\/107574\/"},"modified":"2025-05-17T18:38:18","modified_gmt":"2025-05-17T18:38:18","slug":"le-musee-du-louvre-devoile-les-1001-tresors-des-mamlouks","status":"publish","type":"post","link":"https:\/\/www.europesays.com\/fr\/107574\/","title":{"rendered":"Le mus\u00e9e du Louvre d\u00e9voile les 1001 tr\u00e9sors des Mamlouks"},"content":{"rendered":"<p class=\"editor-content__paragraph\">Pour beaucoup, le nom de <strong>Mamlouk<\/strong> reste bien myst\u00e9rieux\u00a0! \u00c0 moins que subsiste le souvenir d\u2019un lointain cours d\u2019histoire sur Napol\u00e9on, qui les affronta en 1798\u00a0lors de la campagne d\u2019\u00c9gypte\u2026 Coiff\u00e9s de turbans et v\u00eatus de couleurs vives, ces <strong>guerriers raffin\u00e9s<\/strong>, qui maniaient fi\u00e8rement le sabre, le poignard et la lance du haut de leurs destriers richement orn\u00e9s, m\u00e9ritent pourtant d\u2019\u00eatre davantage connus, tant <strong>leur empire<\/strong> a vu na\u00eetre de <strong>cr\u00e9ations \u00e9blouissantes<\/strong>.<\/p>\n<p class=\"editor-content__paragraph\">L\u2019oubli est enfin r\u00e9par\u00e9 avec cette <strong>toute premi\u00e8re exposition en Europe<\/strong> \u00e0 leur \u00eatre consacr\u00e9e (et la deuxi\u00e8me dans le monde, apr\u00e8s celle r\u00e9alis\u00e9e en 1981 \u00e0 Washington), con\u00e7ue par Souraya Noujaim, directrice du d\u00e9partement des arts de l\u2019Islam du Louvre, avec la commissaire scientifique Carine Juvin. Au programme, <strong>260 \u0153uvres et objets rares<\/strong> (certains n\u2019ont m\u00eame jamais \u00e9t\u00e9 pr\u00e9sent\u00e9s au public) issus des collections du Louvre, du mus\u00e9e des Arts d\u00e9coratifs et d\u2019autres institutions prestigieuses.<\/p>\n<p>            <strong>Continuez votre lecture<\/strong><\/p>\n<p>\n                et acc\u00e9dez \u00e0 Beaux Arts Magazine<br \/>et \u00e0 tous les contenus web<br \/><strong>en illimit\u00e9 \u00e0 partir de 5,75\u20ac \/ mois<\/strong>\n            <\/p>\n<p class=\"cta-abonnement__log-in\">\n        D\u00e9j\u00e0 abonn\u00e9 ?        <a data-id=\"aHR0cHM6Ly93d3cuYmVhdXhhcnRzLmNvbS9tb24tY29tcHRlLw==\">Connectez-vous<\/a>\n    <\/p>\n<p>            <img data-vllblanksrc=\"https:\/\/www.beauxarts.com\/expos\/les-1001-tresors-des-mamlouks-devoiles-au-musee-du-louvre\/1\" data-vllsrc=\"https:\/\/www.europesays.com\/fr\/wp-content\/uploads\/2025\/04\/couv-bam-2025-1-232x300.png\" alt=\"\"\/><img data-vllblanksrc=\"https:\/\/www.beauxarts.com\/expos\/les-1001-tresors-des-mamlouks-devoiles-au-musee-du-louvre\/1\" data-vllsrc=\"https:\/\/www.europesays.com\/fr\/wp-content\/uploads\/2025\/04\/couv-bam-490-232x300.png\" alt=\"\"\/>        <\/p>\n","protected":false},"excerpt":{"rendered":"Pour beaucoup, le nom de Mamlouk reste bien myst\u00e9rieux\u00a0! \u00c0 moins que subsiste le souvenir d\u2019un lointain cours&hellip;\n","protected":false},"author":2,"featured_media":107575,"comment_status":"","ping_status":"","sticky":false,"template":"","format":"standard","meta":{"footnotes":""},"categories":[1358],"tags":[14535,1348,1384,1385,1386,58,59,1011,27,3094],"class_list":{"0":"post-107574","1":"post","2":"type-post","3":"status-publish","4":"format-standard","5":"has-post-thumbnail","7":"category-arts-et-design","8":"tag-art-ancien","9":"tag-arts","10":"tag-arts-and-design","11":"tag-arts-et-design","12":"tag-design","13":"tag-divertissement","14":"tag-entertainment","15":"tag-fr","16":"tag-france","17":"tag-musee-du-louvre"},"share_on_mastodon":{"url":"https:\/\/pubeurope.com\/@fr\/114524632124430348","error":""},"_links":{"self":[{"href":"https:\/\/www.europesays.com\/fr\/wp-json\/wp\/v2\/posts\/107574","targetHints":{"allow":["GET"]}}],"collection":[{"href":"https:\/\/www.europesays.com\/fr\/wp-json\/wp\/v2\/posts"}],"about":[{"href":"https:\/\/www.europesays.com\/fr\/wp-json\/wp\/v2\/types\/post"}],"author":[{"embeddable":true,"href":"https:\/\/www.europesays.com\/fr\/wp-json\/wp\/v2\/users\/2"}],"replies":[{"embeddable":true,"href":"https:\/\/www.europesays.com\/fr\/wp-json\/wp\/v2\/comments?post=107574"}],"version-history":[{"count":0,"href":"https:\/\/www.europesays.com\/fr\/wp-json\/wp\/v2\/posts\/107574\/revisions"}],"wp:featuredmedia":[{"embeddable":true,"href":"https:\/\/www.europesays.com\/fr\/wp-json\/wp\/v2\/media\/107575"}],"wp:attachment":[{"href":"https:\/\/www.europesays.com\/fr\/wp-json\/wp\/v2\/media?parent=107574"}],"wp:term":[{"taxonomy":"category","embeddable":true,"href":"https:\/\/www.europesays.com\/fr\/wp-json\/wp\/v2\/categories?post=107574"},{"taxonomy":"post_tag","embeddable":true,"href":"https:\/\/www.europesays.com\/fr\/wp-json\/wp\/v2\/tags?post=107574"}],"curies":[{"name":"wp","href":"https:\/\/api.w.org\/{rel}","templated":true}]}}