{"id":107576,"date":"2025-05-17T18:39:18","date_gmt":"2025-05-17T18:39:18","guid":{"rendered":"https:\/\/www.europesays.com\/fr\/107576\/"},"modified":"2025-05-17T18:39:18","modified_gmt":"2025-05-17T18:39:18","slug":"anneyron-la-vente-de-livres-doccasion-du-lions-club-a-ete-un-succes","status":"publish","type":"post","link":"https:\/\/www.europesays.com\/fr\/107576\/","title":{"rendered":"Anneyron. La vente de livres d\u2019occasion du Lions club a \u00e9t\u00e9 un succ\u00e8s"},"content":{"rendered":"<p>Le Lions club de Saint-Vallier\/Saint-Rambert, en partenariat avec la branche Lions Saint-Vallier\/l\u2019Hermitage Tournonais, a organis\u00e9 une vente de livres d\u2019occasion \u00e0 Anneyron. Cette initiative solidaire a rencontr\u00e9 un beau succ\u00e8s. L\u2019int\u00e9gralit\u00e9 des b\u00e9n\u00e9fices a \u00e9t\u00e9 revers\u00e9e \u00e0 Sauvegarde 26, la maison des enfants, qui \u0153uvre pour l\u2019accueil, la protection et l\u2019accompagnement des enfants en difficult\u00e9. Une journ\u00e9e durant laquelle lecture a rim\u00e9 avec solidarit\u00e9. Cette action a re\u00e7u le soutien de Patricia Boidin, la maire, et de Pascal Molines, champion du monde de p\u00e2tisserie.<\/p>\n","protected":false},"excerpt":{"rendered":"Le Lions club de Saint-Vallier\/Saint-Rambert, en partenariat avec la branche Lions Saint-Vallier\/l\u2019Hermitage Tournonais, a organis\u00e9 une vente de&hellip;\n","protected":false},"author":2,"featured_media":107577,"comment_status":"","ping_status":"","sticky":false,"template":"","format":"standard","meta":{"footnotes":""},"categories":[1357],"tags":[22523,1379,58,2737,59,1011,27,1380,22524,801],"class_list":{"0":"post-107576","1":"post","2":"type-post","3":"status-publish","4":"format-standard","5":"has-post-thumbnail","7":"category-livres","8":"tag-anneyron","9":"tag-books","10":"tag-divertissement","11":"tag-edition-romans-nord-drome","12":"tag-entertainment","13":"tag-fr","14":"tag-france","15":"tag-livres","16":"tag-saint-vallier-et-autour","17":"tag-social"},"share_on_mastodon":{"url":"https:\/\/pubeurope.com\/@fr\/114524636280791338","error":""},"_links":{"self":[{"href":"https:\/\/www.europesays.com\/fr\/wp-json\/wp\/v2\/posts\/107576","targetHints":{"allow":["GET"]}}],"collection":[{"href":"https:\/\/www.europesays.com\/fr\/wp-json\/wp\/v2\/posts"}],"about":[{"href":"https:\/\/www.europesays.com\/fr\/wp-json\/wp\/v2\/types\/post"}],"author":[{"embeddable":true,"href":"https:\/\/www.europesays.com\/fr\/wp-json\/wp\/v2\/users\/2"}],"replies":[{"embeddable":true,"href":"https:\/\/www.europesays.com\/fr\/wp-json\/wp\/v2\/comments?post=107576"}],"version-history":[{"count":0,"href":"https:\/\/www.europesays.com\/fr\/wp-json\/wp\/v2\/posts\/107576\/revisions"}],"wp:featuredmedia":[{"embeddable":true,"href":"https:\/\/www.europesays.com\/fr\/wp-json\/wp\/v2\/media\/107577"}],"wp:attachment":[{"href":"https:\/\/www.europesays.com\/fr\/wp-json\/wp\/v2\/media?parent=107576"}],"wp:term":[{"taxonomy":"category","embeddable":true,"href":"https:\/\/www.europesays.com\/fr\/wp-json\/wp\/v2\/categories?post=107576"},{"taxonomy":"post_tag","embeddable":true,"href":"https:\/\/www.europesays.com\/fr\/wp-json\/wp\/v2\/tags?post=107576"}],"curies":[{"name":"wp","href":"https:\/\/api.w.org\/{rel}","templated":true}]}}