{"id":1075867,"date":"2026-07-20T03:46:27","date_gmt":"2026-07-20T03:46:27","guid":{"rendered":"https:\/\/www.europesays.com\/fr\/1075867\/"},"modified":"2026-07-20T03:46:27","modified_gmt":"2026-07-20T03:46:27","slug":"lunivers-de-la-pop-star-canadienne-grimes-inspire-des-artistes-a-rennes-2","status":"publish","type":"post","link":"https:\/\/www.europesays.com\/fr\/1075867\/","title":{"rendered":"L\u2019univers de la pop star canadienne Grimes inspire des artistes \u00e0 Rennes"},"content":{"rendered":"<p>Voil\u00e0 une vingtaine d\u2019ann\u00e9es qu\u2019\u00c9milie Brout et Maxime Marion, dipl\u00f4m\u00e9s des arts d\u00e9coratifs de Paris, travaillent ensemble. Ils s\u2019int\u00e9ressent aux univers num\u00e9riques, aux usages d\u2019internet et \u00e0 la mani\u00e8re dont les r\u00e9seaux sociaux, le streaming ont une influence sur la fa\u00e7on dont on se construit notre identit\u00e9 et nos \u00e9motions.<\/p>\n<p>Pour <a href=\"https:\/\/rennes.maville.com\/actu\/actudet_-exporama-l-art-contemporain-passe-l-ete-a-rennes-_7-7370393_actu.Htm\" target=\"_self\" rel=\"nofollow noopener\">Exporama<\/a> et le <a href=\"https:\/\/rennes.maville.com\/actu\/actudet_-a-rennes-le-centre-d-art-40mcube-donne-de-la-voix-_52674-7256895_actu.Htm\" target=\"_self\" rel=\"nofollow noopener\">centre d\u2019art 40mcube<\/a>, \u00e0 Rennes\u00a0(Ille-et-Vilaine), ils proposent leur exposition \u00ab\u00a0s3lf.tech\u00a0\u00bb. Ce travail est n\u00e9 d\u2019une r\u00e9sidence au Japon \u00e0 la Villa Kujoyama, o\u00f9 ils ont plong\u00e9 dans l\u2019univers des technologies num\u00e9riques, des mangas, des jeux vid\u00e9o, des cultures de la customisation et des poup\u00e9es articul\u00e9es tr\u00e8s ressemblantes aux humains, r\u00e9pandues dans des communaut\u00e9s assez ferm\u00e9es au Japon, en Cor\u00e9e du Sud et Chine.<\/p>\n<p>Ils ont produit une \u0153uvre entre vid\u00e9o et installation, entre fiction et r\u00e9alit\u00e9, troublante, presque inqui\u00e9tante, autour de l\u2019univers de la pop star canadienne <a href=\"https:\/\/rennes.maville.com\/actu\/actudet_-elon-musk-et-grimes-ont-modifie-le-nom-de-leur-fils-x-ae-a-12-pour-respecter-la-loi-californienne_54135-4112854_actu.Htm\" target=\"_self\" rel=\"nofollow noopener\">Grimes<\/a>, ancienne compagne d\u2019Elon Musk, controvers\u00e9e, grande technophile, qui a connu un vrai succ\u00e8s critique dans les ann\u00e9es 2010.<\/p>\n<p>\t<img decoding=\"async\" src=\"https:\/\/www.europesays.com\/fr\/wp-content\/uploads\/2026\/07\/P36037510D7412575G_px_640_.jpg\" alt=\"photo la vid\u00e9o d\u2019\u00e9milie brout &amp; maxime marion met en sc\u00e8ne dans une vid\u00e9o une vtubeuse appel\u00e9e grim3s, inspir\u00e9e de la popstar canadienne  \u00a9  margot montigny\" width=\"640\" title=\" La vid\u00e9o d\u2019\u00c9milie Brout &amp; Maxime Marion met en sc\u00e8ne dans une vid\u00e9o une Vtubeuse appel\u00e9e Grim3s, inspir\u00e9e de la popstar canadienne   Margot Montigny \" loading=\"lazy\"\/><\/p>\n<p class=\"elmt-legende\"> La vid\u00e9o d\u2019\u00c9milie Brout &amp; Maxime Marion met en sc\u00e8ne dans une vid\u00e9o une Vtubeuse appel\u00e9e Grim3s, inspir\u00e9e de la popstar canadienne   Margot Montigny <\/p>\n<p>Les deux artistes ont r\u00e9alis\u00e9 une vid\u00e9o, un faux live plus vrai que nature, o\u00f9 ils mettent en sc\u00e8ne une Vtubeuse appel\u00e9e Grim3s, sorte de youtubeuse virtuelle qui utilise un avatar g\u00e9n\u00e9r\u00e9 par un logiciel de mod\u00e9lisation 3D et de capture de mouvement, qui ressemble \u00e9trangement \u00e0 la star canadienne. Elle \u00e9change avec ses fans, avec la voix de la vraie Grimes pour leur vanter un interface num\u00e9rique. D\u00e9multiplication de soi, culte de l\u2019\u00e9go, production d\u2019images, capture d\u2019informations\u2026 Cette installation \u00e9trange, d\u00e9stabilisante suscite bien des questionnements et appelle \u00e0 la m\u00e9fiance alors que les images fabriqu\u00e9es ou manipul\u00e9es envahissent nos espaces.<\/p>\n<p>Jusqu\u2019au 19\u00a0d\u00e9cembre 2026 au centre d\u2019art 40mcube \u00e0 Rennes, dans le cadre d\u2019Exporama, du mercredi au samedi, de 14\u00a0h \u00e0 19h, entr\u00e9e libre.<\/p>\n<p>\u00a0<\/p>\n","protected":false},"excerpt":{"rendered":"Voil\u00e0 une vingtaine d\u2019ann\u00e9es qu\u2019\u00c9milie Brout et Maxime Marion, dipl\u00f4m\u00e9s des arts d\u00e9coratifs de Paris, travaillent ensemble. Ils&hellip;\n","protected":false},"author":2,"featured_media":1075772,"comment_status":"","ping_status":"","sticky":false,"template":"","format":"standard","meta":{"footnotes":"","_share_on_mastodon":"0"},"categories":[2821],"tags":[1111,11,2937,829,61666,1777,674,1011,27,111236,42142,12,10044,584,25,3728,974,387],"class_list":["post-1075867","post","type-post","status-publish","format-standard","has-post-thumbnail","category-rennes","tag-actu","tag-actualites","tag-artistes","tag-bretagne","tag-canadienne","tag-eu","tag-europe","tag-fr","tag-france","tag-grimes","tag-inspire","tag-news","tag-pop","tag-rennes","tag-republique-francaise","tag-saint-malo","tag-star","tag-univers"],"share_on_mastodon":{"url":"https:\/\/pubeurope.com\/@fr\/116950255892502399","error":""},"_links":{"self":[{"href":"https:\/\/www.europesays.com\/fr\/wp-json\/wp\/v2\/posts\/1075867","targetHints":{"allow":["GET"]}}],"collection":[{"href":"https:\/\/www.europesays.com\/fr\/wp-json\/wp\/v2\/posts"}],"about":[{"href":"https:\/\/www.europesays.com\/fr\/wp-json\/wp\/v2\/types\/post"}],"author":[{"embeddable":true,"href":"https:\/\/www.europesays.com\/fr\/wp-json\/wp\/v2\/users\/2"}],"replies":[{"embeddable":true,"href":"https:\/\/www.europesays.com\/fr\/wp-json\/wp\/v2\/comments?post=1075867"}],"version-history":[{"count":0,"href":"https:\/\/www.europesays.com\/fr\/wp-json\/wp\/v2\/posts\/1075867\/revisions"}],"wp:featuredmedia":[{"embeddable":true,"href":"https:\/\/www.europesays.com\/fr\/wp-json\/wp\/v2\/media\/1075772"}],"wp:attachment":[{"href":"https:\/\/www.europesays.com\/fr\/wp-json\/wp\/v2\/media?parent=1075867"}],"wp:term":[{"taxonomy":"category","embeddable":true,"href":"https:\/\/www.europesays.com\/fr\/wp-json\/wp\/v2\/categories?post=1075867"},{"taxonomy":"post_tag","embeddable":true,"href":"https:\/\/www.europesays.com\/fr\/wp-json\/wp\/v2\/tags?post=1075867"}],"curies":[{"name":"wp","href":"https:\/\/api.w.org\/{rel}","templated":true}]}}