{"id":107588,"date":"2025-05-17T18:45:17","date_gmt":"2025-05-17T18:45:17","guid":{"rendered":"https:\/\/www.europesays.com\/fr\/107588\/"},"modified":"2025-05-17T18:45:17","modified_gmt":"2025-05-17T18:45:17","slug":"celine-dion-a-leurovision-ce-samedi-soir-le-patron-du-concours-sexprime-a-quelques-heures-de-la-finale","status":"publish","type":"post","link":"https:\/\/www.europesays.com\/fr\/107588\/","title":{"rendered":"C\u00e9line Dion \u00e0 l&rsquo;Eurovision ce samedi soir? Le patron du concours s&rsquo;exprime \u00e0 quelques heures de la finale!"},"content":{"rendered":"<p class=\"ap-StoryElement ap-StoryElement--mb ap-StoryText\">Le myst\u00e8re plane depuis la diffusion pendant la semaine, lors des r\u00e9p\u00e9titions g\u00e9n\u00e9rales, d&rsquo;une vid\u00e9o pr\u00e9-enregistr\u00e9e de la chanteuse, qui souffre d&rsquo;une maladie rare et handicapante. Et la BBC a affirm\u00e9 que son avion priv\u00e9 s&rsquo;\u00e9tait pos\u00e9 \u00e0 B\u00e2le, sans savoir si elle \u00e9tait \u00e0 bord.<\/p>\n<p class=\"ap-StoryElement ap-StoryElement--mb ap-StoryText\">\u00ab\u00a0Les r\u00e9p\u00e9titions se d\u00e9roulent presque comme on peut s&rsquo;y attendre pour un spectacle en direct, mais elles sont constamment modifi\u00e9es\u00a0\u00bb, explique Moritz Stadler, co-producteur ex\u00e9cutif de l&rsquo;Eurovision 2025.<\/p>\n<p><a href=\"https:\/\/www.dhnet.be\/medias\/musique\/2025\/05\/17\/les-rumeurs-se-multiplient-a-leurovision-celine-dion-participera-t-elle-a-la-finale-ce-samedi-WOOAFKH4GRHR3KYSFGZS2ZCSII\/\" target=\"_blank\" rel=\"noopener noreferrer\" class=\"ap-StoryInterstitialLink ap-StoryElement ap-StoryElement--mb\">Les rumeurs se multiplient \u00e0 l&rsquo;Eurovision : C\u00e9line Dion participera-t-elle \u00e0 la finale ce samedi ?<\/a><\/p>\n<p class=\"ap-StoryElement ap-StoryElement--mb ap-StoryText\">La veille, un porte-parole de l&rsquo;organisation avait indiqu\u00e9 \u00e0 l&rsquo;AFP : \u00ab\u00a0Nous sommes toujours en contact avec C\u00e9line Dion. Comme toujours, sa sant\u00e9 reste notre priorit\u00e9 absolue\u00a0\u00bb.<\/p>\n<p class=\"ap-StoryElement ap-StoryElement--mb ap-StoryText\">Le tablo\u00efd suisse Blick est plus affirmatif, la star sera l\u00e0. \u00ab\u00a0Selon les informations du Blick, tout porte \u00e0 croire \u00e0 une apparition de la l\u00e9gende de la musique lors de la grande finale\u00a0\u00bb, peut-on lire sur la page web. Le conducteur du spectacle ne serait plus disponible pour tout le personnel et la vid\u00e9o de C\u00e9line Dion ne s&rsquo;y trouverait plus, ce qui selon le quotidien serait \u00ab\u00a0une indication que le clip diffus\u00e9 pendant les r\u00e9p\u00e9titions a \u00e9t\u00e9 remplac\u00e9 par une performance de Dion\u00a0\u00bb.<\/p>\n<p>\u00ab\u00a0Ne partez pas sans elle\u00a0\u00bb<\/p>\n<p class=\"ap-StoryElement ap-StoryElement--mb ap-StoryText\">Ic\u00f4ne mondiale de la musique, la Qu\u00e9b\u00e9coise de 57 ans n&rsquo;a pas oubli\u00e9 que c&rsquo;est l&rsquo;Eurovision qui a lanc\u00e9 sa carri\u00e8re internationale.<\/p>\n<p class=\"ap-StoryElement ap-StoryElement--mb ap-StoryText\">En 1988, la Suisse l&rsquo;avait choisie pour interpr\u00e9ter \u00ab\u00a0Ne partez pas sans moi\u00a0\u00bb \u00e0 Dublin. Elle n&rsquo;avait que vingt ans et emportait le troph\u00e9e, deux ans avant son premier album en anglais \u00ab\u00a0Unison\u00a0\u00bb.<\/p>\n<p><a href=\"https:\/\/www.dhnet.be\/medias\/musique\/2025\/05\/16\/eurovision-une-machine-a-cash-au-budget-colossal-qui-peut-rapporter-plusieurs-millions-deuros-PIWYHT42E5HFFEUFESEPY67VEE\/\" target=\"_blank\" rel=\"noopener noreferrer\" class=\"ap-StoryInterstitialLink ap-StoryElement ap-StoryElement--mb\">Eurovision : une machine \u00e0 cash au budget colossal\u2026 qui peut rapporter plusieurs millions d&rsquo;euros<\/a><\/p>\n<p class=\"ap-StoryElement ap-StoryElement--mb ap-StoryText\">La star internationale a r\u00e9v\u00e9l\u00e9 en d\u00e9cembre 2022 avoir \u00e9t\u00e9 diagnostiqu\u00e9e du syndrome de la personne raide, une maladie auto-immune. Il n&rsquo;y a pas de rem\u00e8de contre cette pathologie, qui est progressive, mais un traitement peut aider \u00e0 en contr\u00f4ler les sympt\u00f4mes.<\/p>\n<p class=\"ap-StoryElement ap-StoryElement--mb ap-StoryText\">Contrainte d&rsquo;annuler une s\u00e9rie de spectacles pr\u00e9vus pour 2023 et 2024, se disant trop faible pour partir en tourn\u00e9e, elle a fait son grand retour \u00e0 l&rsquo;\u00e9t\u00e9 2024 lors de la c\u00e9r\u00e9monie d&rsquo;ouverture des Jeux olympiques de Paris.<\/p>\n<p class=\"ap-StoryElement ap-StoryElement--mb ap-StoryText\">Au premier \u00e9tage de la tour Eiffel, en robe de soie blanche, elle a interpr\u00e9t\u00e9 \u00ab\u00a0L&rsquo;hymne \u00e0 l&rsquo;amour\u00a0\u00bb, la chanson iconique d&rsquo;\u00c9dith Piaf. Sa premi\u00e8re performance en quatre ans et l&rsquo;un des moments forts de la c\u00e9r\u00e9monie.<\/p>\n<p class=\"ap-StoryElement ap-StoryElement--mb ap-StoryText\">rjm-vog\/apo\/cls<\/p>\n","protected":false},"excerpt":{"rendered":"Le myst\u00e8re plane depuis la diffusion pendant la semaine, lors des r\u00e9p\u00e9titions g\u00e9n\u00e9rales, d&rsquo;une vid\u00e9o pr\u00e9-enregistr\u00e9e de la&hellip;\n","protected":false},"author":2,"featured_media":107589,"comment_status":"","ping_status":"","sticky":false,"template":"","format":"standard","meta":{"footnotes":""},"categories":[8],"tags":[574,7043,6860,58,22526,21778,59,2399,1011,27,22525,873,22527,3067,2713,252],"class_list":{"0":"post-107588","1":"post","2":"type-post","3":"status-publish","4":"format-standard","5":"has-post-thumbnail","7":"category-divertissement","8":"tag-canada","9":"tag-celine-dion","10":"tag-dion","11":"tag-divertissement","12":"tag-edith-piaf","13":"tag-elie-saab","14":"tag-entertainment","15":"tag-eurovision","16":"tag-fr","17":"tag-france","18":"tag-martin-green","19":"tag-musique","20":"tag-sandra-studer","21":"tag-suisse","22":"tag-taylor-swift","23":"tag-television"},"share_on_mastodon":{"url":"https:\/\/pubeurope.com\/@fr\/114524659653897134","error":""},"_links":{"self":[{"href":"https:\/\/www.europesays.com\/fr\/wp-json\/wp\/v2\/posts\/107588","targetHints":{"allow":["GET"]}}],"collection":[{"href":"https:\/\/www.europesays.com\/fr\/wp-json\/wp\/v2\/posts"}],"about":[{"href":"https:\/\/www.europesays.com\/fr\/wp-json\/wp\/v2\/types\/post"}],"author":[{"embeddable":true,"href":"https:\/\/www.europesays.com\/fr\/wp-json\/wp\/v2\/users\/2"}],"replies":[{"embeddable":true,"href":"https:\/\/www.europesays.com\/fr\/wp-json\/wp\/v2\/comments?post=107588"}],"version-history":[{"count":0,"href":"https:\/\/www.europesays.com\/fr\/wp-json\/wp\/v2\/posts\/107588\/revisions"}],"wp:featuredmedia":[{"embeddable":true,"href":"https:\/\/www.europesays.com\/fr\/wp-json\/wp\/v2\/media\/107589"}],"wp:attachment":[{"href":"https:\/\/www.europesays.com\/fr\/wp-json\/wp\/v2\/media?parent=107588"}],"wp:term":[{"taxonomy":"category","embeddable":true,"href":"https:\/\/www.europesays.com\/fr\/wp-json\/wp\/v2\/categories?post=107588"},{"taxonomy":"post_tag","embeddable":true,"href":"https:\/\/www.europesays.com\/fr\/wp-json\/wp\/v2\/tags?post=107588"}],"curies":[{"name":"wp","href":"https:\/\/api.w.org\/{rel}","templated":true}]}}