{"id":107596,"date":"2025-05-17T18:49:08","date_gmt":"2025-05-17T18:49:08","guid":{"rendered":"https:\/\/www.europesays.com\/fr\/107596\/"},"modified":"2025-05-17T18:49:08","modified_gmt":"2025-05-17T18:49:08","slug":"les-deputes-approuvent-la-creation-dun-droit-a-laide-a-mourir","status":"publish","type":"post","link":"https:\/\/www.europesays.com\/fr\/107596\/","title":{"rendered":"les d\u00e9put\u00e9s approuvent la cr\u00e9ation d\u2019un droit \u00e0 l\u2019aide \u00e0 mourir"},"content":{"rendered":"<p>                             Par Le Figaro avec AFP<\/p>\n<p>                Il y a 1 heure<\/p>\n<p>\u00a0\u00bb<br \/>\n        data-script=\u00a0\u00bbhttps:\/\/static.lefigaro.fr\/widget-video\/short-ttl\/video\/index.js\u00a0\u00bb<br \/>\n    &gt;<\/p>\n<p class=\"fig-paragraph\">Les d\u00e9put\u00e9s ont approuv\u00e9 samedi la cr\u00e9ation d&rsquo;un\u00a0<a href=\"http:\/\/www.lefigaro.fr\/actualite-france\/fin-de-vie-apres-une-semaine-de-debats-les-deputes-abordent-le-sujet-delicat-de-l-aide-active-a-mourir-20250516\" data-fig-type=\"Article\" data-gtm-custom-categorie=\"navigation\" data-gtm-custom-action=\"crossclick\" data-gtm-custom-label=\"Contextuel\" data-gtm-event=\"customEventSPE\" data-fig-domain=\"LEFIGARO\" target=\"_blank\" rel=\"noopener\">droit \u00e0 l&rsquo;aide \u00e0 mourir<\/a>, en r\u00e9tablissant le principe de l&rsquo;auto-administration de la substance l\u00e9tale, lors de l\u2019examen samedi de la proposition de loi d\u2019Olivier Falorni.<\/p>\n<p class=\"fig-paragraph\">L\u2019h\u00e9micycle est revenu sur la version adopt\u00e9e en commission, qui accordait \u00e0 la personne souhaitant recourir \u00e0 l\u2019aide \u00e0 mourir la libert\u00e9 de choisir entre auto-administration du produit l\u00e9tal et administration par un m\u00e9decin ou un infirmier. Seule une personne dans l\u2019incapacit\u00e9 physique de s\u2019administrer elle-m\u00eame le produit pourra b\u00e9n\u00e9ficier de l\u2019aide d\u2019un soignant. Un vote sur l\u2019ensemble du texte est pr\u00e9vu le 27 mai.<\/p>\n<p class=\"fig-paragraph\">Plus d\u2019informations \u00e0 venir&#8230;<\/p>\n","protected":false},"excerpt":{"rendered":"Par Le Figaro avec AFP Il y a 1 heure \u00a0\u00bb data-script=\u00a0\u00bbhttps:\/\/static.lefigaro.fr\/widget-video\/short-ttl\/video\/index.js\u00a0\u00bb &gt; Les d\u00e9put\u00e9s ont approuv\u00e9 samedi&hellip;\n","protected":false},"author":2,"featured_media":107597,"comment_status":"","ping_status":"","sticky":false,"template":"","format":"standard","meta":{"footnotes":""},"categories":[4],"tags":[1111,47,11,1109,1112,118,1108,107,7977,1106,1107,1011,27,1110,1114,14,12,1113,316,25],"class_list":{"0":"post-107596","1":"post","2":"type-post","3":"status-publish","4":"format-standard","5":"has-post-thumbnail","7":"category-france","8":"tag-actu","9":"tag-actualite","10":"tag-actualites","11":"tag-breves","12":"tag-depeches","13":"tag-faits-divers","14":"tag-fil","15":"tag-fil-info","16":"tag-fin-de-vie","17":"tag-flash","18":"tag-flash-actu","19":"tag-fr","20":"tag-france","21":"tag-informations","22":"tag-infos","23":"tag-international","24":"tag-news","25":"tag-nouvelles","26":"tag-politique","27":"tag-republique-francaise"},"share_on_mastodon":{"url":"https:\/\/pubeurope.com\/@fr\/114524675460364379","error":""},"_links":{"self":[{"href":"https:\/\/www.europesays.com\/fr\/wp-json\/wp\/v2\/posts\/107596","targetHints":{"allow":["GET"]}}],"collection":[{"href":"https:\/\/www.europesays.com\/fr\/wp-json\/wp\/v2\/posts"}],"about":[{"href":"https:\/\/www.europesays.com\/fr\/wp-json\/wp\/v2\/types\/post"}],"author":[{"embeddable":true,"href":"https:\/\/www.europesays.com\/fr\/wp-json\/wp\/v2\/users\/2"}],"replies":[{"embeddable":true,"href":"https:\/\/www.europesays.com\/fr\/wp-json\/wp\/v2\/comments?post=107596"}],"version-history":[{"count":0,"href":"https:\/\/www.europesays.com\/fr\/wp-json\/wp\/v2\/posts\/107596\/revisions"}],"wp:featuredmedia":[{"embeddable":true,"href":"https:\/\/www.europesays.com\/fr\/wp-json\/wp\/v2\/media\/107597"}],"wp:attachment":[{"href":"https:\/\/www.europesays.com\/fr\/wp-json\/wp\/v2\/media?parent=107596"}],"wp:term":[{"taxonomy":"category","embeddable":true,"href":"https:\/\/www.europesays.com\/fr\/wp-json\/wp\/v2\/categories?post=107596"},{"taxonomy":"post_tag","embeddable":true,"href":"https:\/\/www.europesays.com\/fr\/wp-json\/wp\/v2\/tags?post=107596"}],"curies":[{"name":"wp","href":"https:\/\/api.w.org\/{rel}","templated":true}]}}