{"id":1076005,"date":"2026-07-20T05:23:31","date_gmt":"2026-07-20T05:23:31","guid":{"rendered":"https:\/\/www.europesays.com\/fr\/1076005\/"},"modified":"2026-07-20T05:23:31","modified_gmt":"2026-07-20T05:23:31","slug":"marseille-ville-preferee-des-francais-devant-paris","status":"publish","type":"post","link":"https:\/\/www.europesays.com\/fr\/1076005\/","title":{"rendered":"Marseille, \u00ab\u00a0ville pr\u00e9f\u00e9r\u00e9e des Fran\u00e7ais\u00a0\u00bb devant Paris"},"content":{"rendered":"<p>Sur le Vieux-Port avec leur valise, Benjamin et Flavie sont arriv\u00e9s \u00e0 Marseille il y a une dizaine de minutes pour passer le week-end. Lui conna\u00eet la ville. \u00ab\u00a0Authentique, sans pression, o\u00f9 il fait bon vivre\u00a0\u00bb, r\u00e9sume cet \u00e9tudiant en commerce parisien. Elle, non, mais se risque\u00a0: \u00ab\u00a0Bonne ambiance, chaleureuse. Et rebelle\u2026\u00a0\u00bb, devine la jeune femme, \u00ab\u00a0en finance\u00a0\u00bb. C\u2019est tout le paradoxe de Marseille\u00a0: \u00ab\u00a0On sait pourquoi on y va m\u00eame si c\u2019est la premi\u00e8re fois. Car la ville a une r\u00e9putation qui la pr\u00e9c\u00e8de, exactement comme Naples ou Barcelone\u00a0\u00bb, croit Giuseppe, un touriste venu avec sa famille de Venise. Les chiffres lui donnent raison\u00a0: d\u2019apr\u00e8s Booking, plateforme de r\u00e9servation de logements, la cit\u00e9 phoc\u00e9enne se hisse \u00e0 la 1re place des villes fran\u00e7aises les plus demand\u00e9es en juillet\u00a02026.<\/p>\n<p>Marseille, \u00ab\u00a0destination pr\u00e9f\u00e9r\u00e9e des Fran\u00e7ais\u00a0\u00bb<\/p>\n<p>Le mois avait \u00e0 peine commenc\u00e9 que d\u00e9j\u00e0, 60\u00a0000 spectateurs se pressaient au V\u00e9lodrome pour <a href=\"https:\/\/www.laprovence.com\/article\/culture-loisirs\/13714206208543\/bad-bunny-a-marseille-du-concert-a-la-fete-geante-dans-un-vel-bouillant\" target=\"_self\" rel=\"nofollow noopener\">assister au concert de Bad<\/a>\u00a0<a href=\"https:\/\/www.laprovence.com\/article\/culture-loisirs\/13714206208543\/bad-bunny-a-marseille-du-concert-a-la-fete-geante-dans-un-vel-bouillant\" target=\"_self\" rel=\"nofollow noopener\">Bunny<\/a>. Le chanteur de Porto\u00a0Rico a contribu\u00e9 \u00e0 faire exploser les r\u00e9servations de trains (+\u00a0167% depuis Lyon, 138% depuis Paris) et les recherches de s\u00e9jours sur Airbnb. Une hausse de 61% par rapport \u00e0 l\u2019an dernier, port\u00e9es par la France (70%),&#8230;<\/p>\n","protected":false},"excerpt":{"rendered":"Sur le Vieux-Port avec leur valise, Benjamin et Flavie sont arriv\u00e9s \u00e0 Marseille il y a une dizaine&hellip;\n","protected":false},"author":2,"featured_media":1076006,"comment_status":"","ping_status":"","sticky":false,"template":"","format":"standard","meta":{"footnotes":"","_share_on_mastodon":"0"},"categories":[1888],"tags":[5734,3629,1111,1928,11,1927,111267,154,1777,674,1011,27,22020,12,1926,626,1925,41081,16,25,1115,9066],"class_list":["post-1076005","post","type-post","status-publish","format-standard","has-post-thumbnail","category-paris","tag-5734","tag-3629","tag-actu","tag-actu-paris","tag-actualites","tag-actualites-paris","tag-doccupation","tag-des","tag-eu","tag-europe","tag-fr","tag-france","tag-hotels","tag-news","tag-news-paris","tag-paris","tag-paris-news","tag-proche","tag-region","tag-republique-francaise","tag-taux","tag-un"],"share_on_mastodon":{"url":"https:\/\/pubeurope.com\/@fr\/116950637389901967","error":""},"_links":{"self":[{"href":"https:\/\/www.europesays.com\/fr\/wp-json\/wp\/v2\/posts\/1076005","targetHints":{"allow":["GET"]}}],"collection":[{"href":"https:\/\/www.europesays.com\/fr\/wp-json\/wp\/v2\/posts"}],"about":[{"href":"https:\/\/www.europesays.com\/fr\/wp-json\/wp\/v2\/types\/post"}],"author":[{"embeddable":true,"href":"https:\/\/www.europesays.com\/fr\/wp-json\/wp\/v2\/users\/2"}],"replies":[{"embeddable":true,"href":"https:\/\/www.europesays.com\/fr\/wp-json\/wp\/v2\/comments?post=1076005"}],"version-history":[{"count":0,"href":"https:\/\/www.europesays.com\/fr\/wp-json\/wp\/v2\/posts\/1076005\/revisions"}],"wp:featuredmedia":[{"embeddable":true,"href":"https:\/\/www.europesays.com\/fr\/wp-json\/wp\/v2\/media\/1076006"}],"wp:attachment":[{"href":"https:\/\/www.europesays.com\/fr\/wp-json\/wp\/v2\/media?parent=1076005"}],"wp:term":[{"taxonomy":"category","embeddable":true,"href":"https:\/\/www.europesays.com\/fr\/wp-json\/wp\/v2\/categories?post=1076005"},{"taxonomy":"post_tag","embeddable":true,"href":"https:\/\/www.europesays.com\/fr\/wp-json\/wp\/v2\/tags?post=1076005"}],"curies":[{"name":"wp","href":"https:\/\/api.w.org\/{rel}","templated":true}]}}