{"id":107609,"date":"2025-05-17T18:58:10","date_gmt":"2025-05-17T18:58:10","guid":{"rendered":"https:\/\/www.europesays.com\/fr\/107609\/"},"modified":"2025-05-17T18:58:10","modified_gmt":"2025-05-17T18:58:10","slug":"la-culture-locale-sort-de-lombre-avec-passrel","status":"publish","type":"post","link":"https:\/\/www.europesays.com\/fr\/107609\/","title":{"rendered":"la culture locale sort de l\u2019ombre avec Passrel"},"content":{"rendered":"<p>            Par<br \/>\n        <strong><br \/>\n            <a href=\"https:\/\/actu.fr\/auteur\/lea-pippinato\" title=\"Consulter tous les articles de L\u00e9a Pippinato\" target=\"_blank\" rel=\"noopener\">L\u00e9a Pippinato<\/a><br \/>\n        <\/strong><\/p>\n<p>        Publi\u00e9 le<\/p>\n<p>            17 mai 2025 \u00e0 20h46        <\/p>\n<p>\u00ab\u00a0Ce gars-l\u00e0 r\u00e9novait ma cuisine. J\u2019ai d\u00e9couvert qu\u2019il peignait. Trois semaines plus tard, il vendait toutes ses toiles dans une expo.\u00a0\u00bb Passrel, c\u2019est d\u2019abord une histoire personnelle. Celle de Lucien, montpelli\u00e9rain issu d\u2019une famille baign\u00e9e dans l\u2019art. Un grand-p\u00e8re musicien, une m\u00e8re peintre, des ann\u00e9es au JAM, \u00e9cole de jazz locale, et un groupe de rock adolescent qui \u00e9cume les sc\u00e8nes de la ville. \u00ab\u00a0\u00c0 l\u2019\u00e9poque, on tractait dans la rue, on se produisait dans tous les bars. Il y avait une vraie vie culturelle, spontan\u00e9e, de proximit\u00e9.\u00a0\u00bb<\/p>\n<p class=\" wall-content\"><strong>D\u00e9couvrez la vid\u00e9o \u00ab\u00a0Pitch\u00a0\u00bb de Passrel sur notre <a href=\"https:\/\/www.instagram.com\/metropolitainfr\/?next=%2F\" target=\"_blank\" rel=\"noopener\">Instagram<\/a> :\u00a0<\/strong><\/p>\n<p class=\" wall-content\"><a href=\"https:\/\/www.instagram.com\/p\/DJmPsQas3PH\/embed\" title=\"Ouvrir le lien sur Instagram\" target=\"_blank\" rel=\"noopener\">Visualiser le contenu sur Instagram<\/a><\/p>\n<p class=\" wall-content\">Aujourd\u2019hui, ce monde a chang\u00e9. La pand\u00e9mie, les attentats et les r\u00e9glementations ont refroidi les initiatives culturelles. \u00ab\u00a0On sent que la culture a d\u00e9sert\u00e9 la rue. Elle est enferm\u00e9e dans les grandes salles, parfois ch\u00e8res, souvent lointaines.\u00a0\u00bb Avec Hugo, d\u00e9veloppeur web, et leurs conjointes respectives, Lucien imagine une solution : une plateforme qui recr\u00e9e du lien entre les artistes, les lieux et le public. Une passerelle, donc. Ou plut\u00f4t Passrel.<\/p>\n<p class=\" wall-content\"><strong>Lanc\u00e9e il y a quatre mois<\/strong>, Passrel est un outil gratuit o\u00f9 artistes et lieux peuvent cr\u00e9er un profil. Ce mini-site leur permet de pr\u00e9senter leur travail, d\u2019\u00e9changer via une messagerie interne, de publier des \u00e9v\u00e9nements et de les partager facilement. Hugo r\u00e9sume : \u00ab\u00a0On a pens\u00e9 un outil \u00e0 simple, \u00e9volutif, enti\u00e8rement d\u00e9di\u00e9 \u00e0 la culture. Les profils peuvent int\u00e9grer photos, vid\u00e9os, musique, biographie\u2026 C\u2019est aussi une carte de visite.\u00a0\u00bb Mais la plateforme ne s\u2019arr\u00eate pas \u00e0 la mise en relation. Chaque \u00e9v\u00e9nement doit \u00eatre valid\u00e9 par un artiste pour \u00e9viter que le site ne soit d\u00e9tourn\u00e9 \u00e0 des fins purement commerciales.<\/p>\n<p>Un maillage culturel micro-local<\/p>\n<p class=\" wall-content\">Pour son lancement, Passrel se concentre sur Montpellier. Et les premiers r\u00e9sultats sont l\u00e0 : pr\u00e8s de <strong>200 artistes<\/strong>, plus de <strong>25 lieux partenaires<\/strong>, dont des caf\u00e9s, restaurants et m\u00eame des boulangeries. Parmi eux, l\u2019Irish Tavern dans le quartier des Beaux-Arts, connu pour ses open mics. \u00ab\u00a0Ils ont un piano, une guitare \u00e0 disposition. Ils nous ont dit vouloir attirer plus de monde avec ce genre de rendez-vous. C\u2019est exactement notre but.\u00a0\u00bb Gr\u00e2ce \u00e0 la plateforme, certains artistes se rencontrent, collaborent, montent des projets communs. \u00ab\u00a0On a vu un street-artist s\u2019associer \u00e0 un photographe. Un vid\u00e9aste a commenc\u00e9 \u00e0 tourner des clips pour un musicien. C\u2019est cette effervescence qu\u2019on cherche.\u00a0\u00bb Passrel organise aussi ses propres \u00e9v\u00e9nements. Les fondateurs identifient des lieux int\u00e9ress\u00e9s, leur proposent des artistes adapt\u00e9s, construisent une programmation autour d\u2019un cr\u00e9neau strat\u00e9gique.<\/p>\n<p class=\" wall-content\">Un syst\u00e8me de mise en lumi\u00e8re permet au public de valoriser les artistes, lieux ou \u00e9v\u00e9nements qu\u2019il aime. Un classement se forme naturellement, mais reste secondaire. \u00ab\u00a0Par d\u00e9faut, les profils s\u2019affichent de mani\u00e8re al\u00e9atoire. On voulait que chacun ait sa chance, peu importe sa notori\u00e9t\u00e9.\u00a0\u00bb L\u2019objectif final ? S\u2019implanter durablement \u00e0 Montpellier, puis essaimer ville par ville.<\/p>\n<p>Vid\u00e9os : en ce moment sur Actu<\/p>\n<p class=\" wall-content\">Suivez toute l\u2019actualit\u00e9 de vos villes et m\u00e9dias favoris en vous inscrivant \u00e0 <a href=\"https:\/\/moncompte.actu.fr\" title=\"D\u00e9couvez Mon Actu\" rel=\"nofollow noopener\" data-trk=\"{&quot;cta&quot;:{&quot;action&quot;:&quot;https:\\\/\\\/moncompte.actu.fr&quot;,&quot;category&quot;:&quot;mon compte&quot;,&quot;from&quot;:&quot;article footer&quot;,&quot;name&quot;:&quot;Mon actu&quot;,&quot;type&quot;:&quot;cta&quot;}}\" target=\"_blank\">Mon Actu<\/a>.<\/p>\n<p>                    <script async src=\"\/\/www.instagram.com\/embed.js\"><\/script><\/p>\n","protected":false},"excerpt":{"rendered":"Par L\u00e9a Pippinato Publi\u00e9 le 17 mai 2025 \u00e0 20h46 \u00ab\u00a0Ce gars-l\u00e0 r\u00e9novait ma cuisine. J\u2019ai d\u00e9couvert qu\u2019il&hellip;\n","protected":false},"author":2,"featured_media":107610,"comment_status":"","ping_status":"","sticky":false,"template":"","format":"standard","meta":{"footnotes":""},"categories":[9599],"tags":[1111,11,1777,674,1011,27,5701,1652,2208,873,12,2680,25,938],"class_list":{"0":"post-107609","1":"post","2":"type-post","3":"status-publish","4":"format-standard","5":"has-post-thumbnail","7":"category-montpellier","8":"tag-actu","9":"tag-actualites","10":"tag-eu","11":"tag-europe","12":"tag-fr","13":"tag-france","14":"tag-innovation","15":"tag-loisirs-culture","16":"tag-montpellier","17":"tag-musique","18":"tag-news","19":"tag-occitanie","20":"tag-republique-francaise","21":"tag-reseaux-sociaux"},"share_on_mastodon":{"url":"https:\/\/pubeurope.com\/@fr\/114524710677860781","error":""},"_links":{"self":[{"href":"https:\/\/www.europesays.com\/fr\/wp-json\/wp\/v2\/posts\/107609","targetHints":{"allow":["GET"]}}],"collection":[{"href":"https:\/\/www.europesays.com\/fr\/wp-json\/wp\/v2\/posts"}],"about":[{"href":"https:\/\/www.europesays.com\/fr\/wp-json\/wp\/v2\/types\/post"}],"author":[{"embeddable":true,"href":"https:\/\/www.europesays.com\/fr\/wp-json\/wp\/v2\/users\/2"}],"replies":[{"embeddable":true,"href":"https:\/\/www.europesays.com\/fr\/wp-json\/wp\/v2\/comments?post=107609"}],"version-history":[{"count":0,"href":"https:\/\/www.europesays.com\/fr\/wp-json\/wp\/v2\/posts\/107609\/revisions"}],"wp:featuredmedia":[{"embeddable":true,"href":"https:\/\/www.europesays.com\/fr\/wp-json\/wp\/v2\/media\/107610"}],"wp:attachment":[{"href":"https:\/\/www.europesays.com\/fr\/wp-json\/wp\/v2\/media?parent=107609"}],"wp:term":[{"taxonomy":"category","embeddable":true,"href":"https:\/\/www.europesays.com\/fr\/wp-json\/wp\/v2\/categories?post=107609"},{"taxonomy":"post_tag","embeddable":true,"href":"https:\/\/www.europesays.com\/fr\/wp-json\/wp\/v2\/tags?post=107609"}],"curies":[{"name":"wp","href":"https:\/\/api.w.org\/{rel}","templated":true}]}}