{"id":10761,"date":"2025-04-08T17:31:14","date_gmt":"2025-04-08T17:31:14","guid":{"rendered":"https:\/\/www.europesays.com\/fr\/10761\/"},"modified":"2025-04-08T17:31:14","modified_gmt":"2025-04-08T17:31:14","slug":"jaurais-aime-quil-soit-present","status":"publish","type":"post","link":"https:\/\/www.europesays.com\/fr\/10761\/","title":{"rendered":"J\u2019aurais aim\u00e9 qu\u2019il soit pr\u00e9sent"},"content":{"rendered":"<p>Dans le 6e \u00e9pisode de Mari\u00e9s au premier regard 2025 diffus\u00e9 ce lundi 7 avril sur M6, Guillaume, compatible \u00e0 77 % avec Sophie, a rencontr\u00e9 la famille de sa future \u00e9pouse. Un moment riche en \u00e9motions pour le trentenaire qui a perdu son papa il y a quelques ann\u00e9es.<\/p>\n<p>Ce lundi 7 avril, les t\u00e9l\u00e9spectateurs de <a href=\"https:\/\/www.programme-tv.net\/news\/tele-realite\/371158-maries-au-premier-regard-2025-date-de-diffusion-deux-expertes-nouveautes-les-premieres-infos-sur-la-saison-9\/\" data-api-deeplink=\"teleloisirs:\/\/news\/371158\" target=\"_blank\" rel=\"noopener\">Mari\u00e9s au premier regard<\/a> ont pu d\u00e9couvrir la c\u00e9r\u00e9monie de mariage de Guillaume et Sophie, l&rsquo;un des couples de cette saison 9. Les deux candidats, tr\u00e8s stress\u00e9s par l&rsquo;exp\u00e9rience, ont pu <a href=\"https:\/\/www.programme-tv.net\/news\/tele-realite\/374206-du-jamais-vu-dans-maries-au-premier-regard-sophie-va-pouvoir-rencontrer-son-futur-mari-avant-le-mariage-d-une-maniere-totalement-inedite\/\" data-api-deeplink=\"teleloisirs:\/\/news\/374206\" target=\"_blank\" rel=\"noopener\">se d\u00e9couvrir en avant-premi\u00e8re par le toucher<\/a>, mais les yeux band\u00e9s, plusieurs jours avant leur d\u00e9part \u00e0 Gibraltar. Sophie, <a href=\"https:\/\/www.programme-tv.net\/news\/tele-realite\/374798-sophie-maries-au-premier-regard-est-deja-apparue-dans-une-celebre-emission-de-tele-realite-decouvrez-laquelle\/\" data-api-deeplink=\"teleloisirs:\/\/news\/374798\" target=\"_blank\" rel=\"noopener\">d\u00e9j\u00e0 apparue dans une autre \u00e9mission<\/a>, a donc pu \u00eatre <b>rassur\u00e9e par ce premier contact<\/b>. Lors du sixi\u00e8me \u00e9pisode diffus\u00e9 sur M6, les fans du programme ont d\u00e9couvert leur c\u00e9r\u00e9monie de mariage.<\/p>\n<p>\u00ab\u00a0Il m\u2019aurait donn\u00e9 sa b\u00e9n\u00e9diction\u00a0\u00bb : Guillaume tr\u00e8s \u00e9mu en repensant \u00e0 son p\u00e8re dans Mari\u00e9s au premier regard 2025<\/p>\n<p>Une fois devant l&rsquo;autel, Guillaume a rencontr\u00e9 Pierre, le p\u00e8re de Sophie, qui s&rsquo;est avanc\u00e9 jusqu&rsquo;\u00e0 l&rsquo;assembl\u00e9e. Un moment riche en \u00e9motions pour <a href=\"https:\/\/www.programme-tv.net\/news\/tele-realite\/375002-ce-n-est-pas-parce-que-je-fais-jeune-guillaume-maries-au-premier-regard-repond-aux-critiques-sur-sa-difference-d-age-avec-sophie\/\" data-api-deeplink=\"teleloisirs:\/\/news\/375002\" target=\"_blank\" rel=\"noopener\">le Montpelli\u00e9rain de 35 ans<\/a>. \u00ab\u00a0Mon p\u00e8re est d\u00e9c\u00e9d\u00e9 il y a trois ans. <b>J\u2019aurais aim\u00e9 qu\u2019il soit pr\u00e9sent<\/b>\u00ab\u00a0, a expliqu\u00e9 l&rsquo;agent immobilier, les larmes aux yeux. \u00ab\u00a0Il m\u2019aurait donn\u00e9 sa b\u00e9n\u00e9diction et il m\u2019aurait dit &lsquo;profite de la vie, m\u00eame si \u00e7a ne marche pas c\u2019est pas grave&rsquo;. Et du coup, <b>je suis stress\u00e9 un peu pour cette rencontre<\/b>\u00ab\u00a0, a-t-il ajout\u00e9. Pierre, le papa de Sophie s\u2019est ensuite pr\u00e9sent\u00e9 et a encha\u00een\u00e9 quelques pas de danse avec un large sourire. \u00ab\u00a0Je vois le papa, \u00e7a se voit qu&rsquo;il a la joie de vivre. Il ne se prend pas la t\u00eate, il vit sa vie. Mon p\u00e8re \u00e9tait comme \u00e7a, jeune dans sa t\u00eate. J&rsquo;ai repens\u00e9 \u00e0 lui tout de suite, c&rsquo;est dommage parce qu&rsquo;ils se seraient trop bien entendus, j&rsquo;en suis s\u00fbr\u00a0\u00bb, a r\u00e9agi Guillaume en attendant de d\u00e9couvrir sa future femme.<\/p>\n<p>                        \u00ab\u00a0Mais s&rsquo;il n&rsquo;aime pas, c&rsquo;est la catastrophe\u00a0\u00bb : Sophie fait une entr\u00e9e insolite dans Mari\u00e9s au premier regard 2025<\/p>\n<p>De son c\u00f4t\u00e9, Sophie a d\u00fb prendre son mal en patience avant d&rsquo;entrer en piste. \u00ab\u00a0\u00c7a fait des mois que j&rsquo;attends et \u00e7a y est, c&rsquo;est le moment. J&rsquo;ai mon corps qui est en \u00e9bullition, \u00e7a commence \u00e0 trembler. Je r\u00e9alise que je vais me marier\u00a0\u00bb, a comment\u00e9 la danseuse, <a href=\"https:\/\/www.programme-tv.net\/news\/tele-realite\/374241-il-m-a-filmee-en-train-de-hurler-de-douleur-sophie-maries-au-premier-regard-2025-raconte-l-enfer-qu-elle-a-subit-avec-son-ex\/\" data-api-deeplink=\"teleloisirs:\/\/news\/374241\" target=\"_blank\" rel=\"noopener\">au pass\u00e9 amoureux douloureux<\/a>. \u00c0 quelques minutes de rencontrer l&rsquo;homme avec qui elle est compatible \u00e0 77 %, Sophie a annonc\u00e9 qu&rsquo;elle allait faire une entr\u00e9e pas comme les autres sur le lieu du mariage. \u00ab\u00a0<b>Je ne voulais pas faire une entr\u00e9e toute simple.<\/b> Pour moi, ce n&rsquo;est pas moi\u00a0\u00bb, \u00ab\u00a0Mais s&rsquo;il n&rsquo;aime pas, c&rsquo;est la catastrophe\u00a0\u00bb, a gliss\u00e9 la mari\u00e9e en plein stress. Elle s&rsquo;est<a href=\"https:\/\/www.programme-tv.net\/news\/tele-realite\/375088-sophie-maries-au-premier-regard-9-decide-de-faire-une-entree-totalement-inedite-dans-le-prochain-episode\/\" data-api-deeplink=\"teleloisirs:\/\/news\/375088\" target=\"_blank\" rel=\"noopener\"> ensuite avanc\u00e9e devant l&rsquo;autel en dansant<\/a>, afin de montrer sa personnalit\u00e9 \u00e0 Guillaume et de marquer les esprits.<\/p>\n","protected":false},"excerpt":{"rendered":"Dans le 6e \u00e9pisode de Mari\u00e9s au premier regard 2025 diffus\u00e9 ce lundi 7 avril sur M6, Guillaume,&hellip;\n","protected":false},"author":2,"featured_media":10762,"comment_status":"","ping_status":"","sticky":false,"template":"","format":"standard","meta":{"footnotes":""},"categories":[1356],"tags":[244,58,59,1011,27,5212,494,5214,5213,252,1364],"class_list":{"0":"post-10761","1":"post","2":"type-post","3":"status-publish","4":"format-standard","5":"has-post-thumbnail","7":"category-television","8":"tag-commentaire","9":"tag-divertissement","10":"tag-entertainment","11":"tag-fr","12":"tag-france","13":"tag-guillaume-mariu00e9s-au-premier-regard-9","14":"tag-m6","15":"tag-mariu00e9s-au-premier-regard","16":"tag-sophie-mariu00e9s-au-premier-regard-9","17":"tag-television","18":"tag-tv"},"share_on_mastodon":{"url":"https:\/\/pubeurope.com\/@fr\/114303538597123618","error":""},"_links":{"self":[{"href":"https:\/\/www.europesays.com\/fr\/wp-json\/wp\/v2\/posts\/10761","targetHints":{"allow":["GET"]}}],"collection":[{"href":"https:\/\/www.europesays.com\/fr\/wp-json\/wp\/v2\/posts"}],"about":[{"href":"https:\/\/www.europesays.com\/fr\/wp-json\/wp\/v2\/types\/post"}],"author":[{"embeddable":true,"href":"https:\/\/www.europesays.com\/fr\/wp-json\/wp\/v2\/users\/2"}],"replies":[{"embeddable":true,"href":"https:\/\/www.europesays.com\/fr\/wp-json\/wp\/v2\/comments?post=10761"}],"version-history":[{"count":0,"href":"https:\/\/www.europesays.com\/fr\/wp-json\/wp\/v2\/posts\/10761\/revisions"}],"wp:featuredmedia":[{"embeddable":true,"href":"https:\/\/www.europesays.com\/fr\/wp-json\/wp\/v2\/media\/10762"}],"wp:attachment":[{"href":"https:\/\/www.europesays.com\/fr\/wp-json\/wp\/v2\/media?parent=10761"}],"wp:term":[{"taxonomy":"category","embeddable":true,"href":"https:\/\/www.europesays.com\/fr\/wp-json\/wp\/v2\/categories?post=10761"},{"taxonomy":"post_tag","embeddable":true,"href":"https:\/\/www.europesays.com\/fr\/wp-json\/wp\/v2\/tags?post=10761"}],"curies":[{"name":"wp","href":"https:\/\/api.w.org\/{rel}","templated":true}]}}