{"id":107611,"date":"2025-05-17T19:03:16","date_gmt":"2025-05-17T19:03:16","guid":{"rendered":"https:\/\/www.europesays.com\/fr\/107611\/"},"modified":"2025-05-17T19:03:16","modified_gmt":"2025-05-17T19:03:16","slug":"hockey-sur-glace-ligue-magnus-cetait-simple-et-evident-pour-moi-grenoble-prolonge-son-meilleur-pointeur","status":"publish","type":"post","link":"https:\/\/www.europesays.com\/fr\/107611\/","title":{"rendered":"Hockey sur glace &#8211; Ligue Magnus. \u00ab\u00a0C\u2019\u00e9tait simple et \u00e9vident pour moi\u00a0\u00bb\u00a0: Grenoble prolonge son meilleur pointeur"},"content":{"rendered":"<p>Jusqu\u2019ici, le mercato 2025 des Br\u00fbleurs de loups s\u2019est obstin\u00e9 \u00e0 \u00e9grener la liste des d\u00e9parts (huit, <a title=\"hockey mercato BdL d\u00e9part 2 d\u00e9fenseurs\" href=\"https:\/\/www.ledauphine.com\/sport\/2025\/05\/13\/deux-nouveaux-departs-grenoble-fait-le-menage-en-defense\" target=\"_blank\" rel=\"noopener\">dont six d\u00e9fenseurs<\/a>). Et puis, cette semaine, le club grenoblois a annonc\u00e9 une premi\u00e8re recrue\u00a0: <a title=\"hockey mercato BdL arriv\u00e9e Rautanen\" href=\"https:\/\/www.ledauphine.com\/sport\/2025\/05\/15\/rautanen-premiere-recrue-des-bdl\" target=\"_blank\" rel=\"noopener\">le Finlandais Juho Rautanen, qui portera le n\u00b065<\/a> et viendra justement renforcer le secteur d\u00e9fensif.<\/p>\n<p>Et puis, ce samedi, les BdL commencent \u00e0 officialiser les prolongations de contrat au sein de leur effectif 2024-2025. Et le premier nom \u00e0 sortir sur les communiqu\u00e9s de presse et les r\u00e9seaux sociaux est un gros poisson\u00a0: Christophe Boivin (29 ans), top scorer des Is\u00e9rois lors de la saison \u00e9coul\u00e9e (84 points, toutes comp\u00e9titions confondues\u00a0: Ligue Magnus, Coupe de France et Continental Cup).<\/p>\n<p>L\u2019ancien Rouennais, arriv\u00e9 un an plus t\u00f4t au pied des Alpes et champion de France d\u00e8s sa premi\u00e8re saison, a d\u00e9cid\u00e9 de prolonger son bail \u00e0 la patinoire Polesud.<\/p>\n<p>\u00ab\u00a0Je suis heureux de prolonger \u00e0 Grenoble. Apr\u00e8s une saison comme la derni\u00e8re, c\u2019\u00e9tait simple et \u00e9vident pour moi de poursuivre et de me fixer de nouveaux objectifs\u00a0\u00bb, a r\u00e9agi le n\u00b094 des Br\u00fbleurs de loups. \u00ab\u00a0Tout d\u2019abord faire une belle prestation en CHL (Champions Hockey League) et d\u00e9montrer que le hockey fran\u00e7ais peut rivaliser avec les grosses \u00e9quipes europ\u00e9ennes. Et bien \u00e9videmment, d\u00e9fendre le titre 2025 en Ligue Magnus puisque chaque saison, nous visons le titre.\u00a0\u00bb<\/p>\n<p>Voil\u00e0 qui promet, alors que Grenoble retrouvera d\u00e8s la fin ao\u00fbt le gotha continental du hockey.<\/p>\n<p>  Une volont\u00e9 de leadership<\/p>\n<p>Plus int\u00e9ressant \u2013 et alors que les Br\u00fbleurs de loups font face cet \u00e9t\u00e9 aux retraites sportives de Kyle Hardy et <a href=\"https:\/\/www.ledauphine.com\/p\/damien-fleury\" target=\"_blank\" rel=\"noopener\">Damien Fleury<\/a> \u2013 Christophe Boivin affirme d\u00e8s sa signature sa volont\u00e9 de prendre une nouvelle ampleur\u00a0: \u00ab\u00a0Plus personnellement, j\u2019aimerais \u00eatre un leader au sein du club par mon engagement et mes qualit\u00e9s d\u2019athl\u00e8te et humaines\u00a0\u00bb, \u00e9nonce celui qui avait \u00e9t\u00e9 \u00e9lu meilleur attaquant de la saison 2024-2025 en France.<\/p>\n","protected":false},"excerpt":{"rendered":"Jusqu\u2019ici, le mercato 2025 des Br\u00fbleurs de loups s\u2019est obstin\u00e9 \u00e0 \u00e9grener la liste des d\u00e9parts (huit, dont&hellip;\n","protected":false},"author":2,"featured_media":107612,"comment_status":"","ping_status":"","sticky":false,"template":"","format":"standard","meta":{"footnotes":""},"categories":[9566],"tags":[1111,11,2430,112,1777,674,1701,1795,1011,27,2731,2732,4133,10145,108,12,25,517],"class_list":{"0":"post-107611","1":"post","2":"type-post","3":"status-publish","4":"format-standard","5":"has-post-thumbnail","7":"category-grenoble","8":"tag-actu","9":"tag-actualites","10":"tag-auvergne-rhone-alpes","11":"tag-edition-grenoble-agglomeration","12":"tag-eu","13":"tag-europe","14":"tag-fil-info-sport","15":"tag-fil-web","16":"tag-fr","17":"tag-france","18":"tag-grenoble","19":"tag-grenoble-bassin","20":"tag-hockey-sur-glace","21":"tag-hockey-sur-glace-grenoble","22":"tag-isere","23":"tag-news","24":"tag-republique-francaise","25":"tag-sport"},"share_on_mastodon":{"url":"https:\/\/pubeurope.com\/@fr\/114524730357238494","error":""},"_links":{"self":[{"href":"https:\/\/www.europesays.com\/fr\/wp-json\/wp\/v2\/posts\/107611","targetHints":{"allow":["GET"]}}],"collection":[{"href":"https:\/\/www.europesays.com\/fr\/wp-json\/wp\/v2\/posts"}],"about":[{"href":"https:\/\/www.europesays.com\/fr\/wp-json\/wp\/v2\/types\/post"}],"author":[{"embeddable":true,"href":"https:\/\/www.europesays.com\/fr\/wp-json\/wp\/v2\/users\/2"}],"replies":[{"embeddable":true,"href":"https:\/\/www.europesays.com\/fr\/wp-json\/wp\/v2\/comments?post=107611"}],"version-history":[{"count":0,"href":"https:\/\/www.europesays.com\/fr\/wp-json\/wp\/v2\/posts\/107611\/revisions"}],"wp:featuredmedia":[{"embeddable":true,"href":"https:\/\/www.europesays.com\/fr\/wp-json\/wp\/v2\/media\/107612"}],"wp:attachment":[{"href":"https:\/\/www.europesays.com\/fr\/wp-json\/wp\/v2\/media?parent=107611"}],"wp:term":[{"taxonomy":"category","embeddable":true,"href":"https:\/\/www.europesays.com\/fr\/wp-json\/wp\/v2\/categories?post=107611"},{"taxonomy":"post_tag","embeddable":true,"href":"https:\/\/www.europesays.com\/fr\/wp-json\/wp\/v2\/tags?post=107611"}],"curies":[{"name":"wp","href":"https:\/\/api.w.org\/{rel}","templated":true}]}}