{"id":1076215,"date":"2026-07-20T07:48:16","date_gmt":"2026-07-20T07:48:16","guid":{"rendered":"https:\/\/www.europesays.com\/fr\/1076215\/"},"modified":"2026-07-20T07:48:16","modified_gmt":"2026-07-20T07:48:16","slug":"toute-lactualite-du-lundi-20-juillet-2026-a-lyon","status":"publish","type":"post","link":"https:\/\/www.europesays.com\/fr\/1076215\/","title":{"rendered":"Toute l&rsquo;actualit\u00e9 du lundi 20 juillet 2026 \u00e0 Lyon"},"content":{"rendered":"<p>Retrouvez aussi le Quart d\u2019Heure Lyonnais de Lyon Demain sur les antennes de Radio Pluriel (Lyon). Radio Salam (Lyon, Saint-Etienne et Bourg) et Radio Arm\u00e9nie (Lyon et Vienne)<\/p>\n<p>\t\t\t\t<img decoding=\"async\" src=\"https:\/\/www.europesays.com\/fr\/wp-content\/uploads\/2026\/04\/1775097623_133_2-150x150.png\" alt=\"Le Quart d'heure Lyonnais\" title=\"Le Quart d'heure Lyonnais\"\/><\/p>\n<p>\n\t\t\t\t\t\tLe Quart d&rsquo;heure Lyonnais\t\t\t\t\t<\/p>\n<p>Toute l&rsquo;actualit\u00e9 du lundi 20 juillet 2026 \u00e0 Lyon<\/p>\n<p>\t\t\t\t\t\t\tPlay Episode<\/p>\n<p>\t\t\t\t\t\t\tPause Episode<\/p>\n<p>\t\t\t\t\t\t<img decoding=\"async\" src=\"https:\/\/www.lyondemain.fr\/wp-content\/plugins\/seriously-simple-podcasting\/assets\/css\/images\/player\/images\/icon-loader.svg\" alt=\"Loading\" class=\"ssp-loader hide\"\/><\/p>\n<p>\t\t\t\t\t\t\t\t\t\t\t\t\tSubscribe<br \/>\n\t\t\t\t\t\t\t\t\t\t\t\t\t\t\t\t\t\t\tShare<\/p>\n<p>\n\t\t\t\t\t\t\tEmbed\t\t\t\t\t\t<\/p>\n<blockquote class=\"&quot;wp-embedded-content&quot;\" data-secret=\"&quot;TAYq16GqIT&quot;\"><p><a href=\"&quot;https:\/\/www.lyondemain.fr\/actualite-du-lundi-20-juillet-lyon-info-recuperation-eau-de-pluie\/&quot;\">Toute l\u2019actualit\u00e9 du lundi 20 juillet 2026 \u00e0 Lyon<\/a><\/p><\/blockquote>\n<p>A la une de l\u2019info \u00e0 Lyon : L214  devant Carrefour Villeurbanne, l\u2019A7 coup\u00e9e pour les besoins de la justice, un grand parc arbor\u00e9 \u00e0 Oullins cherche son nom, Rainbeau : du mobilier urbain pour r\u00e9cup\u00e9rer l\u2019eau de pluie, hausse de fr\u00e9quentation pour FlixBus \u00e0 Lyon, une nouvelle animalerie Maxi Zoo en Presqu\u2019\u00eele, le Festival du film europ\u00e9en de retour dans le Vieux-Lyon\u2026<\/p>\n<p class=\"wp-block-paragraph\">ECOUTEZ LE 1\/4H LYONNAIS. .. Toute l\u2019actualit\u00e9 du lundi 20 juillet 2026<\/p>\n<p>LE 1\/4H LYONNAIS | lundi 20 juillet 2026<\/p>\n<p class=\"wp-block-paragraph\"><strong>Action coup de poing<\/strong> ce samedi devant le <strong>Carrefour des Gratte-Ciel \u00e0 Villeurbanne<\/strong>. Les militants de <strong>L214<\/strong> entendait ainsi d\u00e9noncer la \u00ab <strong>marchandisation \u00bb de la vie animale et l\u2019\u00e9levage intensif<\/strong>.\u00a0<\/p>\n<p class=\"wp-block-paragraph\">Attention si vous devez circuler au sud de Lyon mardi soir : l\u2019<strong>autoroute A7 <\/strong>sera en partie coup\u00e9e. Une fermeture exceptionnelle pour les besoins de la justice.\u00a0<\/p>\n<p class=\"wp-block-paragraph\">Ecoutez aussi : <a href=\"https:\/\/www.lyondemain.fr\/lv-green-eau-pluie-fraicheur-groupe-sapiens\/\" data-type=\"link\" data-id=\"https:\/\/www.lyondemain.fr\/lv-green-eau-pluie-fraicheur-groupe-sapiens\/\" target=\"_blank\" rel=\"noreferrer noopener nofollow\">LV GREEN : une cuve pour retenir l\u2019eau de pluie et la fraicheur<\/a><\/p>\n<p>Un nom pour un nouveau parc \u00e0 Oullins\u2026<\/p>\n<p class=\"wp-block-paragraph\">D\u00e8s septembre, un <strong>grand parc arbor\u00e9<\/strong> ouvrira ses portes dans le <strong>quartier de la Saulaie<\/strong>, \u00e0 Oullins.\u00a0Un v\u00e9ritable \u00eelot de fra\u00eecheur situ\u00e9 entre la future halle sportive et le centre aquatique.\u00a0Reste aussi \u00e0 lui donner un nom\u2026 Les habitants et habitantes appel\u00e9s \u00e0 choisir\u2026<\/p>\n<p class=\"wp-block-paragraph\">Face au <strong>changement climatique<\/strong>, les villes cherchent d\u00e9sesp\u00e9r\u00e9ment \u00e0 se rafra\u00eechir.\u00a0Bas\u00e9e \u00e0 <strong>Saint-Sauveur<\/strong>, en Is\u00e8re, <strong>Rainbeau<\/strong> a ainsi  imagin\u00e9 un concept audacieux. <strong>Des bancs publics, des jardini\u00e8res ou des structures d\u2019ombrage capables de capturer l\u2019eau de pluie<\/strong>, de la stocker,\u00a0puis de la redistribuer en totale autonomie aux v\u00e9g\u00e9taux qui les entourent.\u00a0<\/p>\n<p class=\"wp-block-paragraph\">Pour comprendre comment ces mobiliers intelligents parviennent \u00e0 stocker l\u2019eau tout au long de l\u2019ann\u00e9e\u00a0et \u00e0 transformer nos \u00eelots de chaleur, nous avons rencontr\u00e9 le dirigeant de <strong><a href=\"https:\/\/rainbeau.fr\/\" data-type=\"link\" data-id=\"https:\/\/rainbeau.fr\/\" target=\"_blank\" rel=\"noreferrer noopener nofollow\">Rainbeau<\/a><\/strong>, <strong>Julien Kressmann<\/strong><\/p>\n<p class=\"wp-block-paragraph\">Ecoutez aussi : <a href=\"https:\/\/www.lyondemain.fr\/mermoz-chantiers-adaptation-climat\/\" data-type=\"link\" data-id=\"https:\/\/www.lyondemain.fr\/mermoz-chantiers-adaptation-climat\/\" target=\"_blank\" rel=\"noreferrer noopener nofollow\">Mermoz : 2 chantiers pour pr\u00e9parer le quartier aux \u00e9t\u00e9s \u00e0 venir<\/a><\/p>\n<p>Egalement dans l\u2019actualit\u00e9 du lundi 20 juillet<\/p>\n<p class=\"wp-block-paragraph\">Cet \u00e9t\u00e9, vous \u00eates nombreux \u00e0 <strong>choisir le car pour partir en vacances<\/strong> depuis Lyon.\u00a0C\u2019est le constat de la compagnie allemande <strong><a href=\"https:\/\/www.flixbus.fr\/\" data-type=\"link\" data-id=\"https:\/\/www.flixbus.fr\/\" target=\"_blank\" rel=\"noreferrer noopener nofollow\">FlixBus<\/a><\/strong>, qui enregistre d\u00e9j\u00e0 une <strong>hausse de fr\u00e9quentation\u00a0estim\u00e9e entre 5 et 10 %<\/strong> au d\u00e9part de la gare routi\u00e8re de Gerland. Dans un contexte de hausse du prix des carburants\u2026<\/p>\n<p class=\"wp-block-paragraph\">Le g\u00e9ant de l\u2019<strong>animalerie <a href=\"https:\/\/www.maxizoo.fr\/\" data-type=\"link\" data-id=\"https:\/\/www.maxizoo.fr\/\" target=\"_blank\" rel=\"noreferrer noopener nofollow\">Maxi Zoo<\/a><\/strong> poursuit sa conqu\u00eate de la Presqu\u2019\u00eele.\u00a0Apr\u00e8s Confluence en janvier dernier, l\u2019enseigne ouvre aussi un tout nouveau magasin le 29 juillet.<\/p>\n<p class=\"wp-block-paragraph\">\u00c0 l\u2019Adidas Arena d\u2019Herzogenaurach, Slavia-Prague bat l\u2019OL 2-0 en match de pr\u00e9paration. L\u2019OL est en stage en Allemagne sans Malick Fofana<\/p>\n<p class=\"wp-block-paragraph\">Le <strong><a href=\"https:\/\/www.sovieuxlyon.com\/2026\/07\/10\/festival-film-europeen-cinema-vieux-lyon-2026\/\" data-type=\"link\" data-id=\"https:\/\/www.sovieuxlyon.com\/2026\/07\/10\/festival-film-europeen-cinema-vieux-lyon-2026\/\" target=\"_blank\" rel=\"noreferrer noopener nofollow\">Festival du film europ\u00e9en du Vieux-Lyon<\/a><\/strong> est de retour d\u00e8s ce soir et jusqu\u2019\u00e0 vendredi.\u00a0Pour sa deuxi\u00e8me \u00e9dition, l\u2019\u00e9v\u00e9nement investit la cour du <strong><a href=\"https:\/\/www.patrimoine-lyon.org\/secteur_unesco\/vieux-lyon\/Saint-Jean-2\/palais_saint-jean\" data-type=\"link\" data-id=\"https:\/\/www.patrimoine-lyon.org\/secteur_unesco\/vieux-lyon\/Saint-Jean-2\/palais_saint-jean\" target=\"_blank\" rel=\"noreferrer noopener nofollow\">Palais Saint-Jean<\/a><\/strong>\u00a0avec cinq soir\u00e9es en plein air. Et\u2026 ausi un parrain de choix qui ouvrira les festivit\u00e9s ce lundi<\/p>\n<p class=\"wp-block-paragraph\">Ecoutez aussi : <a href=\"https:\/\/www.lyondemain.fr\/actualite-du-vendredi-17-juillet-chantiers-mermoz-climat\/\" data-type=\"link\" data-id=\"https:\/\/www.lyondemain.fr\/actualite-du-vendredi-17-juillet-chantiers-mermoz-climat\/\" target=\"_blank\" rel=\"noreferrer noopener nofollow\">Toute l\u2019actualit\u00e9 du vendredi 17 juillet 2026 \u00e0 Lyon<\/a><\/p>\n<p><img loading=\"lazy\" decoding=\"async\" width=\"1200\" height=\"675\" src=\"https:\/\/www.europesays.com\/fr\/wp-content\/uploads\/2026\/07\/actualite-du-lundi-20-juillet-2026.jpg\" alt=\"actualit\u00e9 du lundi 20 juillet 2026 info \u00e0 Lyon\" class=\"wp-image-255147\"  \/>Retrouvez aussi le Quart d\u2019Heure Lyonnais de Lyon Demain sur les antennes de Radio Pluriel (Lyon). Radio Salam (Lyon, Saint-Etienne et Bourg) et Radio Arm\u00e9nie (Lyon et Vienne)<\/p>\n","protected":false},"excerpt":{"rendered":"Retrouvez aussi le Quart d\u2019Heure Lyonnais de Lyon Demain sur les antennes de Radio Pluriel (Lyon). Radio Salam&hellip;\n","protected":false},"author":2,"featured_media":1076216,"comment_status":"","ping_status":"","sticky":false,"template":"","format":"standard","meta":{"footnotes":"","_share_on_mastodon":"0"},"categories":[1889],"tags":[1111,11,11577,2430,20460,4304,650,111305,38478,1777,674,849,37884,1011,27,111306,13905,50690,2428,78942,111307,12,15665,35487,111308,25,5287],"class_list":["post-1076215","post","type-post","status-publish","format-standard","has-post-thumbnail","category-lyon","tag-actu","tag-actualites","tag-animaux-de-compagnie","tag-auvergne-rhone-alpes","tag-bien-etre-animal","tag-carrefour","tag-cinema","tag-comment-recuperer-leau-de-pluie","tag-cycle-de-leau","tag-eu","tag-europe","tag-festival","tag-flixbus","tag-fr","tag-france","tag-julien-kressmann","tag-l214","tag-la-saulaie","tag-lyon","tag-maxi-zoo","tag-mobilier-urbain","tag-news","tag-oullins-pierre-benite","tag-parc-urbain","tag-rainbeau","tag-republique-francaise","tag-vieux-lyon"],"share_on_mastodon":{"url":"","error":""},"_links":{"self":[{"href":"https:\/\/www.europesays.com\/fr\/wp-json\/wp\/v2\/posts\/1076215","targetHints":{"allow":["GET"]}}],"collection":[{"href":"https:\/\/www.europesays.com\/fr\/wp-json\/wp\/v2\/posts"}],"about":[{"href":"https:\/\/www.europesays.com\/fr\/wp-json\/wp\/v2\/types\/post"}],"author":[{"embeddable":true,"href":"https:\/\/www.europesays.com\/fr\/wp-json\/wp\/v2\/users\/2"}],"replies":[{"embeddable":true,"href":"https:\/\/www.europesays.com\/fr\/wp-json\/wp\/v2\/comments?post=1076215"}],"version-history":[{"count":0,"href":"https:\/\/www.europesays.com\/fr\/wp-json\/wp\/v2\/posts\/1076215\/revisions"}],"wp:featuredmedia":[{"embeddable":true,"href":"https:\/\/www.europesays.com\/fr\/wp-json\/wp\/v2\/media\/1076216"}],"wp:attachment":[{"href":"https:\/\/www.europesays.com\/fr\/wp-json\/wp\/v2\/media?parent=1076215"}],"wp:term":[{"taxonomy":"category","embeddable":true,"href":"https:\/\/www.europesays.com\/fr\/wp-json\/wp\/v2\/categories?post=1076215"},{"taxonomy":"post_tag","embeddable":true,"href":"https:\/\/www.europesays.com\/fr\/wp-json\/wp\/v2\/tags?post=1076215"}],"curies":[{"name":"wp","href":"https:\/\/api.w.org\/{rel}","templated":true}]}}